{"id":345945,"date":"2026-09-06T15:02:21","date_gmt":"2026-09-06T15:02:21","guid":{"rendered":"https:\/\/www.europesays.com\/no\/345945\/"},"modified":"2026-09-06T15:02:21","modified_gmt":"2026-09-06T15:02:21","slug":"batulykke-vindafjord-to-til-sykehus-etter-batulykke-i-rogaland","status":"publish","type":"post","link":"https:\/\/www.europesays.com\/no\/345945\/","title":{"rendered":"B\u00e5tulykke, Vindafjord | To til sykehus etter b\u00e5tulykke i Rogaland"},"content":{"rendered":"\n<p>Tidlig s\u00f8ndag morgen melder S\u00f8rvest politidistrikt om en ulykke i Vindafjord hvor en b\u00e5t hadde g\u00e5tt p\u00e5 land.<\/p>\n<p>Det var to personer om bord i b\u00e5ten og det var de selv som varslet n\u00f8detatene.<\/p>\n<p><b>Les ogs\u00e5: <\/b><a class=\"simple-relation related-teaser article--c-eBQpMJ\" href=\"https:\/\/www.nettavisen.no\/nyheter\/enebolig-overtent-i-lindesnes-fare-for-spredning\/s\/80-95-57230\" rel=\"nofollow noopener\" target=\"_blank\">Enebolig overtent i Lindesnes &#8211; fare for spredning<\/a><\/p>\n<p>I f\u00f8rste melding ble personene beskrevet som \u00abv\u00e5kne og bevisste\u00bb ved brannvesenets ankomst.<\/p>\n<p>I en ny melding klokken 06.08 opplyser politiet at begge er skadd.<\/p>\n<p>En av dem er fl\u00f8yet til Stavanger Universitetssykehus, mens den andre personen er kj\u00f8rt til sykehuset i Haugesund. Skadegraden er ukjent.<\/p>\n<p>B\u00e5ten de krasjet med var en \u00e5pen fritidsb\u00e5t.<\/p>\n","protected":false},"excerpt":{"rendered":"Tidlig s\u00f8ndag morgen melder S\u00f8rvest politidistrikt om en ulykke i Vindafjord hvor en b\u00e5t hadde g\u00e5tt p\u00e5 land.&hellip;\n","protected":false},"author":2,"featured_media":345946,"comment_status":"","ping_status":"","sticky":false,"template":"","format":"standard","meta":{"footnotes":"","_share_on_mastodon":"0"},"categories":[5],"tags":[20,21,24,25,15,19,22,23,17,18,13,30,28,29,14,16,26,27],"class_list":["post-345945","post","type-post","status-publish","format-standard","has-post-thumbnail","category-overskrifter","tag-breaking-news","tag-breakingnews","tag-featured-news","tag-featurednews","tag-headlines","tag-hovedoppslag","tag-latest-news","tag-latestnews","tag-main-news","tag-mainnews","tag-news","tag-no","tag-norge","tag-norway","tag-nyheter","tag-overskrifter","tag-top-stories","tag-topstories"],"share_on_mastodon":{"url":"https:\/\/pubeurope.com\/@no\/117224705110233520","error":""},"_links":{"self":[{"href":"https:\/\/www.europesays.com\/no\/wp-json\/wp\/v2\/posts\/345945","targetHints":{"allow":["GET"]}}],"collection":[{"href":"https:\/\/www.europesays.com\/no\/wp-json\/wp\/v2\/posts"}],"about":[{"href":"https:\/\/www.europesays.com\/no\/wp-json\/wp\/v2\/types\/post"}],"author":[{"embeddable":true,"href":"https:\/\/www.europesays.com\/no\/wp-json\/wp\/v2\/users\/2"}],"replies":[{"embeddable":true,"href":"https:\/\/www.europesays.com\/no\/wp-json\/wp\/v2\/comments?post=345945"}],"version-history":[{"count":0,"href":"https:\/\/www.europesays.com\/no\/wp-json\/wp\/v2\/posts\/345945\/revisions"}],"wp:featuredmedia":[{"embeddable":true,"href":"https:\/\/www.europesays.com\/no\/wp-json\/wp\/v2\/media\/345946"}],"wp:attachment":[{"href":"https:\/\/www.europesays.com\/no\/wp-json\/wp\/v2\/media?parent=345945"}],"wp:term":[{"taxonomy":"category","embeddable":true,"href":"https:\/\/www.europesays.com\/no\/wp-json\/wp\/v2\/categories?post=345945"},{"taxonomy":"post_tag","embeddable":true,"href":"https:\/\/www.europesays.com\/no\/wp-json\/wp\/v2\/tags?post=345945"}],"curies":[{"name":"wp","href":"https:\/\/api.w.org\/{rel}","templated":true}]}}