{"id":345955,"date":"2026-09-06T15:09:15","date_gmt":"2026-09-06T15:09:15","guid":{"rendered":"https:\/\/www.europesays.com\/no\/345955\/"},"modified":"2026-09-06T15:09:15","modified_gmt":"2026-09-06T15:09:15","slug":"fotballprofilen-aron-donnum-i-sorg-mistet-moren","status":"publish","type":"post","link":"https:\/\/www.europesays.com\/no\/345955\/","title":{"rendered":"Fotballprofilen Aron D\u00f8nnum i sorg \u2013 mistet moren"},"content":{"rendered":"<p>\nD\u00f8nnum \u00e5pner opp om bortgangen til moren Jane Helen Skjennum Jacobsen p\u00e5   <a href=\"https:\/\/www.instagram.com\/p\/Dc8bpIvtmqo\/?utm_source=ig_web_copy_link&amp;stkn=NTc4MTIwNjQ2YQ==\" id=\"8a0afd64-dd83-4683-8971-c414d212c009\" rel=\"nofollow noopener\" target=\"_blank\">Instagram<\/a>. P\u00e5 begravelsesbyr\u00e5ets minneside kommer det fram at fotballprofilens mor gikk bort 16. august, 56 \u00e5r gammel.<\/p>\n<p>\u2013 For tre uker siden forandret livet mitt seg for alltid. Jeg mistet mammaen min. Helten min. Min trygge havn. Personen jeg alltid kunne vende meg til, uansett hva livet f\u00f8rte med seg, skriver han.<\/p>\n<p>\u2013 Jeg er knust, og jeg klarer fortsatt ikke helt \u00e5 forst\u00e5 at hun er borte. Jeg finner egentlig ikke ord som kan beskrive hvor mye jeg savner henne, fortsetter han i innlegget.<\/p>\n<p>D\u00f8nnum spilte ikke serie\u00e5pningen for Toulouse i midten av august. Han spilte en treningskamp for laget mot Hamburg dagen f\u00f8r moren gikk bort.<\/p>\n<p>Fotballprofilen har flere ganger snakket varmt om familien sin, og han har tatovert et portrett av moren p\u00e5 armen.<\/p>\n<p>\u2013 Jeg er et ekstremt familiemenneske. Det er fordi jeg har f\u00e5tt s\u00e5 mye st\u00f8tte og veiledning hele livet. Jeg har tatt valgene alene, men alltid g\u00e5tt innom dem for \u00e5 f\u00e5 tips og r\u00e5d. Vi er en veldig knyttet familie, er glade i hverandre \u2013 og sier alt til hverandre, sa D\u00f8nnum til VG i 2020.<\/p>\n<p>Jane Helen Skjennum Jacobsen stilte ogs\u00e5 opp i et VG-intervju i april for \u00e5 snakke om s\u00f8nnens fotballreise.<\/p>\n<p>\u2013 Han var en gutt som var veldig m\u00e5lbevisst. \u00abDet skal jeg pr\u00f8ve, og det skal jeg klare.\u00bb Og veldig interessert i all idrett, sa hun.<\/p>\n<p>D\u00f8nnum greide ikke sl\u00e5 seg inn i den norske VM-troppen i sommer. Han ble i juni far for f\u00f8rste gang, da han sammen med kona Celin Bizet D\u00f8nnum fikk s\u00f8nnen Gio.<\/p>\n<p>D\u00f8nnum st\u00e5r med i alt 17 landskamper. Han har kontrakt med Toulouse til neste sommer.<\/p>\n<p>(\u00a9NTB)<\/p>\n<p><script async src=\"\/\/www.instagram.com\/embed.js\"><\/script><\/p>\n","protected":false},"excerpt":{"rendered":"D\u00f8nnum \u00e5pner opp om bortgangen til moren Jane Helen Skjennum Jacobsen p\u00e5 Instagram. P\u00e5 begravelsesbyr\u00e5ets minneside kommer det&hellip;\n","protected":false},"author":2,"featured_media":345956,"comment_status":"","ping_status":"","sticky":false,"template":"","format":"standard","meta":{"footnotes":"","_share_on_mastodon":"0"},"categories":[5],"tags":[20,21,24,25,15,19,22,23,17,18,13,30,28,29,14,16,26,27],"class_list":["post-345955","post","type-post","status-publish","format-standard","has-post-thumbnail","category-overskrifter","tag-breaking-news","tag-breakingnews","tag-featured-news","tag-featurednews","tag-headlines","tag-hovedoppslag","tag-latest-news","tag-latestnews","tag-main-news","tag-mainnews","tag-news","tag-no","tag-norge","tag-norway","tag-nyheter","tag-overskrifter","tag-top-stories","tag-topstories"],"share_on_mastodon":{"url":"https:\/\/pubeurope.com\/@no\/117224732400658481","error":""},"_links":{"self":[{"href":"https:\/\/www.europesays.com\/no\/wp-json\/wp\/v2\/posts\/345955","targetHints":{"allow":["GET"]}}],"collection":[{"href":"https:\/\/www.europesays.com\/no\/wp-json\/wp\/v2\/posts"}],"about":[{"href":"https:\/\/www.europesays.com\/no\/wp-json\/wp\/v2\/types\/post"}],"author":[{"embeddable":true,"href":"https:\/\/www.europesays.com\/no\/wp-json\/wp\/v2\/users\/2"}],"replies":[{"embeddable":true,"href":"https:\/\/www.europesays.com\/no\/wp-json\/wp\/v2\/comments?post=345955"}],"version-history":[{"count":0,"href":"https:\/\/www.europesays.com\/no\/wp-json\/wp\/v2\/posts\/345955\/revisions"}],"wp:featuredmedia":[{"embeddable":true,"href":"https:\/\/www.europesays.com\/no\/wp-json\/wp\/v2\/media\/345956"}],"wp:attachment":[{"href":"https:\/\/www.europesays.com\/no\/wp-json\/wp\/v2\/media?parent=345955"}],"wp:term":[{"taxonomy":"category","embeddable":true,"href":"https:\/\/www.europesays.com\/no\/wp-json\/wp\/v2\/categories?post=345955"},{"taxonomy":"post_tag","embeddable":true,"href":"https:\/\/www.europesays.com\/no\/wp-json\/wp\/v2\/tags?post=345955"}],"curies":[{"name":"wp","href":"https:\/\/api.w.org\/{rel}","templated":true}]}}