{"id":345973,"date":"2026-09-06T15:27:18","date_gmt":"2026-09-06T15:27:18","guid":{"rendered":"https:\/\/www.europesays.com\/no\/345973\/"},"modified":"2026-09-06T15:27:18","modified_gmt":"2026-09-06T15:27:18","slug":"helge-urdal-pihl-og-kona-venter-barn-gravid-for-bryllupet","status":"publish","type":"post","link":"https:\/\/www.europesays.com\/no\/345973\/","title":{"rendered":"Helge Urdal Pihl og kona venter barn \u2013 gravid f\u00f8r bryllupet"},"content":{"rendered":"<p class=\"kicker \" style=\"\">\u00abFarmen\u00bb-Helge og kona Marie Louise strutter av lykke<\/p>\n<p class=\"subtitle \" style=\"\">Den overraskende graviditeten gjorde at bryllupsplanene m\u00e5tte endres i siste liten.<\/p>\n<p>\n    VERDENS BESTE: &#8211; Hun er bare s\u00e5 utrolig kj\u00e6rlig og tar s\u00e5 godt vare p\u00e5 alle, sier \u00abFarmen\u00bb-Helge om sin elskede og gravide kone, Marie Louise Urdal Pihl. I desember blir de foreldre for f\u00f8rste gang. Foto: Bent Are Sigvaldsen\n  <\/p>\n<p>H\u00f8ydepunktene har st\u00e5tt i k\u00f8 f\u00f8r Helge Urdal Pihl (37) og kona Marie Louise Urdal Pihl (32) hjemme i Bergen det siste \u00e5ret. Da den staute og munnrappe Nordnes-karen sjekket inn p\u00e5 \u00abFarmen\u00bb-opptak p\u00e5 seinsommeren i fjor, var han nyforlovet med Marie Louise fra Sandviken. <\/p>\n<p>        <img loading=\"lazy\" decoding=\"async\" src=\"https:\/\/www.europesays.com\/no\/wp-content\/uploads\/2026\/09\/85045557.webp\" width=\"667\" height=\"674\" alt=\"\" class=\"\" style=\"--aspect-ratio-image: 0.99; \"\/><\/p>\n<p>\n        GIFT OG GRAVID: Ingen fikk vite at Marie Louise og Helge ventet barn da de giftet seg i Mariakirken 2. mai i \u00e5r. De hadde jo nettopp f\u00e5tt vite om graviditeten selv! Foto: Harriet Vossg\u00e5rd\n    <\/p>\n<p>Da han kom ut fra g\u00e5rden, skjedde alt i raskt tempo. 2. mai giftet de seg i Mariakirken \u2013 og holdt bryllupsfest p\u00e5 Christineg\u00e5rd, bare noen steinkast fra deres \u00e6rverdige hus i Sandviken. <\/p>\n<p>Men noe like gledelig hadde skjedd like f\u00f8r. For plutselig var hun blitt gravid \u2013 bare uker f\u00f8r deres store dag!<\/p>\n<p>        <img loading=\"lazy\" decoding=\"async\" src=\"https:\/\/www.europesays.com\/no\/wp-content\/uploads\/2026\/09\/85045560.webp\" width=\"686\" height=\"460\" alt=\"\" class=\"\" style=\"--aspect-ratio-image: 1.49; \"\/><\/p>\n<p>\n        \u00c5RETS \u00abFARMEN\u00bb- GJENG: Helge (nr. 3 f.v.) er med \u00e5 skape liv og r\u00f8re p\u00e5 Odden g\u00e5rd i Telemark denne h\u00f8sten. Foto: TV2\n    <\/p>\n<p>\u00abJuks\u00bb i vinglasset\t<\/p>\n<p>\u2013 Det kom som et sjokk p\u00e5 oss begge. Vi m\u00e5tte hasteringe til hovmesteren og si at hun m\u00e5tte handle inn alkoholfritt, og at det m\u00e5tte se likt ut som det de andre i bryllupet skulle f\u00e5 servert, forteller Helge.<\/p>\n<p>        Flyktet f\u00f8r rettssaken \/\/ Foto:  Instagram, Privat, Bravo \/\/ Stemme: AI \/\/ Klipp: Nico Aagaard<\/p>\n<p>&#8211; Vi kunne ikke si fra til 90 gjester s\u00e5 tidlig i svangerskapet. Hovmesteren var dyktig og profesjonell og helte oppi alkoholfritt til meg i all hemmelighet. Jeg sk\u00e5lte og danset \u2013 som om ingenting hadde skjedd, sier Marie Louise med et smil.<\/p>\n<p>        <img loading=\"lazy\" decoding=\"async\" src=\"https:\/\/www.europesays.com\/no\/wp-content\/uploads\/2026\/09\/85045562.webp\" width=\"686\" height=\"577\" alt=\"\" class=\"\" style=\"--aspect-ratio-image: 1.19; \"\/><\/p>\n<p>\n        BLE KJENT P\u00c5 NY: Marie Louise og Helge fant hverandre igjen da de var i 20-\u00e5rene. Da de begge ble single noen \u00e5r etter, m\u00e5tte det bli de to! Foto: Bent Are Sigvaldsen\n    <\/p>\n<p>\u2013 Og jeg drakk bare fire-fem glass i bryllupet, men jeg har aldri v\u00e6rt s\u00e5 ruset f\u00f8r. Ruset p\u00e5 livet! legger Helge lattermildt til.<\/p>\n<p>        \u00abNORGES T\u00d8FFESTE\u00bb: En ny sesong av realityprogrammet er tilbake p\u00e5 NRK. Video: Nora Skavhaug\/R\u00f8d L\u00f8per, \u00abNorges t\u00f8ffeste\u00bb\/ NRK. <\/p>\n<p>Barn i desember\t<\/p>\n<p>\u00a0I \u00e5r f\u00e5r de dermed verdens beste julegave. Deres f\u00f8rste barn er ventet i desember, og han har allerede f\u00e5tt navnet Konrad \u2013 etter Helges oldefar. Paret fulgte legens r\u00e5d og slapp hemmeligheten f\u00f8rst etter tolv uker. <\/p>\n<p>        <img loading=\"lazy\" decoding=\"async\" src=\"https:\/\/www.europesays.com\/no\/wp-content\/uploads\/2026\/09\/85045574.webp\" width=\"667\" height=\"381\" alt=\"\" class=\"\" style=\"--aspect-ratio-image: 1.75; \"\/><\/p>\n<p>\n        TIDLIG FORELSKET: Privatbildene av dem som unge er montert sammen og pryder en av de tre flotte stuene i huset. Marie Louise og Helge m\u00f8ttes f\u00f8rste gang for 25 \u00e5r siden \u2013 p\u00e5 danseskolen. Hun ble forelsket ved f\u00f8rste blikk! Foto: Privat\n    <\/p>\n<p>\u2013 Da folk begynte \u00e5 regne p\u00e5 det, s\u00e5 skj\u00f8nte de jo at jeg var gravid i bryllupet, sier Marie Louise lurt \u2013 n\u00e5 med en tydelig og nydelig kul p\u00e5 magen.<\/p>\n<p>    <a itemprop=\"url\" href=\"https:\/\/www.seher.no\/kjendis\/matte-beklage-etter-darlig-oppforsel\/85039947\" rel=\"nofollow noopener\" target=\"_blank\"><\/p>\n<p>        <img loading=\"lazy\" decoding=\"async\" src=\"https:\/\/www.europesays.com\/no\/wp-content\/uploads\/2026\/09\/85040318.webp\" width=\"180\" height=\"81\" alt=\"\" class=\"lazyload\" style=\"--aspect-ratio-image: 2.22; \"\/><\/p>\n<p>        M\u00e5tte beklage etter d\u00e5rlig oppf\u00f8rsel<\/p>\n<p>    <\/a><\/p>\n<p>Unge dansepartnere\t<\/p>\n<p>\u00a0De to bergenserne har v\u00e6rt kj\u00e6rester, samboere og n\u00e5 rette ektefolk i dr\u00f8ye tre \u00e5r. Men de har kjent hverandre mye lenger enn det. Faktisk var Marie Louise bare 7 og Helge 12 \u00e5r da de ble et par f\u00f8rste gang. Da ble de satt sammen som dansepar p\u00e5 Rock\u00b4n\u00b4 Rolf danseskole!<\/p>\n<p>        <img loading=\"lazy\" decoding=\"async\" src=\"https:\/\/www.europesays.com\/no\/wp-content\/uploads\/2026\/09\/85045582.webp\" width=\"686\" height=\"515\" alt=\"\" class=\"\" style=\"--aspect-ratio-image: 1.33; \"\/><\/p>\n<p>\n        \u00abFARMEN\u00bb- KROKEN: &#8211; Herfra kommer vi til \u00e5 f\u00f8lge fast med p\u00e5 \u00abFarmen\u00bb, sier Marie Louise og Helge forventningsfullt. Huset fra 1928 er fylt opp av malerier og antikviteter \u2013 samlet b\u00e5de av dem selv og Marie Louises mor. Foto: Bent Are Sigvaldsen\n    <\/p>\n<p>\u2013 Der sto jeg da \u2013 12 \u00e5r gammel sammen med denne fem \u00e5r yngre jenta som bare ser opp p\u00e5 meg, minnes Helge.<\/p>\n<p>    <a itemprop=\"url\" href=\"https:\/\/www.seher.no\/kjendis\/gladnyhet-du-har-meg-for-alltid\/85039743\" rel=\"nofollow noopener\" target=\"_blank\"><\/p>\n<p>        <img loading=\"lazy\" decoding=\"async\" src=\"https:\/\/www.europesays.com\/no\/wp-content\/uploads\/2026\/09\/85039920.webp\" width=\"180\" height=\"81\" alt=\"\" class=\"lazyload\" style=\"--aspect-ratio-image: 2.22; \"\/><\/p>\n<p>        Gladnyhet: &#8211; For alltid<\/p>\n<p>    <\/a><\/p>\n<p>\u2013 Jeg var bare s\u00e5 forelsket! innr\u00f8mmer Marie Louise med stort smil.<\/p>\n<p>Mistet kontakten\t<\/p>\n<p>De danset noen konkurranser, men med tiden gled de fra hverandre \u2013 helt til de kom opp i 20-\u00e5rene. Da vanket de i samme milj\u00f8 og var p\u00e5 samme fester \u2013 uten \u00e5 skj\u00f8nne at den tidligere dansepartneren ogs\u00e5 var der.<\/p>\n<p>        <img loading=\"lazy\" decoding=\"async\" src=\"https:\/\/www.europesays.com\/no\/wp-content\/uploads\/2026\/09\/85045584.webp\" width=\"686\" height=\"851\" alt=\"\" class=\"\" style=\"--aspect-ratio-image: 0.81; \"\/><\/p>\n<p>\n        STILFULLT: Paret har fulgt i Marie Louises mors fotspor. Flotte bilder skal ha flotte rammer. Her er Marie Louise og Helge sammen p\u00e5 Mouline Rouge i Paris. Foto: Privat\n    <\/p>\n<p>Det var ikke f\u00f8r Helge kom p\u00e5 hagefest \u2013 hvor foreldrene til Marie Louise var til stede \u2013 at moren gjorde dem oppmerksomme p\u00e5 hverandre igjen. <\/p>\n<p>    <a itemprop=\"url\" href=\"https:\/\/www.seher.no\/kjendis\/roper-na-er-vi-skilt\/85042138\" rel=\"nofollow noopener\" target=\"_blank\"><\/p>\n<p>        <img loading=\"lazy\" decoding=\"async\" src=\"https:\/\/www.europesays.com\/no\/wp-content\/uploads\/2026\/09\/85042106.webp\" width=\"180\" height=\"81\" alt=\"\" class=\"lazyload\" style=\"--aspect-ratio-image: 2.22; \"\/><\/p>\n<p>        R\u00f8per: &#8211; N\u00e5 er vi skilt<\/p>\n<p>    <\/a><\/p>\n<p>P\u00e5 den tiden hadde de begge kj\u00e6rester p\u00e5 hver sin kant. Men for dr\u00f8yt tre \u00e5r siden \u2013 da begge var blitt single \u2013 \u00e5pnet det seg en luke som de bare m\u00e5tte gripe, som Helge formulerer det.<\/p>\n<p>\u2013 Vi har alltid hatt veldig god kjemi og tone, men ikke gjort noe mer med det. Men da vi f\u00f8rst fikk muligheten, skjedde det fort \u2013 og det f\u00f8ltes veldig naturlig, sier Marie Louise kj\u00e6rlig.<\/p>\n<p>        <img loading=\"lazy\" decoding=\"async\" src=\"https:\/\/www.europesays.com\/no\/wp-content\/uploads\/2026\/09\/85045588.webp\" width=\"686\" height=\"920\" alt=\"\" class=\"\" style=\"--aspect-ratio-image: 0.75; \"\/><\/p>\n<p>\n        DANSEPAR: &#8211; Jeg var s\u00e5 forelsket! innr\u00f8mmer Marie Louise om sin fem \u00e5r eldre dansepartner. Stefaren til Helges avd\u00f8de bestevenn tegnet bildet av det unge danseparet. Foto: Bent Are Sigvaldsen\n    <\/p>\n<p>Skapt av mamma\t<\/p>\n<p>N\u00e5 bor de sammen i samme hus som Helge gikk forbi da de gjenoppdaget hverandre for flere \u00e5r siden. Boligen fra 1928 i Sandviken \u2013 en liten g\u00e5tur fra Bergen sentrum \u2013 er Marie Louises barndomshjem, skapt av hennes mor som m\u00f8ysommelig ervervet seg huset bit for bit \u2013 og skapte det til slik det er i dag.<\/p>\n<p>    <a itemprop=\"url\" href=\"https:\/\/www.seher.no\/kjendis\/apner-opp-om-toff-oppvekst\/85023051\" rel=\"nofollow noopener\" target=\"_blank\"><\/p>\n<p>        <img loading=\"lazy\" decoding=\"async\" src=\"https:\/\/www.europesays.com\/no\/wp-content\/uploads\/2026\/09\/85023068.webp\" width=\"180\" height=\"81\" alt=\"\" class=\"lazyload\" style=\"--aspect-ratio-image: 2.22; \"\/><\/p>\n<p>        \u00c5pner opp om t\u00f8ff oppvekst<\/p>\n<p>    <\/a><\/p>\n<p>\u2013 Etter min mening har hun gjort en str\u00e5lende jobb. Jeg elsker det, str\u00e5ler Marie Louise.<\/p>\n<p>Helge liker ettermiddagssolen og beliggenheten \u2013 n\u00e6r b\u00e5de sj\u00f8, fjell og bysentrum.<\/p>\n<p>    <a itemprop=\"url\" href=\"https:\/\/www.seher.no\/kongelig\/smuglet-elskerinnen-inn-pa-slottet\/84979207\" rel=\"nofollow noopener\" target=\"_blank\"><\/p>\n<p>        <img loading=\"lazy\" decoding=\"async\" src=\"https:\/\/www.europesays.com\/no\/wp-content\/uploads\/2026\/09\/84979221.webp\" width=\"147\" height=\"98\" alt=\"\" class=\"lazyload\" style=\"--aspect-ratio-image: 1.50; \"\/><\/p>\n<p>        &#8211; Smuglet elskerinnen inn p\u00e5 slottet<\/p>\n<p>    <\/a><\/p>\n<p>Murer og jurist\t<\/p>\n<p>Til daglig jobber altmuligmannen b\u00e5de med reklame og muring. Han har svennebrev som murer, og har if\u00f8lge Marie Louise \u00abverdens beste sjef\u00bb, som lar ham jobbe n\u00e5r og s\u00e5 ofte han vil.<\/p>\n<p>Selv valgte hun en helt annen karrierevei og jobber i dag som advokat.<\/p>\n<p>\u2013 Vi utfyller hverandre veldig godt. Jeg er strukturert og liker administrativt arbeid p\u00e5 jobb, men kan la det flyte ordentlig hjemme. Da er det fint at Helge er der og rydder opp etter meg!<\/p>\n","protected":false},"excerpt":{"rendered":"\u00abFarmen\u00bb-Helge og kona Marie Louise strutter av lykke Den overraskende graviditeten gjorde at bryllupsplanene m\u00e5tte endres i siste&hellip;\n","protected":false},"author":2,"featured_media":345974,"comment_status":"","ping_status":"","sticky":false,"template":"","format":"standard","meta":{"footnotes":"","_share_on_mastodon":"0"},"categories":[58],"tags":[3068,183,4104,71,206,479,30,28,29,72],"class_list":["post-345973","post","type-post","status-publish","format-standard","has-post-thumbnail","category-underholdning","tag-baby","tag-bryllup","tag-eksklusivt","tag-entertainment","tag-farmen","tag-kjendis","tag-no","tag-norge","tag-norway","tag-underholdning"],"share_on_mastodon":{"url":"https:\/\/pubeurope.com\/@no\/117224804136559496","error":""},"_links":{"self":[{"href":"https:\/\/www.europesays.com\/no\/wp-json\/wp\/v2\/posts\/345973","targetHints":{"allow":["GET"]}}],"collection":[{"href":"https:\/\/www.europesays.com\/no\/wp-json\/wp\/v2\/posts"}],"about":[{"href":"https:\/\/www.europesays.com\/no\/wp-json\/wp\/v2\/types\/post"}],"author":[{"embeddable":true,"href":"https:\/\/www.europesays.com\/no\/wp-json\/wp\/v2\/users\/2"}],"replies":[{"embeddable":true,"href":"https:\/\/www.europesays.com\/no\/wp-json\/wp\/v2\/comments?post=345973"}],"version-history":[{"count":0,"href":"https:\/\/www.europesays.com\/no\/wp-json\/wp\/v2\/posts\/345973\/revisions"}],"wp:featuredmedia":[{"embeddable":true,"href":"https:\/\/www.europesays.com\/no\/wp-json\/wp\/v2\/media\/345974"}],"wp:attachment":[{"href":"https:\/\/www.europesays.com\/no\/wp-json\/wp\/v2\/media?parent=345973"}],"wp:term":[{"taxonomy":"category","embeddable":true,"href":"https:\/\/www.europesays.com\/no\/wp-json\/wp\/v2\/categories?post=345973"},{"taxonomy":"post_tag","embeddable":true,"href":"https:\/\/www.europesays.com\/no\/wp-json\/wp\/v2\/tags?post=345973"}],"curies":[{"name":"wp","href":"https:\/\/api.w.org\/{rel}","templated":true}]}}