{"id":345979,"date":"2026-09-06T15:34:14","date_gmt":"2026-09-06T15:34:14","guid":{"rendered":"https:\/\/www.europesays.com\/no\/345979\/"},"modified":"2026-09-06T15:34:14","modified_gmt":"2026-09-06T15:34:14","slug":"helle-staff-apner-opp-den-tyngste-tida-i-mitt-liv","status":"publish","type":"post","link":"https:\/\/www.europesays.com\/no\/345979\/","title":{"rendered":"Helle Staff \u00e5pner opp: &#8211; Den tyngste tida i mitt liv"},"content":{"rendered":"<p>ARENDAL (Dagbladet): Fredag kom den overraskende meldingen fra Arendal Fotball: Vegard Hansen fratrer stillingen som hovedtrener og sportssjef med umiddelbar virkning.<\/p>\n<p>I pressemeldingen <a href=\"https:\/\/www.arendalfotball.no\/nyheter\/vegard-hansen-fratrer-som-hovedtrener-sportssjef-herrer-i-arendal-fotball\" target=\"_blank\" rel=\"nofollow noopener\">opplyste<\/a> klubben at Hansen selv hadde sagt opp, og at klubben hadde akseptert b\u00e5de oppsigelsen og \u00f8nsket om \u00e5 gi seg p\u00e5 dagen.<\/p>\n<p>    <a itemprop=\"url\" href=\"https:\/\/www.dagbladet.no\/sport\/hva-sa-du-far-jeg-en-million\/83300273\" rel=\"nofollow noopener\" target=\"_blank\"><\/p>\n<p>        <img loading=\"lazy\" decoding=\"async\" src=\"https:\/\/www.europesays.com\/no\/wp-content\/uploads\/2026\/09\/1788708852_755_85115813.webp\" width=\"147\" height=\"100\" alt=\"\" class=\"lazyload\" style=\"--aspect-ratio-image: 1.47; \"\/><\/p>\n<p>        &#8211; Hva sa du?! F\u00e5r jeg \u00e9n million?<\/p>\n<p>    <\/a><\/p>\n<p>Selv om bruddet med klubben ble br\u00e5tt, beskriver Hansen avskjeden med spillergruppa som sterk.<\/p>\n<p>&#8211; Jeg hadde en fin prat med dem. Det jeg s\u00e5 p\u00e5 dem, var at de ble sjokkert. Men de ble ogs\u00e5 lei seg, i s\u00e5 stor grad at det overrasket meg, sier han.<\/p>\n<p class=\"font-weight-bold m-font-weight-bold\" data-lab-font_weight=\"font-weight-bold\">Hansen blir blank i \u00f8ynene n\u00e5r han snakker om spillerne.<\/p>\n<p>        <img loading=\"lazy\" decoding=\"async\" src=\"https:\/\/www.europesays.com\/no\/wp-content\/uploads\/2026\/09\/1788708853_692_85115568.webp\" width=\"667\" height=\"527\" alt=\"\" class=\"\" style=\"--aspect-ratio-image: 1.27; \"\/><\/p>\n<p>\n        R\u00d8RT: Vegard Hansen n\u00e5r han snakker om Arendal-spillerne. Foto: Christian August Cederblad \/ Dagbladet\n    <\/p>\n<p class=\"font-weight-bold m-font-weight-bold\" data-lab-font_weight=\"font-weight-bold\">&#8211; Jeg tenkte: \u00abDisse har jeg hatt p\u00e5 mitt lag\u00bb. Mange kom i etterkant og sa at jeg hadde hjulpet dem. Ikke bare at de hadde l\u00e6rt mye som spillere, men at de f\u00f8lte jeg hadde hjulpet dem som mennesker. Det satte jeg veldig pris p\u00e5.<\/p>\n<p>Under intervjuet tikker det inn flere meldinger fra Arendal-spillere som takker Hansen for tida de hadde sammen og \u00f8nsker ham lykke til videre.<\/p>\n<p class=\"font-weight-bold m-font-weight-bold\" data-lab-font_weight=\"font-weight-bold\">N\u00e5 utdyper Hansen hvorfor han valgte \u00e5 gi seg.<\/p>\n<p>        <img loading=\"lazy\" decoding=\"async\" src=\"https:\/\/www.europesays.com\/no\/wp-content\/uploads\/2026\/09\/1788708854_437_85115614.webp\" width=\"667\" height=\"674\" alt=\"\" class=\"\" style=\"--aspect-ratio-image: 0.99; \"\/><\/p>\n<p>\n        SNAKKER UT: Dagbladet m\u00f8ter Vegard Hansen i leiligheten ved Arendals gjestehavn. Foto: Christian August Cederblad \/ Dagbladet\n    <\/p>\n<p>&#8211; Dramatisk<\/p>\n<p>&#8211; Det er en oppbygging av frustrasjon. Det er gjennomtenkt. Selv om det ble p\u00e5 dagen, var ikke dette noe impulsivt. Det er noe jeg har snakket med klubben om i lang tid, sier Hansen til Dagbladet.<\/p>\n<p class=\"no_italic m-no_italic\" data-lab-italic=\"\">Han erkjenner at det kan framst\u00e5 dramatisk.<\/p>\n<p>&#8211; Ja, det var for s\u00e5 vidt dramatisk. Jeg kunne sittet \u00e5ret ut, men det ville jeg ikke, sier han.<\/p>\n<p>Selve oppsigelsen beskriver han slik:<\/p>\n<p>&#8211; Akkurat det \u00e5 si opp til styreleder var faktisk befriende.<\/p>\n<p class=\"font-weight-bold m-font-weight-bold\" data-lab-font_weight=\"font-weight-bold\">S\u00e5: Hva var det egentlig som skjedde?<\/p>\n<p>Ga klar beskjed<\/p>\n<p>I pressemeldingen fredag sa Hansen at han hadde hatt en fin tid i Arendal Fotball, men at han og klubben hadde ulike syn p\u00e5 utviklingen videre.<\/p>\n<p>&#8211; Det er en uenighet mellom klubben og meg om hva man skal prioritere, hvordan man skal jobbe, og hvordan man best skal f\u00e5 framgang i en fotballklubb, sier han n\u00e5.<\/p>\n<p class=\"italic m-italic\" data-lab-italic=\"italic\">Se hva Vegard Hansen skal framover her:<\/p>\n<p>        SLUTTET: Vegard Hansen ga seg p\u00e5 dagen som trener i Arendal. Dette skal han gj\u00f8re framover. Video: Christian August Cederblad og Ida Reian<\/p>\n<p class=\"font-weight-bold m-font-weight-bold\" data-lab-font_weight=\"font-weight-bold\">Hansen sier han hadde varslet klubben om at han kunne komme til \u00e5 trekke seg dersom veivalget ikke endret seg.<\/p>\n<p>&#8211; Jeg hadde sagt at: \u00abDere gj\u00f8r som dere vil, men da m\u00e5 jeg f\u00e5 lov til \u00e5 gj\u00f8re som jeg vil. Hvis dere velger en vei som er i en annen retning enn min, s\u00e5 kommer jeg p\u00e5 et tidspunkt til \u00e5 tenke at dette har jeg ikke lyst til lenger\u00bb.<\/p>\n<p>&#8211; Begynner p\u00e5 nytt hvert \u00e5r<\/p>\n<p>Den forhenv\u00e6rende Mj\u00f8ndalen- og Kongsvinger-treneren kom til Arendal f\u00f8r 2024-sesongen og var inne i sin tredje sesong i klubben.<\/p>\n<p class=\"font-weight-bold m-font-weight-bold\" data-lab-font_weight=\"font-weight-bold\">Han mener klubben over tid har st\u00e5tt for stille.<\/p>\n<p>&#8211; Klubben har over ganske mange \u00e5r hatt det samme budsjettet. Man havner midt p\u00e5 tabellen i 2. divisjon, og s\u00e5 mister vi ofte mange spillere. Da m\u00e5 vi signere nye igjen, og s\u00e5 f\u00f8ler jeg at man begynner p\u00e5 nytt i januar hvert \u00e5r, sier Hansen.<\/p>\n<p>57-\u00e5ringen understreker samtidig at han selv har ansvaret for de sportslige resultatene.<\/p>\n<p class=\"font-weight-bold m-font-weight-bold\" data-lab-font_weight=\"font-weight-bold\">&#8211; Jeg har v\u00e6rt her i to og et halvt \u00e5r, og jeg har ikke klart det. Budsjettet er stort nok. Vi burde v\u00e6rt h\u00f8yere. Muligheten for \u00e5 rykke opp ligger der. S\u00e5 den jobben har v\u00e6rt for d\u00e5rlig fra min side, og det har jeg v\u00e6rt \u00e6rlig p\u00e5.<\/p>\n<p>Arendal ligger i skrivende stund p\u00e5 en beskjeden 9.-plass i 2.-divisjon, avdeling 1.<\/p>\n<p>Likevel mener han at utfordringene handler om mer enn resultatene fra uke til uke.<\/p>\n<p>&#8211; Alt henger sammen med alt i en fotballklubb. Jeg mener vi m\u00e5 v\u00e6re mye mer solide og ha et bredere fundament for \u00e5 bygge klubben.<\/p>\n<p>        <img loading=\"lazy\" decoding=\"async\" src=\"https:\/\/www.europesays.com\/no\/wp-content\/uploads\/2026\/09\/1788708854_350_85115625.webp\" width=\"667\" height=\"494\" alt=\"\" class=\"\" style=\"--aspect-ratio-image: 1.35; \"\/><\/p>\n<p>\n        ENERGISK: Vegard Hansen p\u00e5 sidelinja. Her under tida som trener i Kongsvinger. Foto: Geir Olsen \/ NTB\n    <\/p>\n<p>Kritisk til \u00f8konomimodellen<\/p>\n<p>Hansen peker s\u00e6rlig p\u00e5 klubbens \u00f8konomiske modell. Han mener Arendal er blitt for avhengig av \u00e9n stor bidragsyter.<\/p>\n<p>&#8211; Det blir for s\u00e5rbart, s\u00e5nn jeg ser det, med \u00e9n stor investor. Det har v\u00e6rt en sovepute, slik jeg opplever det. Man jobber ikke hardt nok, sier han.<\/p>\n<p class=\"font-weight-bold m-font-weight-bold\" data-lab-font_weight=\"font-weight-bold\">Han mener klubben burde investert i en spesielt \u00e9n rolle for \u00e5 bygge en st\u00f8rre og mer robust \u00f8konomi.<\/p>\n<p>&#8211; Jeg ville ansatt en markedssjef og investert i det for \u00e5 bygge v\u00e5r egen solide \u00f8konomi. Det er veldig mange firmaer i Arendal som aldri er blitt kontaktet av Arendal Fotball. Det er en t\u00f8ff jobb, men jeg er helt sikker p\u00e5 at vi ville f\u00e5tt til noe.<\/p>\n<p class=\"italic m-italic\" data-lab-italic=\"italic\">Arendals styreleder svarer p\u00e5 uttalelsene lenger ned i saken.<\/p>\n<p>If\u00f8lge Hansen kunne klubben over tid l\u00f8ftet budsjettet betydelig. Han mener bedre \u00f8konomi er avgj\u00f8rende dersom Arendal skal ta steget opp.<\/p>\n<p>&#8211; Vi taper l\u00f8nnskamper mot b\u00e5de Jerv, Mj\u00f8ndalen og Brattv\u00e5g. Da f\u00e5r ikke vi de spillerne jeg har pr\u00f8vd meg p\u00e5, og de f\u00e5r bedre lag. De ligger foran oss p\u00e5 tabellen og sl\u00e5r oss. S\u00e5nn er fotballen. Da m\u00e5 vi gj\u00f8re noe med det, og ikke bare h\u00e5pe p\u00e5 at kanskje neste \u00e5r blir bedre.<\/p>\n<p>        <img loading=\"lazy\" decoding=\"async\" src=\"https:\/\/www.europesays.com\/no\/wp-content\/uploads\/2026\/09\/1788708854_977_85115621.webp\" width=\"667\" height=\"494\" alt=\"\" class=\"\" style=\"--aspect-ratio-image: 1.35; \"\/><\/p>\n<p>\n        REAGERER: Vegard Hansen savnet grep i Arendal. F\u00f8rst og fremst savnet han en markedssjef. Foto: Christian August Cederblad \/ Dagbladet\n    <\/p>\n<p>Ville bygge mer klubb  <\/p>\n<p>Hansen beskriver et \u00f8nske om \u00e5 bygge en bredere klubbstruktur rundt A-laget.<\/p>\n<p>&#8211; Jeg vil bygge en fotballklubb som kan dytte laget opp p\u00e5 et eller annet tidspunkt. Jeg ville gjerne investere n\u00e5 for \u00e5 bli bedre om to \u00e5r. Den langsiktige tankegangen tror jeg du m\u00e5 ha i en fotballklubb, sier han.<\/p>\n<p>Han mener Arendal i dag st\u00e5r for s\u00e5rbart.<\/p>\n<p>&#8211; Vi st\u00e5r og vakler p\u00e5 det ene beinet med herrefotball senior som det eneste laget v\u00e5rt. Ikke rekruttavdeling, ikke junior, ingenting. Og en s\u00e5rbar drift som har gjort oss veldig avhengige av pengene fra \u00e9n mann.<\/p>\n<p>Samtidig legger ikke Hansen skjul p\u00e5 at resultatene ikke har v\u00e6rt gode nok.<\/p>\n<p>&#8211; Resultatene taler for seg selv. Jeg har ikke v\u00e6rt i n\u00e6rheten av opprykk p\u00e5 de tre \u00e5rene, og det er totalt sett altfor d\u00e5rlig.<\/p>\n<p>        SL\u00c5TT UT: Frank L\u00f8ke (46) var sjansel\u00f8s mot Kai Robin Havnaa (37). &#8211; Han var et beist i dag, sier L\u00f8ke om motstanderen. Reporter: Christian August Cederblad \/ Dagbladet<\/p>\n<p>&#8211; Trist  <\/p>\n<p>I pressemeldingen fredag takket styreleder Lars Inge Holte Hansen for innsatsen.<\/p>\n<p>&#8211; Vi respekterer Vegard sin beslutning. Det er naturlig at det i en klubb kan v\u00e6re ulike syn p\u00e5 utviklingen av klubben. Vi takker Vegard for innsatsen, engasjementet og dedikasjonen for klubben og \u00f8nsker lykke til videre, uttalte Holte.<\/p>\n<p>Til Dagbladet utdyper styrelederen:<\/p>\n<p class=\"font-weight-bold m-font-weight-bold\" data-lab-font_weight=\"font-weight-bold\">&#8211; Det stemmer at han har p\u00e5pekt over tid at det er ting han mener vi burde gjort annerledes. Vi har hatt en utrolig krevende sesong der vi har underprestert p\u00e5 banen, s\u00e5 det er mye som kunne v\u00e6rt bedre, b\u00e5de p\u00e5 sport og andre omr\u00e5der.<\/p>\n<p class=\"italic m-italic\" data-lab-italic=\"italic\">&#8211; Hvordan er det \u00e5 miste Hansen?<\/p>\n<p>&#8211;\u00a0Det er alltid trist \u00e5 miste en trener, sier Holte, som forteller at arbeidet med \u00e5 finne en erstatter allerede er i gang.<\/p>\n<p>&#8211; S\u00e5 f\u00e5r vi se om vi finner en langsiktig l\u00f8sning n\u00e5, eller om vi m\u00e5 gj\u00f8re en kortsiktig l\u00f8sning ut \u00e5ret. N\u00e5r en trener g\u00e5r kommer det massevis av henvendelser. Det har str\u00f8mmet bra her, forteller Holte, som ikke \u00f8nsker \u00e5 navngi noen eventuelle kandidater.<\/p>\n","protected":false},"excerpt":{"rendered":"ARENDAL (Dagbladet): Fredag kom den overraskende meldingen fra Arendal Fotball: Vegard Hansen fratrer stillingen som hovedtrener og sportssjef&hellip;\n","protected":false},"author":2,"featured_media":345980,"comment_status":"","ping_status":"","sticky":false,"template":"","format":"standard","meta":{"footnotes":"","_share_on_mastodon":"0"},"categories":[58],"tags":[12364,71,3066,8990,479,2875,26444,30,28,29,3067,208,72],"class_list":["post-345979","post","type-post","status-publish","format-standard","has-post-thumbnail","category-underholdning","tag-bloggerne","tag-entertainment","tag-fodsel","tag-helle-staff","tag-kjendis","tag-mamma","tag-mammakropp","tag-no","tag-norge","tag-norway","tag-svangerskap","tag-tv-2","tag-underholdning"],"share_on_mastodon":{"url":"https:\/\/pubeurope.com\/@no\/117224831511593112","error":""},"_links":{"self":[{"href":"https:\/\/www.europesays.com\/no\/wp-json\/wp\/v2\/posts\/345979","targetHints":{"allow":["GET"]}}],"collection":[{"href":"https:\/\/www.europesays.com\/no\/wp-json\/wp\/v2\/posts"}],"about":[{"href":"https:\/\/www.europesays.com\/no\/wp-json\/wp\/v2\/types\/post"}],"author":[{"embeddable":true,"href":"https:\/\/www.europesays.com\/no\/wp-json\/wp\/v2\/users\/2"}],"replies":[{"embeddable":true,"href":"https:\/\/www.europesays.com\/no\/wp-json\/wp\/v2\/comments?post=345979"}],"version-history":[{"count":0,"href":"https:\/\/www.europesays.com\/no\/wp-json\/wp\/v2\/posts\/345979\/revisions"}],"wp:featuredmedia":[{"embeddable":true,"href":"https:\/\/www.europesays.com\/no\/wp-json\/wp\/v2\/media\/345980"}],"wp:attachment":[{"href":"https:\/\/www.europesays.com\/no\/wp-json\/wp\/v2\/media?parent=345979"}],"wp:term":[{"taxonomy":"category","embeddable":true,"href":"https:\/\/www.europesays.com\/no\/wp-json\/wp\/v2\/categories?post=345979"},{"taxonomy":"post_tag","embeddable":true,"href":"https:\/\/www.europesays.com\/no\/wp-json\/wp\/v2\/tags?post=345979"}],"curies":[{"name":"wp","href":"https:\/\/api.w.org\/{rel}","templated":true}]}}