{"id":345993,"date":"2026-09-06T15:49:23","date_gmt":"2026-09-06T15:49:23","guid":{"rendered":"https:\/\/www.europesays.com\/no\/345993\/"},"modified":"2026-09-06T15:49:23","modified_gmt":"2026-09-06T15:49:23","slug":"helgepraten-folk-kim-over-pa-a-ga-litt-saktere-a-synge-i-kor-gir-en-god-og-rolig-folelse","status":"publish","type":"post","link":"https:\/\/www.europesays.com\/no\/345993\/","title":{"rendered":"Helgepraten, Folk | Kim \u00f8ver p\u00e5 \u00e5 g\u00e5 litt saktere: \u2013 \u00c5 synge i kor gir en god og rolig f\u00f8lelse"},"content":{"rendered":"<p data-content=\"lead-text\" class=\"lead-text feature article--c-eOZvhA\">\n<p>          Kim Andr\u00e9 Tjugum-R\u00f8nningen har mer enn nok \u00e5 henge fingrene i. Med fire barn, fulltidsjobb og to kor han dirigerer er det ingen problemer med \u00e5 fylle tida. Derfor \u00f8ver han seg p\u00e5 at bra nok er akkurat det: Bra nok. Men to kvelder i uka henter han fram musikalsk pirk, sangglede og perfeksjon n\u00e5r han leder damekoret Sangria og Dalen mannskor p\u00e5 sine \u00f8vinger. \u2013 Jeg pr\u00f8vde en stund \u00e5 slutte med Dalen, men de fant ikke annen dirigent, og koret kunne ikke opph\u00f8re bare fordi jeg hadde det travelt, det ble for dumt. Og jeg er glad for det n\u00e5.\n      <\/p>\n","protected":false},"excerpt":{"rendered":"Kim Andr\u00e9 Tjugum-R\u00f8nningen har mer enn nok \u00e5 henge fingrene i. Med fire barn, fulltidsjobb og to kor&hellip;\n","protected":false},"author":2,"featured_media":345994,"comment_status":"","ping_status":"","sticky":false,"template":"","format":"standard","meta":{"footnotes":"","_share_on_mastodon":"0"},"categories":[58],"tags":[71,30,28,29,72],"class_list":["post-345993","post","type-post","status-publish","format-standard","has-post-thumbnail","category-underholdning","tag-entertainment","tag-no","tag-norge","tag-norway","tag-underholdning"],"share_on_mastodon":{"url":"https:\/\/pubeurope.com\/@no\/117224890082035693","error":""},"_links":{"self":[{"href":"https:\/\/www.europesays.com\/no\/wp-json\/wp\/v2\/posts\/345993","targetHints":{"allow":["GET"]}}],"collection":[{"href":"https:\/\/www.europesays.com\/no\/wp-json\/wp\/v2\/posts"}],"about":[{"href":"https:\/\/www.europesays.com\/no\/wp-json\/wp\/v2\/types\/post"}],"author":[{"embeddable":true,"href":"https:\/\/www.europesays.com\/no\/wp-json\/wp\/v2\/users\/2"}],"replies":[{"embeddable":true,"href":"https:\/\/www.europesays.com\/no\/wp-json\/wp\/v2\/comments?post=345993"}],"version-history":[{"count":0,"href":"https:\/\/www.europesays.com\/no\/wp-json\/wp\/v2\/posts\/345993\/revisions"}],"wp:featuredmedia":[{"embeddable":true,"href":"https:\/\/www.europesays.com\/no\/wp-json\/wp\/v2\/media\/345994"}],"wp:attachment":[{"href":"https:\/\/www.europesays.com\/no\/wp-json\/wp\/v2\/media?parent=345993"}],"wp:term":[{"taxonomy":"category","embeddable":true,"href":"https:\/\/www.europesays.com\/no\/wp-json\/wp\/v2\/categories?post=345993"},{"taxonomy":"post_tag","embeddable":true,"href":"https:\/\/www.europesays.com\/no\/wp-json\/wp\/v2\/tags?post=345993"}],"curies":[{"name":"wp","href":"https:\/\/api.w.org\/{rel}","templated":true}]}}