{"id":346011,"date":"2026-09-06T16:12:22","date_gmt":"2026-09-06T16:12:22","guid":{"rendered":"https:\/\/www.europesays.com\/no\/346011\/"},"modified":"2026-09-06T16:12:22","modified_gmt":"2026-09-06T16:12:22","slug":"jenny-slatten-rammet-av-als-kan-ikke-prate-etter-kraftig-forverring","status":"publish","type":"post","link":"https:\/\/www.europesays.com\/no\/346011\/","title":{"rendered":"Jenny Slatten rammet av ALS: Kan ikke prate etter kraftig forverring"},"content":{"rendered":"<p class=\"kicker \" style=\"\">\u00ab90 Day Fianc\u00e9\u00bb:<\/p>\n<p class=\"subtitle \" style=\"\">Jenny Slattens tilstand blir ikke bedre &#8211; n\u00e5 p\u00e5virker det b\u00e5de spr\u00e5k og mobilitet.<\/p>\n<p>\n    HOLDER SAMMEN: Sumit Singh er bekymret for kona Jenny Slatten. Dersom hun reiser til USA for behandling, risikerer de \u00e5 aldri treffes igjen. Foto: Instagram \/ @sumitjenny\n  <\/p>\n<p>Tilbake i 2019 ble TV-seere kjent med paret Jenny Slatten (68) og Sumit Singh (38). De to hadde truffet hverandre over internett, og det tok ikke lang tid f\u00f8r kj\u00e6rligheten begynte \u00e5 gro mellom dem.<\/p>\n<p>    <a itemprop=\"url\" href=\"https:\/\/www.seher.no\/kjendis\/vil-ikke-vaere-en-byrde\/84804686\" rel=\"nofollow noopener\" target=\"_blank\"><\/p>\n<p>        <img loading=\"lazy\" decoding=\"async\" src=\"https:\/\/www.europesays.com\/no\/wp-content\/uploads\/2026\/09\/84804876.webp\" width=\"147\" height=\"98\" alt=\"\" class=\"lazyload\" style=\"--aspect-ratio-image: 1.50; \"\/><\/p>\n<p>        &#8211; Vil ikke v\u00e6re en byrde<\/p>\n<p>    <\/a><\/p>\n<p>Det var bare to problemer &#8211; Jenny bodde i USA, Sumit bodde i India &#8211; og i tillegg er det en aldersforskjell p\u00e5 hele 30 \u00e5r mellom dem.<\/p>\n<p>Duoen ble f\u00f8rst kjent i serien \u00ab90 Day Fianc\u00e9: The Other Way\u00bb, en spin off-serie av \u00ab90 Day Fianc\u00e9\u00bb. I f\u00f8rstnevnte er det den amerikanske parten som velger \u00e5 flytte til utlandet for \u00e5 v\u00e6re sammen med sin utk\u00e5rede.<\/p>\n<p>        <img loading=\"lazy\" decoding=\"async\" src=\"https:\/\/www.europesays.com\/no\/wp-content\/uploads\/2026\/09\/85115275.webp\" width=\"667\" height=\"601\" alt=\"\" class=\"\" style=\"--aspect-ratio-image: 1.11; \"\/><\/p>\n<p>\n        ALVORLIG SYK: Jenny fortalte tidligere i \u00e5r at hun har f\u00e5tt diagnosen ALS. Her er hun avbildet sammen med ektemannen Sumit p\u00e5 stranden. Foto: Instagram \/ @sumitjenny\n    <\/p>\n<p>Da Jenny og Sumit bestemte seg for \u00e5 satse p\u00e5 hverandre, var det flere bekymringer. Aldersforskjellen kunne skape problemer for Sumit, s\u00e6rlig med tanke hans foreldre.<\/p>\n<p>Han var sv\u00e6rt usikker p\u00e5 om de kom til \u00e5 godta Jenny, som var n\u00e6rmere Sumits mor i alder enn hun er Sumit selv.<\/p>\n<p>        DRAMA: I \u00ab90 Day Fianc\u00e9\u00bb blir det krangling etter at Matt ligger med kj\u00e6resten mens kona sover. Video: \u00ab90 Day Fianc\u00e9\u00bb\/MAX<\/p>\n<p>Til tross for utfordringene, skulle forholdet vare. De er fremdeles sammen, men har n\u00e5 m\u00f8tt p\u00e5 nye skj\u00e6r i sj\u00f8en.<\/p>\n<p>Jenny har f\u00e5tt den alvorlige og d\u00f8delige sykdommen ALS, noe de har snakket sv\u00e6rt \u00e5pent om p\u00e5 sosiale medier.<\/p>\n<p>N\u00e5 kommer paret med en nedsl\u00e5ende oppdatering p\u00e5 Instagram.<\/p>\n<p>Sykdommen har forverret seg.<\/p>\n<p>I videoen forteller de om hvordan det g\u00e5r med Jenny. P\u00e5 et tidspunkt sp\u00f8r Sumit om hun \u00f8nsker \u00e5 si noe selv.<\/p>\n<p>&#8211; Nei, jeg kan ikke prate, svarer hun langsomt.<\/p>\n<p>    <a itemprop=\"url\" href=\"https:\/\/www.seher.no\/kjendis\/har-fatt-als\/84647533\" rel=\"nofollow noopener\" target=\"_blank\"><\/p>\n<p>        <img loading=\"lazy\" decoding=\"async\" src=\"https:\/\/www.europesays.com\/no\/wp-content\/uploads\/2026\/09\/84647616.webp\" width=\"180\" height=\"81\" alt=\"\" class=\"lazyload\" style=\"--aspect-ratio-image: 2.22; \"\/><\/p>\n<p>        &#8211; Har f\u00e5tt ALS<\/p>\n<p>    <\/a><\/p>\n<p>38-\u00e5ringen forklarer deretter at konas sykdom har utviklet seg raskt, og p\u00e5virket hennes evne til \u00e5 snakke. Det skal visst ogs\u00e5 p\u00e5virke balansen og gangen hennes.<\/p>\n<p>&#8211; Det er vanskelig for henne \u00e5 prate n\u00e5. Jeg merker ogs\u00e5 at Jenny mister styrke i ryggen, nakken, og alt, noe som gj\u00f8r det vanskeligere for henne \u00e5 holde balansen n\u00e5r hun g\u00e5r, eller gj\u00f8r noe som helst.<\/p>\n<p>        FULL KLINSJ: Amerikanske Gino er i Panama for \u00e5 m\u00f8te kj\u00e6resten Jasmine for f\u00f8rste gang i \u00ab90 Day Fianc\u00e9: Before the 90 Days\u00bb, og det g\u00e5r ikke helt etter planen. Video: Discovery + \/ R\u00f8d L\u00f8per<\/p>\n<p>Ekteparet bor i India, men har tidligere snakket om \u00e5 flytte til USA for at Jenny skal f\u00e5 bedre behandling. Sumit har imidlertid ikke f\u00e5tt godkjent visum, og de frykter at Jennys tilstand kan bli s\u00e5 d\u00e5rlig at hun ikke hadde klart \u00e5 fly tilbake til India dersom hun drar til USA alene.<\/p>\n<p>Sumit har tidligere sagt at de er redd for at ytterste konsekvens kan bli at de \u00abblir fraskilt for alltid\u00bb.<\/p>\n","protected":false},"excerpt":{"rendered":"\u00ab90 Day Fianc\u00e9\u00bb: Jenny Slattens tilstand blir ikke bedre &#8211; n\u00e5 p\u00e5virker det b\u00e5de spr\u00e5k og mobilitet. HOLDER&hellip;\n","protected":false},"author":2,"featured_media":346012,"comment_status":"","ping_status":"","sticky":false,"template":"","format":"standard","meta":{"footnotes":"","_share_on_mastodon":"0"},"categories":[58],"tags":[12581,7731,71,26456,479,2543,30,28,29,26455,72],"class_list":["post-346011","post","type-post","status-publish","format-standard","has-post-thumbnail","category-underholdning","tag-90-day-fiance","tag-als","tag-entertainment","tag-jenny-slatten","tag-kjendis","tag-kjendisdesken","tag-no","tag-norge","tag-norway","tag-sumit-singh","tag-underholdning"],"share_on_mastodon":{"url":"https:\/\/pubeurope.com\/@no\/117224980789974944","error":""},"_links":{"self":[{"href":"https:\/\/www.europesays.com\/no\/wp-json\/wp\/v2\/posts\/346011","targetHints":{"allow":["GET"]}}],"collection":[{"href":"https:\/\/www.europesays.com\/no\/wp-json\/wp\/v2\/posts"}],"about":[{"href":"https:\/\/www.europesays.com\/no\/wp-json\/wp\/v2\/types\/post"}],"author":[{"embeddable":true,"href":"https:\/\/www.europesays.com\/no\/wp-json\/wp\/v2\/users\/2"}],"replies":[{"embeddable":true,"href":"https:\/\/www.europesays.com\/no\/wp-json\/wp\/v2\/comments?post=346011"}],"version-history":[{"count":0,"href":"https:\/\/www.europesays.com\/no\/wp-json\/wp\/v2\/posts\/346011\/revisions"}],"wp:featuredmedia":[{"embeddable":true,"href":"https:\/\/www.europesays.com\/no\/wp-json\/wp\/v2\/media\/346012"}],"wp:attachment":[{"href":"https:\/\/www.europesays.com\/no\/wp-json\/wp\/v2\/media?parent=346011"}],"wp:term":[{"taxonomy":"category","embeddable":true,"href":"https:\/\/www.europesays.com\/no\/wp-json\/wp\/v2\/categories?post=346011"},{"taxonomy":"post_tag","embeddable":true,"href":"https:\/\/www.europesays.com\/no\/wp-json\/wp\/v2\/tags?post=346011"}],"curies":[{"name":"wp","href":"https:\/\/api.w.org\/{rel}","templated":true}]}}