{"id":346013,"date":"2026-09-06T16:18:17","date_gmt":"2026-09-06T16:18:17","guid":{"rendered":"https:\/\/www.europesays.com\/no\/346013\/"},"modified":"2026-09-06T16:18:17","modified_gmt":"2026-09-06T16:18:17","slug":"trumps-nye-harfarge-vekker-oppsikt-trump-er-na-brunette","status":"publish","type":"post","link":"https:\/\/www.europesays.com\/no\/346013\/","title":{"rendered":"Trumps nye h\u00e5rfarge vekker oppsikt: \u2013 Trump er n\u00e5 brunette!"},"content":{"rendered":"\n<p class=\"_lead_145nj_2 _lead_6fko5_53 layout-component text-serif-m layout-normal text-serif-l layout-component layout-wide layout-padded _wide_17hqh_1 layout-padded\">Den 80 \u00e5r gamle presidenten overrasket med en m\u00f8rkere manke enn vanlig.<\/p>\n<p><img alt=\"HEI SVEIS: Trump dukket opp med ny sveis fredag. Foto: Eric Lee \/ Reuters \/ NTB\" class=\"_image_jw3bv_65 layout-component layout-wide\" data-fullscreen- data-track-element-type=\"Article image fullscreen\" data-track-name=\"ImageFullscreen\" fetchpriority=\"high\" decoding=\"sync\" loading=\"eager\" height=\"1789\" itemprop=\"image\"  src=\"https:\/\/www.europesays.com\/no\/wp-content\/uploads\/2026\/09\/6fcbd31e-34da-3ff2-9245-b4b21d16db9d.jpeg\"  style=\"object-position:61.558250643145904% 46.590273896031306%\" width=\"2721\"\/>HEI SVEIS: Trump dukket opp med ny sveis fredag. Foto: Eric Lee \/ Reuters \/ NTB<\/p>\n<ul aria-hidden=\"true\" class=\"_images_ntbth_112\">\n<li><a class=\"_link_ntbth_117\" href=\"https:\/\/www.vg.no\/forfatter\/ida-brun\" style=\"z-index:1\" title=\"Ida Brun\" rel=\"nofollow noopener\" target=\"_blank\"><img alt=\"Bilde av Ida Brun\" class=\"_image_ntbth_93\" fetchpriority=\"low\" loading=\"lazy\" decoding=\"async\" itemprop=\"image\"  src=\"https:\/\/www.europesays.com\/no\/wp-content\/uploads\/2026\/09\/1788711496_382_78bc21fe-8bc7-43e9-80ad-fe809ccc8aac.jpeg\"  width=\"480\"\/><\/a><\/li>\n<\/ul>\n<p> Oppdatert s\u00f8ndag 6. september kl. 17:53     <\/p>\n<p class=\"_paragraph_145nj_4 _paragraph_6fko5_10 layout-component text-serif-m layout-normal text-serif-m layout-padded\">Bilder av <a href=\"https:\/\/www.vg.no\/tag\/donald-trump-2?utm_source=vg-article&amp;utm_medium=auto-tagger&amp;utm_campaign=9pen0l\" class=\"_link_145nj_39\" rel=\"nofollow noopener\" target=\"_blank\">Donald Trump<\/a> idet han gikk av Air Force One fredag, viser presidenten med en h\u00e5rfarge som fremst\u00e5r tydelig m\u00f8rkere enn hans karakteristiske blonde sveis. Det skriver <a href=\"https:\/\/www.independent.co.uk\/news\/world\/americas\/us-politics\/trump-hair-brunette-brown-b3045388.html\" class=\"_link_145nj_39\" rel=\"nofollow noopener\" target=\"_blank\">The Independent<\/a>.<\/p>\n<p class=\"_paragraph_145nj_4 _paragraph_6fko5_10 layout-component text-serif-m layout-normal text-serif-m layout-padded\">Trump ble sett vinkende til pressen p\u00e5 flyplassen i Morristown i New Jersey, if\u00f8rt m\u00f8rkebl\u00e5 dress og guloransje slips \u2013 og p\u00e5 toppen av hodet hadde han en m\u00f8rkere h\u00e5rfarge enn vanlig. <\/p>\n<p class=\"_paragraph_145nj_4 _paragraph_6fko5_10 layout-component text-serif-m layout-normal text-serif-m layout-padded\">De blonde lokkene, som har v\u00e6rt en del av Trumps karakteristiske uttrykk, er n\u00e5 byttet ut med en m\u00f8rkere manke.<\/p>\n<p><img alt=\"Den m\u00f8rke manken har f\u00e5tt en rekke reaksjoner p\u00e5 internett.  Foto: JIM WATSON \/ AFP \/ NTB\" class=\"_image_jw3bv_65 layout-component layout-normal\" data-fullscreen- data-track-element-type=\"Article image fullscreen\" data-track-name=\"ImageFullscreen\" decoding=\"async\" loading=\"lazy\" height=\"5115\" itemprop=\"image\"  src=\"https:\/\/www.europesays.com\/no\/wp-content\/uploads\/2026\/09\/d3611519-53f4-3605-abfc-e9f4b131434a.jpeg\"  style=\"object-position:51.361918415222206% 28.269794721407628%\" width=\"7673\"\/>Den m\u00f8rke manken har f\u00e5tt en rekke reaksjoner p\u00e5 internett.  Foto: JIM WATSON \/ AFP \/ NTB<\/p>\n<p class=\"_paragraph_145nj_4 _paragraph_6fko5_10 layout-component text-serif-m layout-normal text-serif-m layout-padded\"><strong class=\"_strong_145nj_25\">H\u00e5rfargen har f\u00e5tt internett til \u00e5 koke &#8211; og det er mange som fleiper med den nye sveisen. <\/strong><\/p>\n<p class=\"_paragraph_145nj_4 _paragraph_6fko5_10 layout-component text-serif-m layout-normal text-serif-m layout-padded\">Tidligere republikansk kongressmedlem Adam Kinzinger, en hyppig Trump-kritiker,<a href=\"https:\/\/x.com\/AdamKinzinger\/status\/2096389516814602350\" class=\"_link_145nj_39\" rel=\"nofollow\"> skrev p\u00e5 X<\/a>, med kun store bokstaver:<\/p>\n<p class=\"_paragraph_145nj_4 _paragraph_6fko5_10 layout-component text-serif-m layout-normal text-serif-m layout-padded\">\u2013 Dette m\u00e5 da v\u00e6re en sp\u00f8k.<\/p>\n<p class=\"_paragraph_145nj_4 _paragraph_6fko5_10 layout-component text-serif-m layout-normal text-serif-m layout-padded\">Forfatter og dramatiker Paul Rudnick kom med <a href=\"https:\/\/x.com\/PaulRudnickNY\/status\/2096347530434875554\" class=\"_link_145nj_39\" rel=\"nofollow\">en kommentar p\u00e5 X<\/a>:<\/p>\n<p class=\"_paragraph_145nj_4 _paragraph_6fko5_10 layout-component text-serif-m layout-normal text-serif-m layout-padded\">\u2013 Trump sa til stylisten sin: \u00abJeg vil se ut som seriemorderen Rex Heuermann\u00bb, skrev han, med henvisning til New York-mannen som har tilst\u00e5tt \u00e5 ha drept \u00e5tte kvinner i den s\u00e5kalte Gilgo Beach-saken.<\/p>\n<p class=\"_paragraph_145nj_4 _paragraph_6fko5_10 layout-component text-serif-m layout-normal text-serif-m layout-padded\">Forfatter <a href=\"https:\/\/x.com\/ANNELAMOTT\/status\/2096326724657250378\" class=\"_link_145nj_39\" rel=\"nofollow\">Anne Lamott skrev<\/a>: \u00abJeg elsker det. S\u00e5 ungdommelig. Veldig Pierce Brosnan\u00bb, med henvisning til James Bond-skuespilleren.<\/p>\n<p class=\"_paragraph_145nj_4 _paragraph_6fko5_10 layout-component text-serif-m layout-normal text-serif-m layout-padded\">H\u00e5ret til Trump vakte ogs\u00e5 oppsikt forrige m\u00e5ned, da den blonde manken plutselig virket lysere og tykkere. Presidenten har i flere ti\u00e5r m\u00e5ttet avvise rykter om at han bruker parykk.<\/p>\n<p class=\"_paragraph_145nj_4 _paragraph_6fko5_10 layout-component text-serif-m layout-normal text-serif-m layout-padded\">\u2013 I \u00e5revis har jeg m\u00e5ttet lide under at folk sier \u00abhan bruker parykk\u00bb. Jeg bruker ikke parykk, sa Trump i en tale i Rosehagen ved Det hvite hus onsdag, if\u00f8lge The Independent.<\/p>\n","protected":false},"excerpt":{"rendered":"Den 80 \u00e5r gamle presidenten overrasket med en m\u00f8rkere manke enn vanlig. HEI SVEIS: Trump dukket opp med&hellip;\n","protected":false},"author":2,"featured_media":346014,"comment_status":"","ping_status":"","sticky":false,"template":"","format":"standard","meta":{"footnotes":"","_share_on_mastodon":"0"},"categories":[12],"tags":[20,21,55,24,25,1534,15,22,23,13,30,28,29,14,16,26,27,42,46,43,44,45],"class_list":["post-346013","post","type-post","status-publish","format-standard","has-post-thumbnail","category-verden","tag-breaking-news","tag-breakingnews","tag-donald-trump","tag-featured-news","tag-featurednews","tag-har","tag-headlines","tag-latest-news","tag-latestnews","tag-news","tag-no","tag-norge","tag-norway","tag-nyheter","tag-overskrifter","tag-top-stories","tag-topstories","tag-verden","tag-vgai","tag-world","tag-world-news","tag-worldnews"],"share_on_mastodon":{"url":"https:\/\/pubeurope.com\/@no\/117225004638403559","error":""},"_links":{"self":[{"href":"https:\/\/www.europesays.com\/no\/wp-json\/wp\/v2\/posts\/346013","targetHints":{"allow":["GET"]}}],"collection":[{"href":"https:\/\/www.europesays.com\/no\/wp-json\/wp\/v2\/posts"}],"about":[{"href":"https:\/\/www.europesays.com\/no\/wp-json\/wp\/v2\/types\/post"}],"author":[{"embeddable":true,"href":"https:\/\/www.europesays.com\/no\/wp-json\/wp\/v2\/users\/2"}],"replies":[{"embeddable":true,"href":"https:\/\/www.europesays.com\/no\/wp-json\/wp\/v2\/comments?post=346013"}],"version-history":[{"count":0,"href":"https:\/\/www.europesays.com\/no\/wp-json\/wp\/v2\/posts\/346013\/revisions"}],"wp:featuredmedia":[{"embeddable":true,"href":"https:\/\/www.europesays.com\/no\/wp-json\/wp\/v2\/media\/346014"}],"wp:attachment":[{"href":"https:\/\/www.europesays.com\/no\/wp-json\/wp\/v2\/media?parent=346013"}],"wp:term":[{"taxonomy":"category","embeddable":true,"href":"https:\/\/www.europesays.com\/no\/wp-json\/wp\/v2\/categories?post=346013"},{"taxonomy":"post_tag","embeddable":true,"href":"https:\/\/www.europesays.com\/no\/wp-json\/wp\/v2\/tags?post=346013"}],"curies":[{"name":"wp","href":"https:\/\/api.w.org\/{rel}","templated":true}]}}