{"id":346019,"date":"2026-09-06T16:27:13","date_gmt":"2026-09-06T16:27:13","guid":{"rendered":"https:\/\/www.europesays.com\/no\/346019\/"},"modified":"2026-09-06T16:27:13","modified_gmt":"2026-09-06T16:27:13","slug":"overst-pa-putins-dodsliste-har-gatt-under-jorda","status":"publish","type":"post","link":"https:\/\/www.europesays.com\/no\/346019\/","title":{"rendered":"\u00d8verst p\u00e5 Putins \u00abd\u00f8dsliste\u00bb: Har g\u00e5tt under jorda"},"content":{"rendered":"<p class=\"subtitle \" style=\"\">Tysk v\u00e5pensjef lever i skjul etter at en russisk giftplan ble avsl\u00f8rt. &#8211; Min d\u00f8d er medregnet, sier han i nytt intervju.<\/p>\n<p>\n    LEVER I SKJUL: V\u00e5pengr\u00fcnder Stefan Thumann lever p\u00e5 hemmelig adresse. Foto: Donaustahl \/ X\n  <\/p>\n<p>    Kort fortalt<\/p>\n<p lang=\"nb-NO\">Stefan Thumann lever skjult med livvakter.<\/p>\n<p lang=\"nb-NO\">Tyske myndigheter frykter russisk attentat med gift.<\/p>\n<p lang=\"nb-NO\">Han leder Donaustahl, som leverer droner til Ukraina.<\/p>\n<p lang=\"nb-NO\">Thumann sier: \u00abTyskland og Russland er i krig\u00bb.<\/p>\n<p class=\"italic ai-disclaimer\" data-lab-italic=\"italic\">Sammendraget er laget av ChatGPT og godkjent av B\u00f8rsen.<\/p>\n<p>      Vis mer<br \/>\n      Vis mindre<\/p>\n<p>Den tyske v\u00e5pengr\u00fcnderen Stefan Thumann (39) har byttet ut familieliv og frihet med hemmelige adresser, krypterte meldinger og bev\u00e6pnede livvakter.<\/p>\n<p>Tyske sikkerhetsmyndigheter mener Thumann er et m\u00e5l for et attentat som kan knyttes til russisk etterretning.<\/p>\n<p>&#8211; Jeg er fullstendig isolert. Mine n\u00e6rmeste er ikke i n\u00e6rheten. Jeg bor alene med livvaktene mine, sier Thumann i en fersk episode av <a href=\"https:\/\/www.bild.de\/politik\/inland\/ruestungschef-stefan-thumann-deutscher-manager-versteckt-sich-vor-putin-6a9669d99452c5223822ee2f\" rel=\"nofollow noopener\" target=\"_blank\">podkasten til BILD-redakt\u00f8r Paul Ronzheimer<\/a>.<\/p>\n<p>        <img loading=\"lazy\" decoding=\"async\" src=\"https:\/\/www.europesays.com\/no\/wp-content\/uploads\/2026\/09\/85103737.webp\" width=\"686\" height=\"460\" alt=\"\" class=\"\" style=\"--aspect-ratio-image: 1.49; \"\/><\/p>\n<p>\n        PUTIN P\u00c5 TOPPM\u00d8TE: Russlands president Vladimir Putin under Shanghai Cooperation Organization-toppm\u00f8tet (SCO) i Bisjkek i Kirgisistan 1. september. Foto: Pyotr Kovalev \/ Sputnik \/ Kremlin Pool \/ AP\n    <\/p>\n<p>Skulle forgiftes\t<\/p>\n<p>Thumann er gr\u00fcnder og sjef i den tyske v\u00e5penprodusenten Donaustahl.<\/p>\n<p>Selskapet, som han grunnla i 2020, produserer blant annet angreps- og rekognoseringsdroner og leverer materiell til Ukraina. Det er nettopp disse leveransene som skal ha gjort 39-\u00e5ringen til et m\u00e5l.<\/p>\n<p>Kort tid f\u00f8r jul i fjor fikk han den f\u00f8rste advarselen fra tyske myndigheter.<\/p>\n<p class=\"font-weight-bold m-font-weight-bold\" data-lab-font_weight=\"font-weight-bold\">F\u00f8rst var beskjeden vag. Noe kunne v\u00e6re p\u00e5 gang. Timer seinere ble en person arrestert, forteller Thumann.<\/p>\n<p>        PUTIN STOPPER: Russlands president Vladimir Putin bes\u00f8kte Novosibirsk for f\u00f8rste gang siden 2018. Video: Telegram. Reporter: Vegard Kr\u00fcger \/ Dagbladet TV<\/p>\n<p><a href=\"https:\/\/www.tagesschau.de\/inland\/regional\/bayern\/br-der-fall-stefan-thumann--wie-gefaehrdet-sind-ruestungsmanager-102.html\" rel=\"nofollow noopener\" target=\"_blank\">Tagesschau<\/a> har f\u00e5tt opplysningene om attentatplanene bekreftet fra sikkerhetskilder. If\u00f8lge dem ble Thumann kartlagt, og det skal ha eksistert konkrete planer om \u00e5 drepe ham med nervegift.<\/p>\n<p>Giften det er snakk om, er Novitsjok \u2013 nervegiften som blant annet ble brukt mot den russiske opposisjonspolitikeren Aleksej Navalnyj i 2020.<\/p>\n<p>&#8211; De p\u00e5 laveste niv\u00e5 skulle bare finne ut hvor jeg var. Deretter skulle et attentat gjennomf\u00f8res med gift, sier Thumann.<\/p>\n<p>        <img loading=\"lazy\" decoding=\"async\" src=\"https:\/\/www.europesays.com\/no\/wp-content\/uploads\/2026\/09\/85108768.webp\" width=\"686\" height=\"433\" alt=\"\" class=\"\" style=\"--aspect-ratio-image: 1.58; \"\/><\/p>\n<p>\n        NAVALNYJ: Kreml-kritikeren Aleksej Navalnyj under en ankeforhandling i Moskva 30. mars 2017. Navalnyj d\u00f8de i en russisk straffekoloni i februar 2024. Foto: Kirill Kudryavtsev \/ AFP\n    <\/p>\n<p>Gjorde hjemmet til felle\t<\/p>\n<p>For \u00e5 avsl\u00f8re personer som fors\u00f8kte \u00e5 finne ham, gjorde Thumann sine offisielle adresser om til det han kaller \u00abhonningfeller\u00bb.<\/p>\n<p>Omr\u00e5dene ble kameraoverv\u00e5ket, slik at personer som lusket rundt kunne oppdages.<\/p>\n<p>If\u00f8lge Thumann gjorde dette det enkelt for myndighetene \u00e5 p\u00e5gripe en av personene som skal ha kartlagt ham. Etter hvert fikk han beskjed om hvor alvorlig situasjonen var:<\/p>\n<p>Trusselen kom fra Russland, og det sto om livet.<\/p>\n<p>If\u00f8lge <a href=\"https:\/\/www.n-tv.de\/politik\/Donaustahl-Gruender-Stefan-Thumann-auf-der-Flucht-vor-dem-russischen-Geheimdienst-id31202264.html\" rel=\"nofollow noopener\" target=\"_blank\">N-TV<\/a>\u00a0har Thumann siden levd under jorda og flyttet mellom forskjellige skjulesteder.<\/p>\n<p>&#8211; Jeg utkjemper en duell med den russiske milit\u00e6re etterretningen om livet mitt, har han tidligere sagt til RTL og Stern.<\/p>\n<p>    <a itemprop=\"url\" href=\"https:\/\/borsen.dagbladet.no\/nyheter\/ny-vending-i-arelang-hyttestrid\/85095738\" rel=\"nofollow noopener\" target=\"_blank\"><\/p>\n<p>        <img loading=\"lazy\" decoding=\"async\" src=\"https:\/\/www.europesays.com\/no\/wp-content\/uploads\/2026\/09\/85095858.webp\" width=\"180\" height=\"81\" alt=\"\" class=\"lazyload\" style=\"--aspect-ratio-image: 2.22; \"\/><\/p>\n<p>        Ny vending i \u00e5relang hyttestrid<\/p>\n<p>    <\/a><\/p>\n<p>Har medisiner klare\t<\/p>\n<p>Frykten for forgiftning preger ogs\u00e5 sikkerhetsopplegget rundt v\u00e5pensjefen.<\/p>\n<p>En av livvaktene hans er utdannet ambulansearbeider og har f\u00e5tt ekstra oppl\u00e6ring i forgiftninger. De har dessuten medisiner tilgjengelig dersom Thumann plutselig skulle vise symptomer.<\/p>\n<p>&#8211; Vi tar dette sv\u00e6rt alvorlig, sier han.<\/p>\n<p>        BISJKEK: Shanghaigruppen er samlet i Kirgisistan og sikkerheten er s\u00e5 ekstrem at folk ikke tror Vladimir Putin spiser maten han f\u00e5r servert. Video: X\/Reuters, Vegard Kr\u00fcger\/Dagbladet<\/p>\n<p>Han har ikke sett familien sin p\u00e5 flere m\u00e5neder og kommuniserer med dem gjennom krypterte meldingstjenester.<\/p>\n<p>Thumann har ogs\u00e5 gjort forberedelser for det verst tenkelige. Han har skrevet testament, fylt ut organdonorkort og laget et livstestament.<\/p>\n<p class=\"font-weight-bold m-font-weight-bold\" data-lab-font_weight=\"font-weight-bold\">&#8211; Min d\u00f8d er i hvert fall medregnet i denne historien. Det er allerede gjort forberedelser dersom jeg en dag ikke er her lenger. Det f\u00e5r ingen konsekvenser for selskapet, sier han.<\/p>\n<p>    <a itemprop=\"url\" href=\"https:\/\/borsen.dagbladet.no\/nyheter\/utestengt-pa-livstid\/85095132\" rel=\"nofollow noopener\" target=\"_blank\"><\/p>\n<p>        <img loading=\"lazy\" decoding=\"async\" src=\"https:\/\/www.europesays.com\/no\/wp-content\/uploads\/2026\/09\/1788712033_67_85095323.webp\" width=\"180\" height=\"81\" alt=\"\" class=\"lazyload\" style=\"--aspect-ratio-image: 2.22; \"\/><\/p>\n<p>        Utestengt p\u00e5 livstid<\/p>\n<p>    <\/a><\/p>\n<p>&#8211; Tyskland og Russland er i krig\t<\/p>\n<p>Thumann mener det som skjer rundt ham viser at begrepet \u00abhybridkrig\u00bb ikke lenger strekker til.<\/p>\n<p>Han g\u00e5r betydelig lenger:<\/p>\n<p>&#8211; Tyskland og Russland er i krig, sier han.<\/p>\n<p>If\u00f8lge v\u00e5pengr\u00fcnderen m\u00e5 russiske sabotasjeaksjoner p\u00e5 tysk jord betraktes som ordin\u00e6re krigshandlinger.<\/p>\n<p>&#8211; Dette er en helt normal krigshandling. Den styres og koordineres ogs\u00e5 her av de russiske v\u00e6pnede styrkene, sier Thumann.<\/p>\n<p>Det er Thumanns vurdering, ikke den tyske regjeringens offisielle beskrivelse av forholdet mellom landene.<\/p>\n","protected":false},"excerpt":{"rendered":"Tysk v\u00e5pensjef lever i skjul etter at en russisk giftplan ble avsl\u00f8rt. &#8211; Min d\u00f8d er medregnet, sier&hellip;\n","protected":false},"author":2,"featured_media":346020,"comment_status":"","ping_status":"","sticky":false,"template":"","format":"standard","meta":{"footnotes":"","_share_on_mastodon":"0"},"categories":[12],"tags":[20,21,24,25,15,22,23,13,30,28,29,14,16,26,27,489,42,186,43,44,45],"class_list":["post-346019","post","type-post","status-publish","format-standard","has-post-thumbnail","category-verden","tag-breaking-news","tag-breakingnews","tag-featured-news","tag-featurednews","tag-headlines","tag-latest-news","tag-latestnews","tag-news","tag-no","tag-norge","tag-norway","tag-nyheter","tag-overskrifter","tag-top-stories","tag-topstories","tag-ukraina","tag-verden","tag-vladimir-putin","tag-world","tag-world-news","tag-worldnews"],"share_on_mastodon":{"url":"https:\/\/pubeurope.com\/@no\/117225039887027164","error":""},"_links":{"self":[{"href":"https:\/\/www.europesays.com\/no\/wp-json\/wp\/v2\/posts\/346019","targetHints":{"allow":["GET"]}}],"collection":[{"href":"https:\/\/www.europesays.com\/no\/wp-json\/wp\/v2\/posts"}],"about":[{"href":"https:\/\/www.europesays.com\/no\/wp-json\/wp\/v2\/types\/post"}],"author":[{"embeddable":true,"href":"https:\/\/www.europesays.com\/no\/wp-json\/wp\/v2\/users\/2"}],"replies":[{"embeddable":true,"href":"https:\/\/www.europesays.com\/no\/wp-json\/wp\/v2\/comments?post=346019"}],"version-history":[{"count":0,"href":"https:\/\/www.europesays.com\/no\/wp-json\/wp\/v2\/posts\/346019\/revisions"}],"wp:featuredmedia":[{"embeddable":true,"href":"https:\/\/www.europesays.com\/no\/wp-json\/wp\/v2\/media\/346020"}],"wp:attachment":[{"href":"https:\/\/www.europesays.com\/no\/wp-json\/wp\/v2\/media?parent=346019"}],"wp:term":[{"taxonomy":"category","embeddable":true,"href":"https:\/\/www.europesays.com\/no\/wp-json\/wp\/v2\/categories?post=346019"},{"taxonomy":"post_tag","embeddable":true,"href":"https:\/\/www.europesays.com\/no\/wp-json\/wp\/v2\/tags?post=346019"}],"curies":[{"name":"wp","href":"https:\/\/api.w.org\/{rel}","templated":true}]}}