{"id":346023,"date":"2026-09-06T16:30:15","date_gmt":"2026-09-06T16:30:15","guid":{"rendered":"https:\/\/www.europesays.com\/no\/346023\/"},"modified":"2026-09-06T16:30:15","modified_gmt":"2026-09-06T16:30:15","slug":"sola-fikk-fransk-stryk-pa-hjemmebane","status":"publish","type":"post","link":"https:\/\/www.europesays.com\/no\/346023\/","title":{"rendered":"Sola fikk fransk stryk p\u00e5 hjemmebane"},"content":{"rendered":"\n<p class=\"_lead_145nj_2 _lead_6fko5_53 layout-component text-serif-m layout-normal text-serif-l layout-component layout-wide layout-padded _wide_17hqh_1 layout-padded\">Solas h\u00e5ndballkvinner startet \u00e5rets gruppespill i Champions League med \u00e5 tape 25-29 for fransk Brest i egen hall.<\/p>\n<p><img alt=\"Sola Camilla Herrem etter sluttspillfinalen i h\u00e5ndball mellom Sola og Storhamar i \u00c5senhallen 31. mai.  Foto: Carina Johansen \/ NTB.\" class=\"_image_jw3bv_65 layout-component layout-wide\" data-fullscreen- data-track-element-type=\"Article image fullscreen\" data-track-name=\"ImageFullscreen\" fetchpriority=\"high\" decoding=\"sync\" loading=\"eager\" height=\"5075\" itemprop=\"image\"  src=\"https:\/\/www.europesays.com\/no\/wp-content\/uploads\/2026\/09\/21c48591-f72e-3f36-943b-71ee99c45aed.jpeg\"  style=\"object-position:0% 0%\" width=\"7612\"\/>Sola Camilla Herrem etter sluttspillfinalen i h\u00e5ndball mellom Sola og Storhamar i \u00c5senhallen 31. mai.  Foto: Carina Johansen \/ NTB.<\/p>\n<ul aria-hidden=\"true\" class=\"_images_ntbth_112\">\n<li><a class=\"_link_ntbth_117\" href=\"https:\/\/www.vg.no\/forfatter\/ntb\" style=\"z-index:1\" title=\"NTB\" rel=\"nofollow noopener\" target=\"_blank\"><img alt=\"Bilde av NTB\" class=\"_image_ntbth_93\" fetchpriority=\"low\" loading=\"lazy\" decoding=\"async\" itemprop=\"image\"  src=\"https:\/\/www.europesays.com\/no\/wp-content\/uploads\/2026\/09\/1788712215_269_c33980b0-5d07-4027-84a1-813f90a7c8d6.jpeg\"  width=\"480\"\/><\/a><\/li>\n<\/ul>\n<p> Oppdatert s\u00f8ndag 6. september kl. 17:34     <\/p>\n<p class=\"_paragraph_145nj_4 _paragraph_6fko5_10 layout-component text-serif-m layout-normal text-serif-m layout-padded\">Brest dominerte f\u00f8r pause og ledet 19-14 halvveis. 11 minutter inn i 2. omgang ledet Brest fortsatt med fem m\u00e5l 23-18. Da tok Sola time out.<\/p>\n<p class=\"_paragraph_145nj_4 _paragraph_6fko5_10 layout-component text-serif-m layout-normal text-serif-m layout-padded\">\u2013 N\u00e5 m\u00e5 vi puste litt her, sa Sola-trener Steffen Stegavik.<\/p>\n<p class=\"_paragraph_145nj_4 _paragraph_6fko5_10 layout-component text-serif-m layout-normal text-serif-m layout-padded\">Sola pustet og tok ogs\u00e5 innp\u00e5 i de neste minuttene. Med elleve minutter igjen l\u00e5 de under med 22-25, men n\u00e6rmere enn tre m\u00e5l kom ikke hjemmelaget. Til slutt ble det tap 25-29.<\/p>\n<p class=\"_paragraph_145nj_4 _paragraph_6fko5_10 layout-component text-serif-m layout-normal text-serif-m layout-padded\">Trener Steffen Stegaviks ektefelle Camilla Herrem bidro med fire m\u00e5l fra sin posisjon p\u00e5 venstrekanten. Malin Holta ble Solas toppscorer med seks fulltreffere. Onacia Ondono ble Brests mestscorende med \u00e5tte m\u00e5l.<\/p>\n<p class=\"_paragraph_145nj_4 _paragraph_6fko5_10 layout-component text-serif-m layout-normal text-serif-m layout-padded\">Kommende torsdag skal Sola opp mot Oppsal i eliteserien. 13. september venter det ny kamp i mesterligaen. Denne gangen borte mot danske Esbjerg.<\/p>\n","protected":false},"excerpt":{"rendered":"Solas h\u00e5ndballkvinner startet \u00e5rets gruppespill i Champions League med \u00e5 tape 25-29 for fransk Brest i egen hall.&hellip;\n","protected":false},"author":2,"featured_media":346024,"comment_status":"","ping_status":"","sticky":false,"template":"","format":"standard","meta":{"footnotes":"","_share_on_mastodon":"0"},"categories":[59],"tags":[106,105,30,28,29,104,83,82],"class_list":["post-346023","post","type-post","status-publish","format-standard","has-post-thumbnail","category-sport","tag-champions-league-handball","tag-handball","tag-no","tag-norge","tag-norway","tag-sola-handball","tag-sport","tag-sports"],"share_on_mastodon":{"url":"https:\/\/pubeurope.com\/@no\/117225051595012089","error":""},"_links":{"self":[{"href":"https:\/\/www.europesays.com\/no\/wp-json\/wp\/v2\/posts\/346023","targetHints":{"allow":["GET"]}}],"collection":[{"href":"https:\/\/www.europesays.com\/no\/wp-json\/wp\/v2\/posts"}],"about":[{"href":"https:\/\/www.europesays.com\/no\/wp-json\/wp\/v2\/types\/post"}],"author":[{"embeddable":true,"href":"https:\/\/www.europesays.com\/no\/wp-json\/wp\/v2\/users\/2"}],"replies":[{"embeddable":true,"href":"https:\/\/www.europesays.com\/no\/wp-json\/wp\/v2\/comments?post=346023"}],"version-history":[{"count":0,"href":"https:\/\/www.europesays.com\/no\/wp-json\/wp\/v2\/posts\/346023\/revisions"}],"wp:featuredmedia":[{"embeddable":true,"href":"https:\/\/www.europesays.com\/no\/wp-json\/wp\/v2\/media\/346024"}],"wp:attachment":[{"href":"https:\/\/www.europesays.com\/no\/wp-json\/wp\/v2\/media?parent=346023"}],"wp:term":[{"taxonomy":"category","embeddable":true,"href":"https:\/\/www.europesays.com\/no\/wp-json\/wp\/v2\/categories?post=346023"},{"taxonomy":"post_tag","embeddable":true,"href":"https:\/\/www.europesays.com\/no\/wp-json\/wp\/v2\/tags?post=346023"}],"curies":[{"name":"wp","href":"https:\/\/api.w.org\/{rel}","templated":true}]}}