{"id":346135,"date":"2026-09-06T18:18:16","date_gmt":"2026-09-06T18:18:16","guid":{"rendered":"https:\/\/www.europesays.com\/no\/346135\/"},"modified":"2026-09-06T18:18:16","modified_gmt":"2026-09-06T18:18:16","slug":"apner-seg-om-kreftdiagnose","status":"publish","type":"post","link":"https:\/\/www.europesays.com\/no\/346135\/","title":{"rendered":"\u00c5pner seg om kreftdiagnose"},"content":{"rendered":"<p><strong>Skuespiller Bruce Campbell forteller at han har f\u00e5tt ansl\u00e5tt rundt fem \u00e5r igjen \u00e5 leve. Likevel nekter 68-\u00e5ringen \u00e5 la sykdommen stoppe ham.<\/strong><\/p>\n<p>Det melder magasinet <a href=\"https:\/\/people.com\" target=\"_blank\" rel=\"nofollow noopener\">People<\/a>, etter at \u00abEvil Dead\u00bb-skuespilleren nylig gjestet podkasten \u00abThe Adam Carolla Show\u00bb.<\/p>\n<p>Under podkastepisoden \u00e5pner Campbell opp om kreftdiagnosen og hvordan han h\u00e5ndterer situasjonen.<\/p>\n<p>\u2013 Med den typen kreft jeg har, som jeg ikke vil g\u00e5 n\u00e6rmere inn p\u00e5, er det snakk om en fem\u00e5rsavtale for \u00f8yeblikket, sier 68-\u00e5ringen.<\/p>\n<p>\u2013 Jeg har likevel bestemt meg veldig spesifikt for \u00e5 leve med det, ikke d\u00f8 av det.<\/p>\n<p>Unng\u00e5r \u00abkaninhullet\u00bb<\/p>\n<p>Campbell forklarer i podkasten at han bevisst unng\u00e5r \u00e5 grave seg ned i sykdommen p\u00e5 nettet.<\/p>\n<p>\u2013 Du kan g\u00e5 ned i et massivt kaninhull. Kreft-kaninhullet er enormt. Du kan g\u00e5 inn i fokusgrupper med 10.000 menn som har akkurat det samme som deg. Jeg vil ikke ta i det med en ti fots stang, sier han.<\/p>\n<p>        <img class=\"image__img lazyload\" itemprop=\"image\" title=\"Foto: Nicholas Hunt \/ NTB\" alt=\"KJENT SOM SKUESPILLER: Campbell er kjent fra blant annet \u00abThe Evil Dead\u00bb og \u00abBurn Notice\u00bb. Her i New York i 2017. Foto: Nicholas Hunt \/ NTB\" width=\"675\" height=\"379\" bad-src=\"https:\/\/www.europesays.com\/no\/wp-content\/uploads\/2026\/09\/19199206.webp\" fetchpriority=\"auto\" \/><\/p>\n<p>      KJENT SOM SKUESPILLER: Campbell er kjent fra blant annet \u00abThe Evil Dead\u00bb og \u00abBurn Notice\u00bb. Her i New York i 2017.<br \/>\n         Foto: Nicholas Hunt \/ NTB<\/p>\n<p>Han beskriver hverdagen som en form for \u00abwhack-a-mole\u00bb-spill, der han h\u00e5ndterer problemene som dukker opp, og g\u00e5r videre. <\/p>\n<p>Fikk beskjeden i mars<\/p>\n<p>Det var i mars at Campbell f\u00f8rst delte nyheten p\u00e5 Instagram om at han var rammet av en krefttype som kan behandles, men ikke kureres.<\/p>\n<p> Han varslet den gang at jobben m\u00e5tte vike for behandling, og at han m\u00e5tte avlyse flere messer og opptredener i l\u00f8pet av sommeren. M\u00e5let var \u00e5 bli frisk nok til \u00e5 reise p\u00e5 turn\u00e9 med den nye filmen i h\u00f8st.<\/p>\n<p>Fire m\u00e5neder senere gjestet han podkasten \u00abInside of You with Michael Rosenbaum\u00bb, hvor han fortalte at han etter forholdene hadde det s\u00e5 bra man kan ha det med kreft.<\/p>\n<p>\u2013 Jeg skal gjennomf\u00f8re behandling som jeg kan takle og som fungerer, sa han den gang, og understreket:<\/p>\n<p>\u2013 Jeg har massevis av h\u00e5p.<\/p>\n","protected":false},"excerpt":{"rendered":"Skuespiller Bruce Campbell forteller at han har f\u00e5tt ansl\u00e5tt rundt fem \u00e5r igjen \u00e5 leve. Likevel nekter 68-\u00e5ringen&hellip;\n","protected":false},"author":2,"featured_media":346136,"comment_status":"","ping_status":"","sticky":false,"template":"","format":"standard","meta":{"footnotes":"","_share_on_mastodon":"0"},"categories":[58],"tags":[71,30,28,29,72],"class_list":["post-346135","post","type-post","status-publish","format-standard","has-post-thumbnail","category-underholdning","tag-entertainment","tag-no","tag-norge","tag-norway","tag-underholdning"],"share_on_mastodon":{"url":"https:\/\/pubeurope.com\/@no\/117225475469187094","error":""},"_links":{"self":[{"href":"https:\/\/www.europesays.com\/no\/wp-json\/wp\/v2\/posts\/346135","targetHints":{"allow":["GET"]}}],"collection":[{"href":"https:\/\/www.europesays.com\/no\/wp-json\/wp\/v2\/posts"}],"about":[{"href":"https:\/\/www.europesays.com\/no\/wp-json\/wp\/v2\/types\/post"}],"author":[{"embeddable":true,"href":"https:\/\/www.europesays.com\/no\/wp-json\/wp\/v2\/users\/2"}],"replies":[{"embeddable":true,"href":"https:\/\/www.europesays.com\/no\/wp-json\/wp\/v2\/comments?post=346135"}],"version-history":[{"count":0,"href":"https:\/\/www.europesays.com\/no\/wp-json\/wp\/v2\/posts\/346135\/revisions"}],"wp:featuredmedia":[{"embeddable":true,"href":"https:\/\/www.europesays.com\/no\/wp-json\/wp\/v2\/media\/346136"}],"wp:attachment":[{"href":"https:\/\/www.europesays.com\/no\/wp-json\/wp\/v2\/media?parent=346135"}],"wp:term":[{"taxonomy":"category","embeddable":true,"href":"https:\/\/www.europesays.com\/no\/wp-json\/wp\/v2\/categories?post=346135"},{"taxonomy":"post_tag","embeddable":true,"href":"https:\/\/www.europesays.com\/no\/wp-json\/wp\/v2\/tags?post=346135"}],"curies":[{"name":"wp","href":"https:\/\/api.w.org\/{rel}","templated":true}]}}