{"id":346211,"date":"2026-09-06T20:34:25","date_gmt":"2026-09-06T20:34:25","guid":{"rendered":"https:\/\/www.europesays.com\/no\/346211\/"},"modified":"2026-09-06T20:34:25","modified_gmt":"2026-09-06T20:34:25","slug":"eggfrysing-splitter-usa-kvinner-er-vant-til-a-skjule-sa-mye","status":"publish","type":"post","link":"https:\/\/www.europesays.com\/no\/346211\/","title":{"rendered":"Eggfrysing splitter USA: \u2013 Kvinner er vant til \u00e5 skjule s\u00e5 mye"},"content":{"rendered":"\n<ul class=\"_list_145nj_3 _list_64s2r_85 _unordered_145nj_106 text-sans-m\">\n<li class=\"_item_145nj_30\">Den amerikanske politikeren Alexandria Ocasio-Cortez fryser ned egg og dokumenterer prosessen p\u00e5 Instagram.<\/li>\n<li class=\"_item_145nj_30\">Hun \u00f8nsker \u00e5 normalisere eggfrysing og kritiserer Trump-administrasjonen for \u00e5 begrense kvinners helsetilgang.<\/li>\n<li class=\"_item_145nj_30\">Olivia og Bayca, begge i 30-\u00e5rene, deler sine personlige erfaringer med VG om \u00e5 fryse egg for fremtidig familieplanlegging.<\/li>\n<\/ul>\n<p>Vis mer <\/p>\n<p class=\"_paragraph_145nj_4 _paragraph_6fko5_10 layout-component text-serif-m layout-normal text-serif-m layout-padded\">\u00abVelkommen til mitt kokkeshow. I dag lager vi egg!\u00bb <\/p>\n<p class=\"_paragraph_145nj_4 _paragraph_6fko5_10 layout-component text-serif-m layout-normal text-serif-m layout-padded\">Alexandria Ocasio-Cortez, som oftest bare omtales ved sine initialer AOC, smiler til kamera og setter en spr\u00f8yte i magen.<\/p>\n<p class=\"_paragraph_145nj_4 _paragraph_6fko5_10 layout-component text-serif-m layout-normal text-serif-m layout-padded\">36-\u00e5ringen er en av <a href=\"https:\/\/www.vg.no\/tag\/usa?utm_source=vg-article&amp;utm_medium=auto-tagger&amp;utm_campaign=n1B4kn\" class=\"_link_145nj_39\" rel=\"nofollow noopener\" target=\"_blank\">USAs<\/a> mest kjente progressive politikere og nevnes som mulig <a href=\"https:\/\/www.vg.no\/i\/j0rW7q\" data-track-element-type=\"Link\" data-track-id=\"link:j0rW7q\" class=\"_link_145nj_39\" rel=\"nofollow noopener\" target=\"_blank\">presidentkandidat for Demokratene<\/a> i 2028. Da hun 29 \u00e5r gammel ble valgt inn til Kongressen, var hun den yngste kvinnen noensinne.<\/p>\n<p class=\"_paragraph_145nj_4 _paragraph_6fko5_10 layout-component text-serif-m layout-normal text-serif-m layout-padded\">N\u00e5 fryser hun eggene sine, og deler daglig p\u00e5 Instagram:<\/p>\n<p>Foto: Skjermdump AOCs Instagram<\/p>\n<p class=\"_paragraph_145nj_4 _paragraph_6fko5_10 layout-component text-serif-m layout-normal text-serif-m layout-padded\">AOC sier hun vil normalisere eggfrysing. <\/p>\n<p class=\"_paragraph_145nj_4 _paragraph_6fko5_10 layout-component text-serif-m layout-normal text-serif-m layout-padded\">Hun mener eggfrys b\u00f8r subsidieres, og at de h\u00f8ye kostnadene i dag har gjort det \u00e5 f\u00e5 barn i USA til et klasseprivilegiumklasseprivilegiumFordeler, rettigheter eller spesielle hensyn som personer f\u00e5r bare ved \u00e5 tilh\u00f8re en h\u00f8yere sosial eller \u00f8konomisk klasse..<\/p>\n<p class=\"_paragraph_145nj_4 _paragraph_6fko5_10 layout-component text-serif-m layout-normal text-serif-m layout-padded\">Samtidig kritiserer hun Trump-administrasjonen for \u00e5 nekte kvinner reproduktiv helsehjelp, ved \u00e5 blant annet <a href=\"https:\/\/www.vg.no\/i\/W0PJ0j\" data-track-element-type=\"Link\" data-track-id=\"link:W0PJ0j\" class=\"_link_145nj_39\" rel=\"nofollow noopener\" target=\"_blank\">fjerne retten til selvbestemt abort<\/a>. <\/p>\n<p class=\"_paragraph_145nj_4 _paragraph_6fko5_10 layout-component text-serif-m layout-normal text-serif-m layout-padded\"><strong class=\"_strong_145nj_25\">Videoene skapte umiddelbart overskrifter. <\/strong><\/p>\n<p class=\"_paragraph_145nj_4 _paragraph_6fko5_10 layout-component text-serif-m layout-normal text-serif-m layout-padded\">Mange, s\u00e6rlig liberale demokrater, hyller AOC for \u00e5penheten og mener hun er et forbilde for kvinner som gj\u00f8r karriere, men som ogs\u00e5 vil ha barn. <\/p>\n<p class=\"_paragraph_145nj_4 _paragraph_6fko5_10 layout-component text-serif-m layout-normal text-serif-m layout-padded\">Mens andre, s\u00e6rlig konservative og kristne republikanere, mener hun forn\u00e6rmer kvinnens biologi og glamoriserer en l\u00f8gn om at \u00abkvinner kan f\u00e5 alt\u00bb.<\/p>\n<p class=\"_paragraph_145nj_4 _paragraph_6fko5_10 layout-component text-serif-m layout-normal text-serif-m layout-padded\"><strong class=\"_strong_145nj_25\">Mektig nettverk:<\/strong> <a href=\"https:\/\/www.vg.no\/nyheter\/i\/oE79pa\/erika-kirk-leder-en-av-usas-mektigste-nettverk-faa-flere-barn-enn-du-har-raad-til\" data-track-element-type=\"Link\" data-track-id=\"link:oE79pa\" class=\"_link_145nj_39\" rel=\"nofollow noopener\" target=\"_blank\">\u2013 F\u00e5 flere barn enn du har r\u00e5d til<\/a><\/p>\n<p><img alt=\"Foto: ALEX WROBLEWSKI \/ AFP \/ NTB\" class=\"_image_jw3bv_65 layout-component layout-normal\" data-fullscreen- data-track-element-type=\"Article image fullscreen\" data-track-name=\"ImageFullscreen\" decoding=\"async\" loading=\"lazy\" height=\"2041\" itemprop=\"image\"  src=\"https:\/\/www.europesays.com\/no\/wp-content\/uploads\/2026\/09\/6b0e5bcf-1046-3d3c-b912-7479457b1c01.jpeg\"  style=\"object-position:0% 0%\" width=\"2041\"\/>Foto: ALEX WROBLEWSKI \/ AFP \/ NTB<\/p>\n<p class=\"_paragraph_145nj_4 _paragraph_6fko5_10 layout-component text-serif-m layout-normal text-serif-m layout-padded\">AOC synes kritikken er \u00abkomisk\u00bb.<\/p>\n<p class=\"_paragraph_145nj_4 _paragraph_6fko5_10 layout-component text-serif-m layout-normal text-serif-m layout-padded\">\u2013 De sier de er pro familie, men n\u00e5r en 36-\u00e5ring snakker om \u00e5 f\u00e5 en baby, blir de plutselig sinte.<\/p>\n<p class=\"_paragraph_145nj_4 _paragraph_6fko5_10 layout-component text-serif-m layout-normal text-serif-m layout-padded\">\u2013 Hvor mange mannlige kongressmedlemmer har ikke f\u00e5tt barn n\u00e5r de er 40? Presidenten fikk sitt siste barn da han var 59 \u00e5r &#8230;, sier hun i eggfrysdagboka p\u00e5 dag seks.<\/p>\n<p class=\"_paragraph_145nj_4 _paragraph_6fko5_10 layout-component text-serif-m layout-normal text-serif-m layout-padded\">Kanskje kan man ikke f\u00e5 alt i livet, fortsetter AOC, med et lurt smil.<\/p>\n<p class=\"_paragraph_145nj_4 _paragraph_6fko5_10 layout-component text-serif-m layout-normal text-serif-m layout-padded\">\u2013 Men hemmeligheten er at man kan f\u00e5 helsikes mye.<\/p>\n<p class=\"_paragraph_145nj_4 _paragraph_6fko5_10 layout-component text-serif-m layout-normal text-serif-m layout-padded\"><strong class=\"_strong_145nj_25\">VG har m\u00f8tt to New York-kvinner midt i karrieren som nylig tok samme valg som AOC.<\/strong><\/p>\n<p class=\"_paragraph_145nj_4 _paragraph_6fko5_10 layout-component text-serif-m layout-normal text-serif-m layout-padded\"><strong class=\"_strong_145nj_25\">Dette er deres opplevelse:<\/strong><\/p>\n<p><img alt=\"Olivia Richman (37)\" class=\"_image_jw3bv_65 layout-component layout-normal\" data-fullscreen- data-track-element-type=\"Article image fullscreen\" data-track-name=\"ImageFullscreen\" decoding=\"async\" loading=\"lazy\" height=\"3110\" itemprop=\"image\"  src=\"https:\/\/www.europesays.com\/no\/wp-content\/uploads\/2026\/09\/b1a4ae6b-184b-3274-9c5b-06a374873ede.jpeg\"  style=\"object-position:0% 0%\" width=\"3110\"\/>Olivia Richman (37)<\/p>\n<p class=\"_paragraph_145nj_4 _paragraph_6fko5_10 layout-component text-serif-m layout-normal text-serif-m layout-padded\">\u2013 Jeg datet en fyr, men han var ikke klar. Jeg skj\u00f8nte at med ham ville jeg aldri f\u00e5 barn.<\/p>\n<p class=\"_paragraph_145nj_4 _paragraph_6fko5_10 layout-component text-serif-m layout-normal text-serif-m layout-padded\">Olivia Richman forteller om \u00f8yeblikket i fjor da hun tok avgj\u00f8relsen. Hun var 36, singel og barnl\u00f8s.<\/p>\n<p class=\"_paragraph_145nj_4 _paragraph_6fko5_10 layout-component text-serif-m layout-normal text-serif-m layout-padded\">N\u00e5 ville hun fryse eggene sine. <\/p>\n<p class=\"_paragraph_145nj_4 _paragraph_6fko5_10 layout-component text-serif-m layout-normal text-serif-m layout-padded\">\u2013 Det var skamfullt, p\u00e5 en m\u00e5te. Hvordan hadde jeg endt opp her, hvorfor hadde jeg ikke funnet noen?<\/p>\n<p><img alt=\"\" class=\"_image_jw3bv_65 layout-component layout-normal\" data-fullscreen- data-track-element-type=\"Article image fullscreen\" data-track-name=\"ImageFullscreen\" decoding=\"async\" loading=\"lazy\" height=\"4000\" itemprop=\"image\"  src=\"https:\/\/www.europesays.com\/no\/wp-content\/uploads\/2026\/09\/e056eef0-0656-384f-a9d5-6b2da8605165.jpeg\"  style=\"object-position:0% 0%\" width=\"6000\"\/><\/p>\n<p class=\"_paragraph_145nj_4 _paragraph_6fko5_10 layout-component text-serif-m layout-normal text-serif-m layout-padded\">Hun tar imot VG hjemme i femte etasje i en klassisk New York-byg\u00e5rd p\u00e5 Upper East Side p\u00e5 Manhattan \u2013 samme omr\u00e5de der \u00abSex og singelliv\u00bb-gjengen bor i serien.<\/p>\n<p class=\"_paragraph_145nj_4 _paragraph_6fko5_10 layout-component text-serif-m layout-normal text-serif-m layout-padded\">\u2013 Jeg s\u00e5 faktisk \u00abSex og singelliv\u00bb p\u00e5 nytt, og inns\u00e5 at de alle var 36 \u00e5r.<\/p>\n<p class=\"_paragraph_145nj_4 _paragraph_6fko5_10 layout-component text-serif-m layout-normal text-serif-m layout-padded\">\u2013 Hvis det hadde blitt lagd i dag, h\u00e5per jeg de alle ville ha fryst ned egg, ler Richman. <\/p>\n<p><img alt=\"\" class=\"_image_jw3bv_65 layout-component layout-normal\" data-fullscreen- data-track-element-type=\"Article image fullscreen\" data-track-name=\"ImageFullscreen\" decoding=\"async\" loading=\"lazy\" height=\"5407\" itemprop=\"image\"  src=\"https:\/\/www.europesays.com\/no\/wp-content\/uploads\/2026\/09\/e4c9fe84-3823-381e-94eb-3dfb0ed8a3b4.jpeg\"  style=\"object-position:0% 0%\" width=\"4000\"\/><\/p>\n<p class=\"_paragraph_145nj_4 _paragraph_6fko5_10 layout-component text-serif-m layout-normal text-serif-m layout-padded\">Richman er utdannet lege, og er influencer innen reproduktiv helse, med egen Youtube-kanal, b\u00f8ker og opplysningskampanjer. <\/p>\n<p class=\"_paragraph_145nj_4 _paragraph_6fko5_10 layout-component text-serif-m layout-normal text-serif-m layout-padded\">En fertilitetsklinikk betalte for eggfrysingen, som koster mellom 15.000 og 20.000 dollar (200.000 kroner) i USA, mot at hun dokumenterte prosessen p\u00e5 sosiale medier.<\/p>\n<p class=\"_paragraph_145nj_4 _paragraph_6fko5_10 layout-component text-serif-m layout-normal text-serif-m layout-padded\">Hun var ikke forberedt p\u00e5 hvor emosjonelt det kom til \u00e5 bli. <\/p>\n<p class=\"_paragraph_145nj_4 _paragraph_6fko5_10 layout-component text-serif-m layout-normal text-serif-m layout-padded\">\u2013 F\u00f8lelsene kom som et sjokk. <\/p>\n<p class=\"_paragraph_145nj_4 _paragraph_6fko5_10 layout-component text-serif-m layout-normal text-serif-m layout-padded\">\u2013 Jeg vil at kvinner skal vite at det er ikke noe galt med dem, det er ok \u00e5 fryse ned egg. Det betyr ikke at de er mindre verdt eller at de ikke er elsket. Det betyr bare at de tar alle forholdsregler. <\/p>\n<p><img alt=\"\" class=\"_image_jw3bv_65 layout-component layout-normal\" data-fullscreen- data-track-element-type=\"Article image fullscreen\" data-track-name=\"ImageFullscreen\" decoding=\"async\" loading=\"lazy\" height=\"3293\" itemprop=\"image\"  src=\"https:\/\/www.europesays.com\/no\/wp-content\/uploads\/2026\/09\/267fa56a-6328-30f6-803f-79da891b9711.jpeg\"  style=\"object-position:0% 0%\" width=\"3293\"\/><\/p>\n<p class=\"_paragraph_145nj_4 _paragraph_6fko5_10 layout-component text-serif-m layout-normal text-serif-m layout-padded\">Hun vet at noen ser p\u00e5 henne som en singel kvinne som velger karriere fremfor familie.<\/p>\n<p class=\"_paragraph_145nj_4 _paragraph_6fko5_10 layout-component text-serif-m layout-normal text-serif-m layout-padded\">\u2013 Men for meg er dette et veldig myndiggj\u00f8rende valg. Jeg vil ikke ha barn med en mann som er \u00abgrei nok\u00bb, og n\u00e5 har jeg kj\u00f8pt meg tid, sier Richman. <\/p>\n<p class=\"_paragraph_145nj_4 _paragraph_6fko5_10 layout-component text-serif-m layout-normal text-serif-m layout-padded\">Hun mener b\u00e5de liberale og konservative i USA b\u00f8r omfavne eggfrysing:<\/p>\n<p class=\"_paragraph_145nj_4 _paragraph_6fko5_10 layout-component text-serif-m layout-normal text-serif-m layout-padded\">Venstresiden, fordi det gir kvinner valgmuligheter. H\u00f8yresiden, fordi det i praksis er familieplanlegging.<\/p>\n<p class=\"_paragraph_145nj_4 _paragraph_6fko5_10 layout-component text-serif-m layout-normal text-serif-m layout-padded\"><strong class=\"_strong_145nj_25\">Dianas kamp:<\/strong> <a href=\"https:\/\/www.vg.no\/nyheter\/i\/93oGQE\/dianas-kamp-floey-eggene-sine-paa-tvers-av-usa-i-frykt-for-forbud-mot-assistert-befruktning\" data-track-element-type=\"Link\" data-track-id=\"link:93oGQE\" class=\"_link_145nj_39\" rel=\"nofollow noopener\" target=\"_blank\">Fl\u00f8y eggene p\u00e5 tvers av USA<\/a><\/p>\n<p><img alt=\"\" class=\"_image_jw3bv_65 layout-component layout-normal\" data-fullscreen- data-track-element-type=\"Article image fullscreen\" data-track-name=\"ImageFullscreen\" decoding=\"async\" loading=\"lazy\" height=\"3904\" itemprop=\"image\"  src=\"https:\/\/www.europesays.com\/no\/wp-content\/uploads\/2026\/09\/f2e51f7a-d61b-358b-9856-c932368cc268.jpeg\"  style=\"object-position:0% 0%\" width=\"5131\"\/><\/p>\n<p class=\"_paragraph_145nj_4 _paragraph_6fko5_10 layout-component text-serif-m layout-normal text-serif-m layout-padded\"><strong class=\"_strong_145nj_25\">For Bayca Acikalin (35) var dette noe hun hadde grublet p\u00e5 lenge.<\/strong><\/p>\n<p class=\"_paragraph_145nj_4 _paragraph_6fko5_10 layout-component text-serif-m layout-normal text-serif-m layout-padded\">Fryse eller ikke fryse? N\u00e5 eller senere \u2013 eller aldri?<\/p>\n<p class=\"_paragraph_145nj_4 _paragraph_6fko5_10 layout-component text-serif-m layout-normal text-serif-m layout-padded\">Tyrkiske Acikalin er jurist i et av verdens st\u00f8rste tekselskaper.<\/p>\n<p class=\"_paragraph_145nj_4 _paragraph_6fko5_10 layout-component text-serif-m layout-normal text-serif-m layout-padded\">I mai, da hun n\u00e6rmet seg 35 \u00e5r, bestemte hun seg. Fertiliteten synkerFertiliteten synkerKvinners eggkvalitet og fruktbarhet avtar gradvis med alderen, og nedgangen blir ofte mer merkbar etter fylte 35 \u00e5r. If\u00f8lge Helsenorge reduseres sjansen for \u00e5 bli gravid for hver m\u00e5ned, og risikoen for kromosomfeil og spontanabort \u00f8ker gradvis i slutten av 30-\u00e5rene. drastisk fra denne alderen hos kvinner. <\/p>\n<p><img alt=\"Bayca Acikalin (35)\" class=\"_image_jw3bv_65 layout-component layout-normal\" data-fullscreen- data-track-element-type=\"Article image fullscreen\" data-track-name=\"ImageFullscreen\" decoding=\"async\" loading=\"lazy\" height=\"3646\" itemprop=\"image\"  src=\"https:\/\/www.europesays.com\/no\/wp-content\/uploads\/2026\/09\/3c08e5d2-f754-3899-b006-b6a8b378d3f7.jpeg\"  style=\"object-position:0% 0%\" width=\"3646\"\/>Bayca Acikalin (35)<\/p>\n<p class=\"_paragraph_145nj_4 _paragraph_6fko5_10 layout-component text-serif-m layout-normal text-serif-m layout-padded\">\u2013 Jeg vet at jeg sannsynligvis vil ha baby p\u00e5 et tidspunkt. Men jeg har ikke lyst til \u00e5 bli alenemamma, og jeg vet ikke om jeg f\u00e5r en partner. Det er s\u00e5 mye som er usikkert. Og den dagen jeg er klar for barn, hva om jeg ikke er fertil lenger? <\/p>\n<p class=\"_paragraph_145nj_4 _paragraph_6fko5_10 layout-component text-serif-m layout-normal text-serif-m layout-padded\">\u2013 \u00c5 fryse eggene ga meg ro i sjelen. N\u00e5 holder jeg alle muligheter \u00e5pne, sier hun da vi m\u00f8ter henne i en park i Williamsburg i Brooklyn. <\/p>\n<p><img alt=\"\" class=\"_image_jw3bv_65 layout-component layout-normal\" data-fullscreen- data-track-element-type=\"Article image fullscreen\" data-track-name=\"ImageFullscreen\" decoding=\"async\" loading=\"lazy\" height=\"4000\" itemprop=\"image\"  src=\"https:\/\/www.europesays.com\/no\/wp-content\/uploads\/2026\/09\/a0e2282b-1f7c-3228-975b-72c70df33584.jpeg\"  style=\"object-position:0% 0%\" width=\"6000\"\/><\/p>\n<p class=\"_paragraph_145nj_4 _paragraph_6fko5_10 layout-component text-serif-m layout-normal text-serif-m layout-padded\">Eggfrysing er en kostbar prosess. S\u00e6rlig i USA.<\/p>\n<p class=\"_paragraph_145nj_4 _paragraph_6fko5_10 layout-component text-serif-m layout-normal text-serif-m layout-padded\">Derfor var det helt avgj\u00f8rende for Acikalin at helseforsikringen hun har gjennom jobben, dekket nesten alle utgiftene. <\/p>\n<p class=\"_paragraph_145nj_4 _paragraph_6fko5_10 layout-component text-serif-m layout-normal text-serif-m layout-padded\">Men s\u00e5 kom varslene om nedbemanning p\u00e5 jobben.<\/p>\n<p class=\"_paragraph_145nj_4 _paragraph_6fko5_10 layout-component text-serif-m layout-normal text-serif-m layout-padded\">\u2013 Det pushet meg til \u00e5 fryse eggene n\u00e5. Jeg vet ikke hvor lenge jeg f\u00e5r det dekket av forsikringen. <\/p>\n<p><img alt=\"Foto: Thomas Nilsson \/ VG\" class=\"_image_jw3bv_65 layout-component layout-normal\" data-fullscreen- data-track-element-type=\"Article image fullscreen\" data-track-name=\"ImageFullscreen\" decoding=\"async\" loading=\"lazy\" height=\"4000\" itemprop=\"image\"  src=\"https:\/\/www.europesays.com\/no\/wp-content\/uploads\/2026\/09\/3dbce418-6093-3f28-9e50-f006bc34ca15.jpeg\"  style=\"object-position:0% 0%\" width=\"4000\"\/>Foto: Thomas Nilsson \/ VG<\/p>\n<p class=\"_paragraph_145nj_4 _paragraph_6fko5_10 layout-component text-serif-m layout-normal text-serif-m layout-padded\"><strong class=\"_strong_145nj_25\">I USA er nedfrysing av egg, s\u00e5kalt \u00absocial freezing\u00bb\u00absocial freezing\u00bbEggfrysing av ikke-medisinske grunner, men av private, karrieremessige eller sosiale \u00e5rsaker. Ofte for \u00e5 utsette graviditet til et senere tidspunkt., blitt noe stadig flere arbeidsgivere tilbyr de ansatte som et velferdsgode.<\/strong><\/p>\n<p class=\"_paragraph_145nj_4 _paragraph_6fko5_10 layout-component text-serif-m layout-normal text-serif-m layout-padded\">Trenden har spredt seg til Norge, via internasjonale selskaper. Spotify, McKinsey &amp; Company og Microsoft har <a href=\"https:\/\/www.vg.no\/nyheter\/i\/alRPOO\/fryse-ned-egg-som-jobbgode-ekspert-sier-det-kan-vaere-problematisk\" data-track-element-type=\"Link\" data-track-id=\"link:alRPOO\" class=\"_link_145nj_39\" rel=\"nofollow noopener\" target=\"_blank\">eggfrys som en av sine ansattfordeler<\/a>. <\/p>\n<p class=\"_paragraph_145nj_4 _paragraph_6fko5_10 layout-component text-serif-m layout-normal text-serif-m layout-padded\">Den norske staten dekker bare eggfrysing dersom det er medisinske \u00e5rsaker, som for eksempel ved en kreftdiagnose (se faktaboks). <\/p>\n<p>Eggfrysing i Norge<\/p>\n<ul class=\"_list_145nj_3 _list_6fko5_9 _list_1kitn_10 _unordered_145nj_106 layout-component text-serif-m layout-normal text-sans-m layout-padded\">\n<li class=\"_item_145nj_30\">I Norge har nedfrysing av egg v\u00e6rt lovlig siden 2020, mens det har v\u00e6rt lov i USA siden 2012, der arbeidsgivere som Apple og Facebook har dekket \u00absocial freezing\u00bb for sine ansatte siden 2014.<\/li>\n<li class=\"_item_145nj_30\">I Norge dekkes kun eggfrysing av staten dersom kvinnen skal gjennomg\u00e5 medisinsk behandling som kan skade fertiliteten, som kreftbehandling. Eller i de tilfellene kvinnen har en sykdom som kan f\u00f8re til at hun mister fertiliteten i ung alder. <\/li>\n<li class=\"_item_145nj_30\">\u00d8vre aldersgrense er 35 \u00e5r p\u00e5 \u00e5 fryse ned egg dekket av det offentlige, fordi antall og kvalitet p\u00e5 egg faller med alderen, if\u00f8lge Helsedirektoratet. <\/li>\n<li class=\"_item_145nj_30\">Sosial eggfrysing, alts\u00e5 der det ikke foreligger en medisinsk grunn, m\u00e5 betales av egen lomme i Norge og skjer i det private helsevesenet. <\/li>\n<li class=\"_item_145nj_30\">Hvert egguttak kan koster rundt 35.000 kroner i Norge, men ofte trengs det flere uttak for \u00e5 f\u00e5 nok egg. I tillegg kommer prisen p\u00e5 legekonsultasjoner, hormonmedisiner og lagring. Totalprisen kan derfor komme p\u00e5 over 100.000 kroner i det private.<\/li>\n<\/ul>\n<p>Vis mer<\/p>\n<p class=\"_paragraph_145nj_4 _paragraph_6fko5_10 layout-component text-serif-m layout-normal text-serif-m layout-padded\"><strong class=\"_strong_145nj_25\">Eggfrys-tilbudet har f\u00f8rt til debatt, b\u00e5de i Norge og i USA:<\/strong><\/p>\n<p class=\"_paragraph_145nj_4 _paragraph_6fko5_10 layout-component text-serif-m layout-normal text-serif-m layout-padded\">Gj\u00f8r selskapene dette bare for \u00e5 holde kvinnene i arbeid, og slippe \u00e5 betale mammaperm? Skaper det et press om \u00e5 utsette \u00e5 f\u00e5 barn for karrierens skyld?<\/p>\n<p class=\"_paragraph_145nj_4 _paragraph_6fko5_10 layout-component text-serif-m layout-normal text-serif-m layout-padded\">\u2013 Jeg tror ikke dette er drevet av ren kapitalisme. Selskapene kan lett erstatte de ansatte. Jeg ser mer p\u00e5 det som en investering i arbeidstagerne, sier Acikalin.<\/p>\n<p class=\"_paragraph_145nj_4 _paragraph_6fko5_10 layout-component text-serif-m layout-normal text-serif-m layout-padded\">Hun synes flere burde tilby eggfrysing.<\/p>\n<p class=\"_paragraph_145nj_4 _paragraph_6fko5_10 layout-component text-serif-m layout-normal text-serif-m layout-padded\"><strong class=\"_strong_145nj_25\">\u2013 Det burde v\u00e6re en rettighet.<\/strong><\/p>\n<p class=\"_paragraph_145nj_4 _paragraph_6fko5_10 layout-component text-serif-m layout-normal text-serif-m layout-padded\">If\u00f8lge Acikalin er det vinn-vinn: F\u00f8dselsraten vil \u00f8ke, kvinner f\u00e5r st\u00f8rre valgmuligheter, og det vil bidra til likestilling. <\/p>\n<p>Her er eggfrys lovfestet<\/p>\n<ul class=\"_list_145nj_3 _list_6fko5_9 _list_1kitn_10 _unordered_145nj_106 layout-component text-serif-m layout-normal text-sans-m layout-padded\">\n<li class=\"_item_145nj_30\"><strong class=\"_strong_145nj_25\">Frankrike:<\/strong> Sosial eggfrysing tillatt for alle kvinner mellom 29 og 37 \u00e5r, uavhengig av sivilstatus. Selve inngrepet dekkes i stor grad av staten, og behandlingen m\u00e5 skje p\u00e5 offentlige sykehus. Det er lange ventelister.<\/li>\n<li class=\"_item_145nj_30\"><strong class=\"_strong_145nj_25\">Belgia:<\/strong> Tilgangen til \u00e5 fryse egg er \u00e5pen for de fleste kvinner innenfor gitte aldersgrenser.<\/li>\n<li class=\"_item_145nj_30\"><strong class=\"_strong_145nj_25\">Singapore:<\/strong> Tillater friske kvinner mellom 20 og 35 \u00e5r \u00e5 fryse ned egg. Det er imidlertid et strengt juridisk krav om at eggene kun kan tines og brukes dersom kvinnen senere er lovlig gift.<\/li>\n<li class=\"_item_145nj_30\"><strong class=\"_strong_145nj_25\">Spania og Hellas:<\/strong> To av Europas mest popul\u00e6re destinasjoner for fertilitetsturisme. B\u00e5de enslige og par (uavhengig av seksuell legning) har rett til \u00e5 fryse egg. <\/li>\n<\/ul>\n<p>Vis mer<\/p>\n<p class=\"_paragraph_145nj_4 _paragraph_6fko5_10 layout-component text-serif-m layout-normal text-serif-m layout-padded\">Samtidig innser hun at eggfrysing er en pengemaskin. Det var mange kvinner p\u00e5 venterommene med samme \u00e6rend som henne. <\/p>\n<p class=\"_paragraph_145nj_4 _paragraph_6fko5_10 layout-component text-serif-m layout-normal text-serif-m layout-padded\">\u2013 Med eggfrysing slipper kvinner \u00e5 m\u00e5tte stoppe opp livet sitt for \u00e5 f\u00e5 barn. S\u00e6rlig i USA, med s\u00e5 f\u00e5 rettigheter for m\u00f8dre og knapt noen mammapermisjonknapt noen mammapermisjonBare 27 prosent av ansatte har tilgang til mammaperm gjennom jobben, if\u00f8lge USAs arbeidsdepartement. , er det vanskelig, p\u00e5peker Acikalin. <\/p>\n<p class=\"_paragraph_145nj_4 _paragraph_6fko5_10 layout-component text-serif-m layout-normal text-serif-m layout-padded\">Zaher Merhi (50) er lege p\u00e5 en fertilitetsklinikk p\u00e5 Manhattan \u2013 klinikken der Richmans egg n\u00e5 ligger i en fryser. <\/p>\n<p><img alt=\"\" class=\"_image_jw3bv_65 layout-component layout-normal\" data-fullscreen- data-track-element-type=\"Article image fullscreen\" data-track-name=\"ImageFullscreen\" decoding=\"async\" loading=\"lazy\" height=\"3200\" itemprop=\"image\"  src=\"https:\/\/www.europesays.com\/no\/wp-content\/uploads\/2026\/09\/97c3e821-d1f9-3d60-b6fa-30e067e373af.jpeg\"  style=\"object-position:0% 0%\" width=\"3200\"\/><\/p>\n<p class=\"_paragraph_145nj_4 _paragraph_6fko5_10 layout-component text-serif-m layout-normal text-serif-m layout-padded\">Han sier til VG at han har sett en oppsving i antall kvinner som fryser ned eggene sine siden pandemien.<\/p>\n<p class=\"_paragraph_145nj_4 _paragraph_6fko5_10 layout-component text-serif-m layout-normal text-serif-m layout-padded\">\u2013 I mange land er eggfrysing fortsatt tabu, men n\u00e5r en offentlig person som AOC fryser ned egg og snakker om det, st\u00f8tter det andre til gj\u00f8re det samme. Det er et stort fremskritt, mener fertilitetslegen.<\/p>\n<p><img alt=\"\" class=\"_image_jw3bv_65 layout-component layout-normal\" data-fullscreen- data-track-element-type=\"Article image fullscreen\" data-track-name=\"ImageFullscreen\" decoding=\"async\" loading=\"lazy\" height=\"3178\" itemprop=\"image\"  src=\"https:\/\/www.europesays.com\/no\/wp-content\/uploads\/2026\/09\/763a8111-4a35-3c68-909b-eba3696ed1c5.jpeg\"  style=\"object-position:0% 0%\" width=\"3178\"\/><\/p>\n<p class=\"_paragraph_145nj_4 _paragraph_6fko5_10 layout-component text-serif-m layout-normal text-serif-m layout-padded\">Acikalin er glad for at AOC deler med verden.<\/p>\n<p class=\"_paragraph_145nj_4 _paragraph_6fko5_10 layout-component text-serif-m layout-normal text-serif-m layout-padded\">\u2013 Det er en veldig privat ting. Kvinner er vant til \u00e5 skjule s\u00e5 mye, s\u00e5 det er bra med mer \u00e5penhet. <\/p>\n<p class=\"_paragraph_145nj_4 _paragraph_6fko5_10 layout-component text-serif-m layout-normal text-serif-m layout-padded\"><strong class=\"_strong_145nj_25\">Hun mistenker samtidig at det er noe AOC ikke forteller.<\/strong><\/p>\n<p class=\"_paragraph_145nj_4 _paragraph_6fko5_10 layout-component text-serif-m layout-normal text-serif-m layout-padded\">\u2013 Hun gir inntrykk av at det g\u00e5r helt greit. Det er nok fordi hun er en kjent politiker, og hormoner og f\u00f8lelser kan brukes mot henne, sier Acikalin. <\/p>\n<p class=\"_paragraph_145nj_4 _paragraph_6fko5_10 layout-component text-serif-m layout-normal text-serif-m layout-padded\">AOC forklarer det slik, p\u00e5 sp\u00f8rsm\u00e5l fra en Instagram-f\u00f8lger om hvordan hun virker s\u00e5 rolig, midt i alt dette:<\/p>\n<p class=\"_paragraph_145nj_4 _paragraph_6fko5_10 layout-component text-serif-m layout-normal text-serif-m layout-padded\">\u2013 Jeg har g\u00e5tt gjennom en sinnssyk mengde av ekstremt stressende opplevelser, b\u00e5de profesjonelt og privat, s\u00e5 dessverre er roen min et resultat av mye eksponering og praksis.<\/p>\n<p class=\"_paragraph_145nj_4 _paragraph_6fko5_10 layout-component text-serif-m layout-normal text-serif-m layout-padded\">Hun forteller at hun har f\u00f8lt seg bra under prosessen, men at alle opplever det ulikt. <\/p>\n<p><img alt=\"\" class=\"_image_jw3bv_65 layout-component layout-normal\" data-fullscreen- data-track-element-type=\"Article image fullscreen\" data-track-name=\"ImageFullscreen\" decoding=\"async\" loading=\"lazy\" height=\"3519\" itemprop=\"image\"  src=\"https:\/\/www.europesays.com\/no\/wp-content\/uploads\/2026\/09\/c100d5de-0e2a-3c82-95b2-2c8a1eaaf480.jpeg\"  style=\"object-position:0% 0%\" width=\"3519\"\/><\/p>\n<p class=\"_paragraph_145nj_4 _paragraph_6fko5_10 layout-component text-serif-m layout-normal text-serif-m layout-padded\">Eggfrysingsprosessen varer i om lag 14 dager. For mange kan det arte seg som en fysisk og emosjonell berg-og-dalbane.<\/p>\n<p class=\"_paragraph_145nj_4 _paragraph_6fko5_10 layout-component text-serif-m layout-normal text-serif-m layout-padded\">\u2013 Det var tre spr\u00f8yter hver dag, som jeg m\u00e5tte blande og sette selv i magen. Jeg fikk bl\u00e5merker av spr\u00f8ytestikkene, og kunne kjenne eggstokkene vokse, sier Acikalin.<\/p>\n<p><img alt=\"\" class=\"_image_jw3bv_65 layout-component layout-normal\" data-fullscreen- data-track-element-type=\"Article image fullscreen\" data-track-name=\"ImageFullscreen\" decoding=\"async\" loading=\"lazy\" height=\"3889\" itemprop=\"image\"  src=\"https:\/\/www.europesays.com\/no\/wp-content\/uploads\/2026\/09\/986bc6ec-fcad-3169-9c26-9e48875505f2.jpeg\"  style=\"object-position:0% 0%\" width=\"3889\"\/><\/p>\n<p class=\"_paragraph_145nj_4 _paragraph_6fko5_10 layout-component text-serif-m layout-normal text-serif-m layout-padded\">Annenhver dag gikk hun til legen for \u00e5 ta blodpr\u00f8ver, og fire ganger var hun inne til ultralyd.<\/p>\n<p class=\"_paragraph_145nj_4 _paragraph_6fko5_10 layout-component text-serif-m layout-normal text-serif-m layout-padded\">Hun fikk hjernet\u00e5ke og s\u00e5 oppbl\u00e5st mage at kl\u00e6rne ikke passet. <\/p>\n<p class=\"_paragraph_145nj_4 _paragraph_6fko5_10 layout-component text-serif-m layout-normal text-serif-m layout-padded\">\u2013 Etter bare ti dager var \u00f8strogenniv\u00e5ene mine p\u00e5 niv\u00e5 med en som hadde v\u00e6rt gravid i ni m\u00e5neder.<\/p>\n<p class=\"_paragraph_145nj_4 _paragraph_6fko5_10 layout-component text-serif-m layout-normal text-serif-m layout-padded\">Det er f\u00f8rst n\u00e5, fire m\u00e5neder etter, at hun begynner \u00e5 f\u00f8le seg som seg selv igjen. <\/p>\n<p class=\"_paragraph_145nj_4 _paragraph_6fko5_10 layout-component text-serif-m layout-normal text-serif-m layout-padded\">Under et kort inngrep, der Acikalin l\u00e5 i narkose, hentet legen ut 21 egg, hvorav 18 ble frosset ned \u2013 og hvorav kanskje to kan bli babyer hvis hun har flaks.<\/p>\n<p class=\"_paragraph_145nj_4 _paragraph_6fko5_10 layout-component text-serif-m layout-normal text-serif-m layout-padded\">\u2013 Det kan v\u00e6re for ingenting, at ingen av eggene overlever, og at det skaper en falsk trygghet. Men det f\u00f8les likevel som et riktig valg.<\/p>\n<p> Ingeborg Huse Amundsen<\/p>\n<p class=\"text-sans-s\">USA-korrespondent<\/p>\n<p><img decoding=\"async\" alt=\"Ingeborg Huse Amundsen\" class=\"_image_uv074_179\" src=\"https:\/\/www.europesays.com\/no\/wp-content\/uploads\/2026\/09\/4b6c40fe-917f-48d3-8cf1-7b5bf452cba0.jpeg\" width=\"480\"\/>Kontakt Ingeborg Huse AmundsenThomas Nilsson (foto)<\/p>\n<p class=\"text-sans-s\">USA-fotograf<\/p>\n<p><img decoding=\"async\" alt=\"Thomas Nilsson (foto)\" class=\"_image_uv074_179\" src=\"https:\/\/www.europesays.com\/no\/wp-content\/uploads\/2026\/09\/a15e2d6e-7854-4925-af47-4ad7e64a38da.jpeg\" width=\"480\"\/>Kontakt Thomas Nilsson (foto)     <\/p>\n","protected":false},"excerpt":{"rendered":"Den amerikanske politikeren Alexandria Ocasio-Cortez fryser ned egg og dokumenterer prosessen p\u00e5 Instagram. Hun \u00f8nsker \u00e5 normalisere eggfrysing&hellip;\n","protected":false},"author":2,"featured_media":346212,"comment_status":"","ping_status":"","sticky":false,"template":"","format":"standard","meta":{"footnotes":"","_share_on_mastodon":"0"},"categories":[10],"tags":[10854,1238,20,21,24,25,15,736,2887,22,23,13,30,28,29,14,16,26,27,50],"class_list":["post-346211","post","type-post","status-publish","format-standard","has-post-thumbnail","category-norge","tag-alexandria-ocasio-cortez","tag-amerikansk-politikk","tag-breaking-news","tag-breakingnews","tag-featured-news","tag-featurednews","tag-headlines","tag-helse","tag-kvinner","tag-latest-news","tag-latestnews","tag-news","tag-no","tag-norge","tag-norway","tag-nyheter","tag-overskrifter","tag-top-stories","tag-topstories","tag-usa"],"share_on_mastodon":{"url":"https:\/\/pubeurope.com\/@no\/117226011477924658","error":""},"_links":{"self":[{"href":"https:\/\/www.europesays.com\/no\/wp-json\/wp\/v2\/posts\/346211","targetHints":{"allow":["GET"]}}],"collection":[{"href":"https:\/\/www.europesays.com\/no\/wp-json\/wp\/v2\/posts"}],"about":[{"href":"https:\/\/www.europesays.com\/no\/wp-json\/wp\/v2\/types\/post"}],"author":[{"embeddable":true,"href":"https:\/\/www.europesays.com\/no\/wp-json\/wp\/v2\/users\/2"}],"replies":[{"embeddable":true,"href":"https:\/\/www.europesays.com\/no\/wp-json\/wp\/v2\/comments?post=346211"}],"version-history":[{"count":0,"href":"https:\/\/www.europesays.com\/no\/wp-json\/wp\/v2\/posts\/346211\/revisions"}],"wp:featuredmedia":[{"embeddable":true,"href":"https:\/\/www.europesays.com\/no\/wp-json\/wp\/v2\/media\/346212"}],"wp:attachment":[{"href":"https:\/\/www.europesays.com\/no\/wp-json\/wp\/v2\/media?parent=346211"}],"wp:term":[{"taxonomy":"category","embeddable":true,"href":"https:\/\/www.europesays.com\/no\/wp-json\/wp\/v2\/categories?post=346211"},{"taxonomy":"post_tag","embeddable":true,"href":"https:\/\/www.europesays.com\/no\/wp-json\/wp\/v2\/tags?post=346211"}],"curies":[{"name":"wp","href":"https:\/\/api.w.org\/{rel}","templated":true}]}}