{"id":34627,"date":"2025-09-13T20:03:09","date_gmt":"2025-09-13T20:03:09","guid":{"rendered":"https:\/\/www.europesays.com\/no\/34627\/"},"modified":"2025-09-13T20:03:09","modified_gmt":"2025-09-13T20:03:09","slug":"debattens-fredrik-solvang-tar-selvkritikk","status":"publish","type":"post","link":"https:\/\/www.europesays.com\/no\/34627\/","title":{"rendered":"\u00abDebatten\u00bbs Fredrik Solvang tar selvkritikk"},"content":{"rendered":"\n<p class=\"_lead_ew2ao_2 _lead_xtcu6_50 layout-component text-serif-m layout-normal text-serif-l layout-component layout-wide layout-padded _wide_17hqh_1 layout-padded\">\u00abDebatten\u00bb-sjefen fikk gjennomg\u00e5 av kritikere n\u00e5r han innr\u00f8mmet ikke \u00e5 ha kjent til Charlie Kirk. P\u00e5 Instagram gjennomg\u00e5r han n\u00e5 selv hvordan redaksjonen tenkte.<\/p>\n<p><img alt=\"FORKLARER: Fredrik Solvang, programleder for \u00abDebatten\u00bb, her fra en partilederdebatt i mai. Foto: Jonas Been Henriksen \/ NTB\" class=\"_image_qp4xg_65 layout-component layout-wide\" data-fullscreen- data-track-element-type=\"Article image fullscreen\" data-track-name=\"ImageFullscreen\" fetchpriority=\"high\" decoding=\"sync\" loading=\"eager\" height=\"3901\" itemprop=\"image\"  src=\"https:\/\/www.europesays.com\/no\/wp-content\/uploads\/2025\/09\/b16e0855-2bfa-473d-bfbd-042fa13ea12b\"  style=\"object-position:47.821257689678745% 39.47705716482953%\" width=\"5852\"\/>FORKLARER: Fredrik Solvang, programleder for \u00abDebatten\u00bb, her fra en partilederdebatt i mai. Foto: Jonas Been Henriksen \/ NTB<\/p>\n<ul aria-hidden=\"true\" class=\"_images_1y6fe_106\">\n<li><a class=\"_link_1y6fe_111\" href=\"https:\/\/www.vg.no\/forfatter\/stein-oestboe\" style=\"z-index:1\" title=\"Stein \u00d8stb\u00f8\" rel=\"nofollow noopener\" target=\"_blank\"><img alt=\"Bilde av Stein \u00d8stb\u00f8\" class=\"_image_1y6fe_88\" fetchpriority=\"low\" loading=\"lazy\" decoding=\"async\" itemprop=\"image\"  src=\"https:\/\/www.europesays.com\/no\/wp-content\/uploads\/2025\/09\/1757793789_723_22e70fc8-5f6d-446c-8991-a91d598e4754\"  width=\"480\"\/><\/a><\/li>\n<\/ul>\n<p> Oppdatert l\u00f8rdag 13. september kl. 21:41     <\/p>\n<p class=\"_paragraph_ew2ao_4 _paragraph_xtcu6_10 layout-component text-serif-m layout-normal text-serif-m layout-padded\">I et <a href=\"https:\/\/www.instagram.com\/p\/DOi-OjRDBoF\/?igsh=MWZ0emJud2RpbWNpbw%3D%3D&amp;img_index=1\" class=\"_link_ew2ao_39\" rel=\"nofollow noopener\" target=\"_blank\">lengre innlegg<\/a> forklarer han bakgrunnen for blant annet videoen der han ramset opp sitater fra Charlie Kirk, men utelot \u00e5 sette sitatene i kontekst.<\/p>\n<p class=\"_paragraph_ew2ao_4 _paragraph_xtcu6_10 layout-component text-serif-m layout-normal text-serif-m layout-padded\">\u2013 Jeg ser, ved \u00e5 utelate konteksten, for mange ga et ensidig og feilaktig inntrykk av Kirk, skriver Solvang p\u00e5 Instagram.<\/p>\n<p class=\"_paragraph_ew2ao_4 _paragraph_xtcu6_10 layout-component text-serif-m layout-normal text-serif-m layout-padded\">P\u00e5 tekstmelding til VG utdyper han:<\/p>\n<p class=\"_paragraph_ew2ao_4 _paragraph_xtcu6_10 layout-component text-serif-m layout-normal text-serif-m layout-padded\"><strong class=\"_strong_ew2ao_25\">\u2013 For oss i redaksjonen var m\u00e5ten drapet av Kirk ble mottatt p\u00e5 i Norge en vekker. Vi ville advare mot \u00e5 adoptere argumenter som h\u00f8rer hjemme i et nedsmeltet og \u00f8delagt amerikansk ordskifte direkte til Norge, og sp\u00f8rre om vi virkelig vil ha det mer som i USA her. Det var hensikten v\u00e5r med \u00abDebatten\u00bb, skriver <a href=\"https:\/\/www.vg.no\/tag\/fredrik-solvang?utm_source=vg-article&amp;utm_medium=auto-tagger&amp;utm_campaign=1MK38M\" class=\"_link_ew2ao_39\" rel=\"nofollow noopener\" target=\"_blank\">Fredrik Solvang<\/a>.<\/strong><\/p>\n<p class=\"_paragraph_ew2ao_4 _paragraph_xtcu6_10 layout-component text-serif-m layout-normal text-serif-m layout-padded\">Den h\u00f8yreorienterte aktivisten Charlie Kirk ble tidligere i uka <a href=\"https:\/\/www.vg.no\/nyheter\/i\/qPjVlg\/charlie-kirk-skutt-i-utah\" data-track-element-type=\"Link\" data-track-id=\"link:qPjVlg\" class=\"_link_ew2ao_39\" rel=\"nofollow noopener\" target=\"_blank\">skutt og drept<\/a> i et attentat mens han talte til en st\u00f8rre folkemasse p\u00e5 et universitet i Utah. Den antatte gjerningsmannen ble <a href=\"https:\/\/www.vg.no\/nyheter\/i\/vgadQw\/dette-vet-vi-om-tyler-robinson\" data-track-element-type=\"Link\" data-track-id=\"link:vgadQw\" class=\"_link_ew2ao_39\" rel=\"nofollow noopener\" target=\"_blank\">senere tatt<\/a>.<\/p>\n<p class=\"_paragraph_ew2ao_4 _paragraph_xtcu6_10 layout-component text-serif-m layout-normal layout-padded\"><strong class=\"_strong_ew2ao_25\">Les ogs\u00e5:<\/strong> <a href=\"https:\/\/www.vg.no\/i\/KMolno\" data-track-element-type=\"Link\" data-track-id=\"link:KMolno\" class=\"_link_ew2ao_39\" rel=\"nofollow noopener\" target=\"_blank\">Hvem var Charlie Kirk (31)?<\/a><\/p>\n<p class=\"_paragraph_ew2ao_4 _paragraph_xtcu6_10 layout-component text-serif-m layout-normal text-serif-m layout-padded\">Fredrik Solvang fikk mye kjeft da han etter drapet innr\u00f8mmet ikke \u00e5 ha kjent til Charlie Kirk f\u00f8r dagen f\u00f8r han ledet \u00abDebatten\u00bb p\u00e5 torsdag, blant annet fra influenser <a href=\"https:\/\/www.vg.no\/rampelys\/i\/lw6L6e\/snorre-klanderud-etter-drapet-paa-charlie-kirk-blinde-paa-hat-vender-vi-oss-mot-hverandre\" data-track-element-type=\"Link\" data-track-id=\"link:lw6L6e\" class=\"_link_ew2ao_39\" rel=\"nofollow noopener\" target=\"_blank\">Snorre \u00abSnorrepus\u00bb Klanderud<\/a> fra podkast-gjengen Gutta.<\/p>\n<p class=\"_paragraph_ew2ao_4 _paragraph_xtcu6_10 layout-component text-serif-m layout-normal text-serif-m layout-padded\">\u2013 Passe ironisk at Fredrik Solvang, av alle, ikke visste hvem han var, sa Klanderud til VG fredag.<\/p>\n<p class=\"_paragraph_ew2ao_4 _paragraph_xtcu6_10 layout-component text-serif-m layout-normal text-serif-m layout-padded\">Uten \u00e5 henvise til Klanderud, skriver Solvang til VG at han \u00abikke tror p\u00e5 alle som n\u00e5 dukker opp og p\u00e5st\u00e5r at de kjente s\u00e5 godt til Charlie Kirk\u00bb.<\/p>\n<p class=\"_paragraph_ew2ao_4 _paragraph_xtcu6_10 layout-component text-serif-m layout-normal text-serif-m layout-padded\"><strong class=\"_strong_ew2ao_25\">\u2013 Merkelig at de ikke har skrevet mer om ham p\u00e5 sosiale medier, s\u00e5nn at alle i Norge ble kjent med ham, skriver Solvang i tekstmeldingen.<\/strong><\/p>\n<p><img alt=\"\" class=\"_image_qp4xg_65 layout-component layout-normal\" data-fullscreen- data-track-element-type=\"Article image fullscreen\" data-track-name=\"ImageFullscreen\" decoding=\"async\" loading=\"lazy\" height=\"1668\" itemprop=\"image\"  src=\"https:\/\/www.europesays.com\/no\/wp-content\/uploads\/2025\/09\/a490d617-bc8f-4964-a1f5-93ac38a33142\"  style=\"object-position:34.8% 45.62350119904077%\" width=\"2500\"\/><\/p>\n<p class=\"_paragraph_ew2ao_4 _paragraph_xtcu6_10 layout-component text-serif-m layout-normal text-serif-m layout-padded\">I Instagram-innlegget stresser Fredrik Solvang viktigheten av \u00e5 skille mellom ordskiftet i Norge og USA.<\/p>\n<p class=\"_paragraph_ew2ao_4 _paragraph_xtcu6_10 layout-component text-serif-m layout-normal text-serif-m layout-padded\">\u2013 Mange av frontene som splitter USA, eksisterer ikke her. Flere av de store slagene ble avsluttet for flere ti\u00e5r siden, skriver han og nevner selvbestemt abort som et eksempel.<\/p>\n<p class=\"_paragraph_ew2ao_4 _paragraph_xtcu6_10 layout-component text-serif-m layout-normal text-serif-m layout-padded\">Avslutningsvis antyder han p\u00e5 Instagram at han \u00abkanskje ikke skulle ha sagt at jeg ikke visste hvem Charlie Kirk var\u00bb.<\/p>\n<p class=\"_paragraph_ew2ao_4 _paragraph_xtcu6_10 layout-component text-serif-m layout-normal text-serif-m layout-padded\">\u2013 Da ga jeg folk et p\u00e5skudd til \u00e5 hovere over min uvitenhet. Samtidig har jeg f\u00e5tt bekreftet at jeg deler denne kunnskapsblinde flekken med sv\u00e6rt mange &#8211; faktisk et stort flertall &#8211; og f\u00e5tt enormt mange tilbakemeldinger om nettopp det.<\/p>\n<p><img alt=\"DREPT: Drapet p\u00e5 Charlie Kirk har satt sinnene i kok i USA.  Foto: Lindsey Wasson \/ AP \/ NTB\" class=\"_image_qp4xg_65 layout-component layout-normal\" data-fullscreen- data-track-element-type=\"Article image fullscreen\" data-track-name=\"ImageFullscreen\" decoding=\"async\" loading=\"lazy\" height=\"3933\" itemprop=\"image\"  src=\"https:\/\/www.europesays.com\/no\/wp-content\/uploads\/2025\/09\/ee044a13-07d4-4536-94f6-af2d6bb4a426\"  style=\"object-position:42.041023902356336% 37.04551233155352%\" width=\"5899\"\/>DREPT: Drapet p\u00e5 Charlie Kirk har satt sinnene i kok i USA.  Foto: Lindsey Wasson \/ AP \/ NTB<\/p>\n<p class=\"_paragraph_ew2ao_4 _paragraph_xtcu6_10 layout-component text-serif-m layout-normal text-serif-m layout-padded\">If\u00f8lge Solvang er det mange som ogs\u00e5 har reagert p\u00e5 timingen av \u00e5 diskutere Charlie Kirk, at det ble oppfattet som uf\u00f8lsomt \u00e5 diskutere meningene til en offentlig person som var skutt dagen i forveien.<\/p>\n<p class=\"_paragraph_ew2ao_4 _paragraph_xtcu6_10 layout-component text-serif-m layout-normal text-serif-m layout-padded\">\u2013 Hadde vi kjent ham bedre, kunne vi kanskje vurdert det annerledes.  Men jeg mener fortsatt at vi i Norge m\u00e5 kunne diskutere hvordan holdninger fra akt\u00f8rer p\u00e5 den andre siden av Atlanteren p\u00e5virker oss &#8211; uten \u00e5 vente p\u00e5 at noen erkl\u00e6rer s\u00f8rgetiden for over. N\u00e5r det er sagt, holder jeg \u00e5pent at tidspunktet var for tidlig og virket uf\u00f8lsomt, skriver han p\u00e5 Instagram.<\/p>\n<p>          <script async src=\"\/\/www.instagram.com\/embed.js\"><\/script><\/p>\n","protected":false},"excerpt":{"rendered":"\u00abDebatten\u00bb-sjefen fikk gjennomg\u00e5 av kritikere n\u00e5r han innr\u00f8mmet ikke \u00e5 ha kjent til Charlie Kirk. P\u00e5 Instagram gjennomg\u00e5r&hellip;\n","protected":false},"author":2,"featured_media":34628,"comment_status":"","ping_status":"","sticky":false,"template":"","format":"standard","meta":{"footnotes":""},"categories":[5],"tags":[20,21,37,5133,24,25,1413,15,19,22,23,17,18,13,30,28,29,14,16,26,27,50],"class_list":{"0":"post-34627","1":"post","2":"type-post","3":"status-publish","4":"format-standard","5":"has-post-thumbnail","7":"category-overskrifter","8":"tag-breaking-news","9":"tag-breakingnews","10":"tag-debatt","11":"tag-drapet-pa-charlie-kirk","12":"tag-featured-news","13":"tag-featurednews","14":"tag-fredrik-solvang","15":"tag-headlines","16":"tag-hovedoppslag","17":"tag-latest-news","18":"tag-latestnews","19":"tag-main-news","20":"tag-mainnews","21":"tag-news","22":"tag-no","23":"tag-norge","24":"tag-norway","25":"tag-nyheter","26":"tag-overskrifter","27":"tag-top-stories","28":"tag-topstories","29":"tag-usa"},"share_on_mastodon":{"url":"","error":""},"_links":{"self":[{"href":"https:\/\/www.europesays.com\/no\/wp-json\/wp\/v2\/posts\/34627","targetHints":{"allow":["GET"]}}],"collection":[{"href":"https:\/\/www.europesays.com\/no\/wp-json\/wp\/v2\/posts"}],"about":[{"href":"https:\/\/www.europesays.com\/no\/wp-json\/wp\/v2\/types\/post"}],"author":[{"embeddable":true,"href":"https:\/\/www.europesays.com\/no\/wp-json\/wp\/v2\/users\/2"}],"replies":[{"embeddable":true,"href":"https:\/\/www.europesays.com\/no\/wp-json\/wp\/v2\/comments?post=34627"}],"version-history":[{"count":0,"href":"https:\/\/www.europesays.com\/no\/wp-json\/wp\/v2\/posts\/34627\/revisions"}],"wp:featuredmedia":[{"embeddable":true,"href":"https:\/\/www.europesays.com\/no\/wp-json\/wp\/v2\/media\/34628"}],"wp:attachment":[{"href":"https:\/\/www.europesays.com\/no\/wp-json\/wp\/v2\/media?parent=34627"}],"wp:term":[{"taxonomy":"category","embeddable":true,"href":"https:\/\/www.europesays.com\/no\/wp-json\/wp\/v2\/categories?post=34627"},{"taxonomy":"post_tag","embeddable":true,"href":"https:\/\/www.europesays.com\/no\/wp-json\/wp\/v2\/tags?post=34627"}],"curies":[{"name":"wp","href":"https:\/\/api.w.org\/{rel}","templated":true}]}}