{"id":35025,"date":"2025-09-14T11:17:08","date_gmt":"2025-09-14T11:17:08","guid":{"rendered":"https:\/\/www.europesays.com\/no\/35025\/"},"modified":"2025-09-14T11:17:08","modified_gmt":"2025-09-14T11:17:08","slug":"henriette-jaeger-videre-til-semifinale-moren-ble-stresset-av-rolig-apning","status":"publish","type":"post","link":"https:\/\/www.europesays.com\/no\/35025\/","title":{"rendered":"Henriette J\u00e6ger videre til semifinale \u2013 moren ble stresset av rolig \u00e5pning"},"content":{"rendered":"\n<p class=\"_lead_ew2ao_2 _lead_xtcu6_50 layout-component text-serif-m layout-normal text-serif-l layout-component layout-wide layout-padded _wide_17hqh_1 layout-padded\">Kontrollerte inn til andreplass i fors\u00f8ksheatet \u2013 selv om hun l\u00e5 litt farlig til ut av siste sving.<\/p>\n<p><img alt=\" Foto: Bj\u00f8rn S. Delebekk \/ VG\" class=\"_image_qp4xg_65 layout-component layout-wide\" data-fullscreen- data-track-element-type=\"Article image fullscreen\" data-track-name=\"ImageFullscreen\" fetchpriority=\"high\" decoding=\"sync\" loading=\"eager\" height=\"4870\" itemprop=\"image\"  src=\"https:\/\/www.europesays.com\/no\/wp-content\/uploads\/2025\/09\/58aea34e-bda0-4c79-807e-7c00828ee3fd\"  style=\"object-position:0% 0%\" width=\"6964\"\/> Foto: Bj\u00f8rn S. Delebekk \/ VGRapporterer fra Tokyo Oppdatert s\u00f8ndag 14. september kl. 13:13     <\/p>\n<p class=\"_paragraph_ew2ao_4 _paragraph_xtcu6_10 layout-component text-serif-m layout-normal text-serif-m layout-padded\">\u2013 Man blir jo litt stressa, men jeg vet jeg har en god oppl\u00f8psside, sier J\u00e6ger etter fors\u00f8ksheatet.<\/p>\n<p class=\"_paragraph_ew2ao_4 _paragraph_xtcu6_10 layout-component text-serif-m layout-normal text-serif-m layout-padded\">Tiden 50,12 og annenplass var mer enn godt nok til \u00e5 sikre en plass i semifinalen.<\/p>\n<p class=\"_paragraph_ew2ao_4 _paragraph_xtcu6_10 layout-component text-serif-m layout-normal text-serif-m layout-padded\">Ut fra siste sving var hun imidlertid p\u00e5 en fjerdeplass \u2013 som gjorde at hun m\u00e5tte sette inn st\u00f8tet p\u00e5 oppl\u00f8pet.<\/p>\n<p class=\"_paragraph_ew2ao_4 _paragraph_xtcu6_10 layout-component text-serif-m layout-normal text-serif-m layout-padded\">\u2013 Jeg \u00e5pnet nok litt for sakte. (&#8230;) Jeg kan ikke l\u00f8pe som dette i semifinalen, sier hun til NRK.<\/p>\n<p class=\"_paragraph_ew2ao_4 _paragraph_xtcu6_10 layout-component text-serif-m layout-normal text-serif-m layout-padded\">\u2013 Jeg blitt nerv\u00f8s med starten, hun l\u00e5 litt etter. Det ser ut som heatene g\u00e5r litt fortere enn vi trodde. Hun hadde nok ikke gassen i b\u00e5nn hele veien, og \u00e5pnet litt roligere enn hun pleier, sier trener og mor Unn Merete Lie J\u00e6ger til NRK.<\/p>\n<p class=\"_paragraph_ew2ao_4 _paragraph_xtcu6_10 layout-component text-serif-m layout-normal text-serif-m layout-padded\">Hun sier datteren \u00e5pnet litt vel rolig.<\/p>\n<p class=\"_paragraph_ew2ao_4 _paragraph_xtcu6_10 layout-component text-serif-m layout-normal text-serif-m layout-padded\">\u2013 Vi m\u00e5 nok skru opp gassen litt i semifinalen, sier hun.<\/p>\n<p class=\"_paragraph_ew2ao_4 _paragraph_xtcu6_10 layout-component text-serif-m layout-normal text-serif-m layout-padded\">\u2013 Hun er garantert dritstresset, og det skj\u00f8nner jeg. Hun f\u00e5r ikke gjort noen ting med det jeg gj\u00f8r og har null kontroll. Men hun stoler p\u00e5 meg gang p\u00e5 gang, s\u00e5 da m\u00e5 jeg bare gj\u00f8re jobben, sier datteren til VG og \u00f8vrig norsk presse.<\/p>\n<p class=\"_paragraph_ew2ao_4 _paragraph_xtcu6_10 layout-component text-serif-m layout-normal text-serif-m layout-padded\">Etter l\u00f8pet virket hun imidlertid sv\u00e6rt kontrollert, og det er ikke hverdagskost. Hun har en historie med \u00e5 bruke lang tid til \u00e5 hente seg etter l\u00f8p.<\/p>\n<p class=\"_paragraph_ew2ao_4 _paragraph_xtcu6_10 layout-component text-serif-m layout-normal text-serif-m layout-padded\">Den g\u00e5r fra klokken 14.05 tirsdag ettermiddag, norsk tid.<\/p>\n","protected":false},"excerpt":{"rendered":"Kontrollerte inn til andreplass i fors\u00f8ksheatet \u2013 selv om hun l\u00e5 litt farlig til ut av siste sving.&hellip;\n","protected":false},"author":2,"featured_media":35026,"comment_status":"","ping_status":"","sticky":false,"template":"","format":"standard","meta":{"footnotes":""},"categories":[59],"tags":[423,1245,2042,30,28,29,83,82],"class_list":{"0":"post-35025","1":"post","2":"type-post","3":"status-publish","4":"format-standard","5":"has-post-thumbnail","7":"category-sport","8":"tag-friidrett","9":"tag-friidretts-vm","10":"tag-henriette-jaeger","11":"tag-no","12":"tag-norge","13":"tag-norway","14":"tag-sport","15":"tag-sports"},"share_on_mastodon":{"url":"","error":""},"_links":{"self":[{"href":"https:\/\/www.europesays.com\/no\/wp-json\/wp\/v2\/posts\/35025","targetHints":{"allow":["GET"]}}],"collection":[{"href":"https:\/\/www.europesays.com\/no\/wp-json\/wp\/v2\/posts"}],"about":[{"href":"https:\/\/www.europesays.com\/no\/wp-json\/wp\/v2\/types\/post"}],"author":[{"embeddable":true,"href":"https:\/\/www.europesays.com\/no\/wp-json\/wp\/v2\/users\/2"}],"replies":[{"embeddable":true,"href":"https:\/\/www.europesays.com\/no\/wp-json\/wp\/v2\/comments?post=35025"}],"version-history":[{"count":0,"href":"https:\/\/www.europesays.com\/no\/wp-json\/wp\/v2\/posts\/35025\/revisions"}],"wp:featuredmedia":[{"embeddable":true,"href":"https:\/\/www.europesays.com\/no\/wp-json\/wp\/v2\/media\/35026"}],"wp:attachment":[{"href":"https:\/\/www.europesays.com\/no\/wp-json\/wp\/v2\/media?parent=35025"}],"wp:term":[{"taxonomy":"category","embeddable":true,"href":"https:\/\/www.europesays.com\/no\/wp-json\/wp\/v2\/categories?post=35025"},{"taxonomy":"post_tag","embeddable":true,"href":"https:\/\/www.europesays.com\/no\/wp-json\/wp\/v2\/tags?post=35025"}],"curies":[{"name":"wp","href":"https:\/\/api.w.org\/{rel}","templated":true}]}}