{"id":35027,"date":"2025-09-14T11:18:10","date_gmt":"2025-09-14T11:18:10","guid":{"rendered":"https:\/\/www.europesays.com\/no\/35027\/"},"modified":"2025-09-14T11:18:10","modified_gmt":"2025-09-14T11:18:10","slug":"byliv-utesteder-blyge-harry-apnet-dorene-vi-har-steppet-opp-ganske-mange-hakk","status":"publish","type":"post","link":"https:\/\/www.europesays.com\/no\/35027\/","title":{"rendered":"Byliv, Utesteder | Blyge Harry \u00e5pnet d\u00f8rene: \u2013 Vi har steppet opp ganske mange hakk"},"content":{"rendered":"\n<p>\u2013 Det blir \u00e5pningsdag med en kavalkade av alt som skal presenteres her. Alt fra standup, jazz, pop, rock og alt det som Blyge Harry skal inneholde, uttalte eier Charles B\u00f8gild f\u00f8r \u00e5pningskvelden.<\/p>\n<p>D\u00f8rene \u00e5pnet klokken 13 l\u00f8rdag. S\u00f8ndag formiddag er B\u00f8gild og kompis Morten Holter p\u00e5 vei ut av lokalet i Verksgata.<\/p>\n<p>G\u00e5rsdagens \u00e5pningsfest ble en suksess, konkluderer de.<\/p>\n<p>   <img decoding=\"async\" width=\"4032\" height=\"2268\" fetchpriority=\"low\"  loading=\"lazy\"  src=\"https:\/\/www.europesays.com\/no\/wp-content\/uploads\/2025\/09\/123531f8-8173-4c0a-9d90-7499f90cff23.jpeg\" alt=\"\" class=\"brick-c-cFOWSL\" style=\"--brick-image-ratio: 4032 \/ 2268;\"\/><\/p>\n<p>    Bakd\u00f8ra er ment for artister og personal.<br \/>\n    Foto: Kirsten H\u00e5land\n  <\/p>\n<p><b>\u2013 Det var mellom 150 og 200 personer inne fra vi \u00e5pnet klokken 13 til vi stengte i 00.30-tiden. Euforisk stemning. Mye Stavanger-folk og en del kjentfolk fra gamle Blyge Harry, sier Charles B\u00f8gild idet han l\u00e5ser bakd\u00f8ra.<\/b><\/p>\n<p>\u2013 Steppet opp ganske mange hakk<\/p>\n<p>\u2013 Hvordan var det \u00e5 kunne ta imot gjester igjen, i et nytt lokale?<\/p>\n<p><b>\u2013 Vi har v\u00e6rt veldig forn\u00f8yde med resultatet, men du vet ikke hva som skjer n\u00e5r folk kommer inn og det begynner \u00e5 fylles opp. Folk fant sine plasser, og hadde godt innsyn til scenen, svarer B\u00f8gild, som eier Blyge Harry sammen med Alexander Flotve og Helge Rosseb\u00f8. <\/b><\/p>\n<p>Flere har allerede booket byens ny\u00e5pnede klubbscene.<\/p>\n<p>\u2013 N\u00e5 g\u00e5r det slag i slag med Kapittelfestivalen og Br\u00f8drene Hanas orkester til uka. Dette er absolutt et segment det er behov for, sier B\u00f8gild, som mener nye Blyge Harry er en oppgradering fra det forrige stedet i \u00d8sterv\u00e5g.<\/p>\n<p>\u2013 Vi er forn\u00f8yde med b\u00e5de lys, lyd, folk, alt. Vi har steppet opp ganske mange hakk, sier han, og legger til:<\/p>\n<p>\u2013 Det gamle lokalet hadde sin sjarm det ogs\u00e5.<\/p>\n<p>  <a href=\"https:\/\/www.rastavanger.no\/5-165-43668\" class=\"related-teaser has-image default-story-teaser article--c-eRUmMG article--c-eRUmMG-jKCPdD-design-default\" rel=\"nofollow noopener\" target=\"_blank\"><\/p>\n<p>    <img decoding=\"async\" loading=\"lazy\"  src=\"https:\/\/www.europesays.com\/no\/wp-content\/uploads\/2025\/09\/Blyge+Harry+Stavanger+sentrum_.jpg\" alt=\"\" class=\"brick-c-cFOWSL\" style=\"\"\/><\/p>\n<p>\n            Les ogs\u00e5<\/p>\n<p>              Jobber hardt for \u00e5 finne en l\u00f8sning: \u2013 Gir ikke opp kampen\n        <\/p>\n<p>  <\/a><br \/>\n  Reisefeber-f\u00f8lelse<\/p>\n<p>Da RA Stavanger var innom en times tid f\u00f8r selve \u00e5pningen, ble de siste forberedelsene gjennomf\u00f8rt.<\/p>\n<p><b>\u2013 Jeg er sykt spent, og kjenner p\u00e5 en reisefeber-f\u00f8lelse. Vi har ikke oversikt over hvor mange som kommer. Men vi har f\u00e5tt med en god gjeng som skal st\u00e5 i d\u00f8ra og ta imot folk, slik at det ikke ender i kaos, sier Charles B\u00f8gild og smiler.<\/b><\/p>\n<p>   <img decoding=\"async\" width=\"4032\" height=\"2268\" fetchpriority=\"low\"  loading=\"lazy\"  src=\"https:\/\/www.europesays.com\/no\/wp-content\/uploads\/2025\/09\/26d98233-453d-4d25-9c92-055131bef2f4.jpeg\" alt=\"\" class=\"brick-c-cFOWSL\" style=\"--brick-image-ratio: 4032 \/ 2268;\"\/><\/p>\n<p>    Morten Holter (til venstre) og Trond Brostigen synes resultatet av renoveringen er blitt helt topp.<br \/>\n    Foto: Kirsten H\u00e5land\n  <\/p>\n<p>P\u00e5 en stol i lokalet sitter hans svoger, Morten Holter, som har kommet hele veien fra Oslo for \u00e5 f\u00e5 med seg \u00e5pningen av byens nye kulturscene.<\/p>\n<p>\u2013 Dette blir helt topp. Etter konserten skal vi feire med indisk middag p\u00e5 andre siden av gata, sier han.<\/p>\n<p>\u00c5 gjennomf\u00f8re renoveringen i Verksgata 10 hadde ikke v\u00e6rt mulig uten et godt lagarbeid og mange timers dugnad.<\/p>\n<p>P\u00e5driverne har blant annet bygget bar, toaletter og scene.<\/p>\n<p>   <img decoding=\"async\" width=\"4032\" height=\"2268\" fetchpriority=\"low\"  loading=\"lazy\"  src=\"https:\/\/www.europesays.com\/no\/wp-content\/uploads\/2025\/09\/f2422a1b-9279-4381-95d6-377449e24c42.jpeg\" alt=\"\" class=\"brick-c-cFOWSL\" style=\"--brick-image-ratio: 4032 \/ 2268;\"\/><\/p>\n<p>    Tidligere politimann Charles B\u00f8gild gleder seg til \u00e5 \u00e5pne Blyge Harry l\u00f8rdag.<br \/>\n    Foto: Kirsten H\u00e5land\n  <\/p>\n<p>   <img decoding=\"async\" width=\"4032\" height=\"2268\" fetchpriority=\"low\"  loading=\"lazy\"  src=\"https:\/\/www.europesays.com\/no\/wp-content\/uploads\/2025\/09\/8edd5065-fc6a-4d9a-bdfd-0c8096c896ad.jpeg\" alt=\"\" class=\"brick-c-cFOWSL\" style=\"--brick-image-ratio: 4032 \/ 2268;\"\/><\/p>\n<p>    Backstage.<br \/>\n    Foto: Kirsten H\u00e5land\n  <\/p>\n<p>   <img decoding=\"async\" width=\"4032\" height=\"2268\" fetchpriority=\"low\"  loading=\"lazy\"  src=\"https:\/\/www.europesays.com\/no\/wp-content\/uploads\/2025\/09\/127434eb-2010-4da9-86e0-463e0fd1b209.jpeg\" alt=\"\" class=\"brick-c-cFOWSL\" style=\"--brick-image-ratio: 4032 \/ 2268;\"\/><\/p>\n<p>    Inngangsomr\u00e5det ved Verksgata.<br \/>\n    Foto: Kirsten H\u00e5land\n  <\/p>\n<p>Arbeidet p\u00e5gikk helt fram til utp\u00e5 \u00e5pningsdagen.<\/p>\n<p>\u2013 Vi skrudde stoler her i dag tidlig. Og s\u00e5 har vi st\u00f8vsuget og gjort annet forefallende arbeid, sier Trond Brostigen, for mange kjent som fastlegevikar i Kvernevik.<\/p>\n<p>   <img decoding=\"async\" width=\"4032\" height=\"2268\" fetchpriority=\"low\"  loading=\"lazy\"  src=\"https:\/\/www.europesays.com\/no\/wp-content\/uploads\/2025\/09\/bbc419c3-daad-4599-9bea-9344e8563eee.jpeg\" alt=\"\" class=\"brick-c-cFOWSL\" style=\"--brick-image-ratio: 4032 \/ 2268;\"\/><\/p>\n<p>    Dugnadsarbeidet varte helt fram til \u00e5pningsdagen.<br \/>\n    Foto: Kirsten H\u00e5land\n  <\/p>\n<p>   <img decoding=\"async\" width=\"4032\" height=\"2268\" fetchpriority=\"low\"  loading=\"lazy\"  src=\"https:\/\/www.europesays.com\/no\/wp-content\/uploads\/2025\/09\/0e045e63-4fe9-4eba-93f3-047ec9b340c4.jpeg\" alt=\"\" class=\"brick-c-cFOWSL\" style=\"--brick-image-ratio: 4032 \/ 2268;\"\/><\/p>\n<p>    Blyge Harry-kunst pryder utsiden av lokalene.<br \/>\n    Foto: Kirsten H\u00e5land\n  <\/p>\n<p>  <a href=\"https:\/\/www.rastavanger.no\/5-165-145524\" class=\"related-teaser has-image default-story-teaser article--c-eRUmMG article--c-eRUmMG-jKCPdD-design-default\" rel=\"nofollow noopener\" target=\"_blank\"><\/p>\n<p>    <img decoding=\"async\" loading=\"lazy\"  src=\"https:\/\/www.europesays.com\/no\/wp-content\/uploads\/2025\/09\/8Q1A0648.jpg\" alt=\"\" class=\"brick-c-cFOWSL\" style=\"\"\/><\/p>\n<p>\n            Les ogs\u00e5<\/p>\n<p>              Stavanger f\u00e5r tilbake en kulturscene: \u2013 Vi skal ikke v\u00e6re en konkurrerende pub eller bar til utelivet\n        <\/p>\n<p>  <\/a><\/p>\n<p>  <a href=\"https:\/\/www.rastavanger.no\/5-165-149246\" class=\"related-teaser has-image default-story-teaser article--c-eRUmMG article--c-eRUmMG-jKCPdD-design-default\" rel=\"nofollow noopener\" target=\"_blank\"><\/p>\n<p>    <img decoding=\"async\" loading=\"lazy\"  src=\"https:\/\/www.europesays.com\/no\/wp-content\/uploads\/2025\/09\/8Q1A0962.jpg\" alt=\"\" class=\"brick-c-cFOWSL\" style=\"\"\/><\/p>\n<p>\n            Les ogs\u00e5<\/p>\n<p>              Har s\u00f8kt om 700.000 i st\u00f8tte fra kommunen \u2013 se hele s\u00f8kerlisten\n        <\/p>\n<p>  <\/a><\/p>\n","protected":false},"excerpt":{"rendered":"\u2013 Det blir \u00e5pningsdag med en kavalkade av alt som skal presenteres her. Alt fra standup, jazz, pop,&hellip;\n","protected":false},"author":2,"featured_media":35028,"comment_status":"","ping_status":"","sticky":false,"template":"","format":"standard","meta":{"footnotes":""},"categories":[58],"tags":[36,3479,71,410,30,28,29,1306,1510,72,4395],"class_list":{"0":"post-35027","1":"post","2":"type-post","3":"status-publish","4":"format-standard","5":"has-post-thumbnail","7":"category-underholdning","8":"tag-art","9":"tag-byliv","10":"tag-entertainment","11":"tag-kultur","12":"tag-no","13":"tag-norge","14":"tag-norway","15":"tag-stavanger","16":"tag-story","17":"tag-underholdning","18":"tag-utesteder"},"share_on_mastodon":{"url":"","error":""},"_links":{"self":[{"href":"https:\/\/www.europesays.com\/no\/wp-json\/wp\/v2\/posts\/35027","targetHints":{"allow":["GET"]}}],"collection":[{"href":"https:\/\/www.europesays.com\/no\/wp-json\/wp\/v2\/posts"}],"about":[{"href":"https:\/\/www.europesays.com\/no\/wp-json\/wp\/v2\/types\/post"}],"author":[{"embeddable":true,"href":"https:\/\/www.europesays.com\/no\/wp-json\/wp\/v2\/users\/2"}],"replies":[{"embeddable":true,"href":"https:\/\/www.europesays.com\/no\/wp-json\/wp\/v2\/comments?post=35027"}],"version-history":[{"count":0,"href":"https:\/\/www.europesays.com\/no\/wp-json\/wp\/v2\/posts\/35027\/revisions"}],"wp:featuredmedia":[{"embeddable":true,"href":"https:\/\/www.europesays.com\/no\/wp-json\/wp\/v2\/media\/35028"}],"wp:attachment":[{"href":"https:\/\/www.europesays.com\/no\/wp-json\/wp\/v2\/media?parent=35027"}],"wp:term":[{"taxonomy":"category","embeddable":true,"href":"https:\/\/www.europesays.com\/no\/wp-json\/wp\/v2\/categories?post=35027"},{"taxonomy":"post_tag","embeddable":true,"href":"https:\/\/www.europesays.com\/no\/wp-json\/wp\/v2\/tags?post=35027"}],"curies":[{"name":"wp","href":"https:\/\/api.w.org\/{rel}","templated":true}]}}