{"id":35036,"date":"2025-09-14T11:32:12","date_gmt":"2025-09-14T11:32:12","guid":{"rendered":"https:\/\/www.europesays.com\/no\/35036\/"},"modified":"2025-09-14T11:32:12","modified_gmt":"2025-09-14T11:32:12","slug":"sport-fotball-testes-i-ny-posisjon-det-kan-vaere-bra-for-karrieren-hans","status":"publish","type":"post","link":"https:\/\/www.europesays.com\/no\/35036\/","title":{"rendered":"Sport, Fotball | Testes i ny posisjon: \u2013 Det kan v\u00e6re bra for karrieren hans"},"content":{"rendered":"\n<p><b>FOTBALL: <\/b>Etter signeringen av Martin Bj\u00f8rnbak er det knallhard konkurranse om de to midtstopperplassene i FKH.<\/p>\n<p>Madiodio Dia og Mikkel Fischer har s\u00e5 langt sett ut til \u00e5 v\u00e6re trener Toni Korkeakunnas foretrukne stopperpar. Men bak der lurer Ilir Kukleci og Miika Koskela (p\u00e5 l\u00e5n fra Troms\u00f8), i tillegg til nysignerte Bj\u00f8rnbak. Det betyr at fem spillere kjemper om to plasser.<\/p>\n<p>N\u00e5 har kanskje Korkeakunnas en l\u00f8sning p\u00e5 situasjonen.<\/p>\n<p><b>\u2013 Ja, konkurransen er t\u00f8ff p\u00e5 stopperplass. Men kanskje er det spillere der som kan spille i andre posisjoner. Vi har sett p\u00e5 muligheten om \u00e5 bruke Mikkel Fischer p\u00e5 midtbanen, forteller FKHs finske trener.<\/b><\/p>\n<p>\u2013 Bra for ham og laget<\/p>\n<p>P\u00e5 trening denne uken har 21-\u00e5ringen flere ganger blitt brukt i den dypeste og mest defensive midtbaneposisjonen.<\/p>\n<p><b>\u2013 Jeg har tenkt p\u00e5 \u00e5 bruke Fisher der tidligere. Han kan v\u00e6re en fysisk sterk , som ogs\u00e5 er god med ballen. Fischer er en intelligent og teknisk god spiller, med lederegenskaper. Dermed kan han v\u00e6re en l\u00f8sning der. Han har ogs\u00e5 spilt i den posisjonen da han var yngre. Jeg tror det kan v\u00e6re bra for karrieren hans. Og totalt sett bra for b\u00e5de ham og laget, sier Korkeakunnas.<\/b><\/p>\n<p>Det er ikke sikkert Fischer blir testet p\u00e5 midtbanen allerede mot Rosenborg s\u00f8ndag. Det kommer trolig an p\u00e5 statusen p\u00e5 Parfait Bizoza og Bruno Leite.<\/p>\n<p>Bizoza kom hjem fra landslagsoppdrag med Burundi torsdag og har kun trent med laget l\u00f8rdag. Leite har slitt med et vondt kne, men trente som normalt torsdag. Trolig er han i hvert fall klar for en plass i troppen.<\/p>\n<p><b>\u2013 Vi f\u00e5r se litt an f\u00f8r s\u00f8ndag. \u00abBizo\u00bb var ogs\u00e5 god som sekser mot Fredrikstad sist, mener FKH-treneren.<\/b><\/p>\n<p>   <img decoding=\"async\" width=\"3715\" height=\"2477\" fetchpriority=\"low\"  loading=\"lazy\"  src=\"https:\/\/www.europesays.com\/no\/wp-content\/uploads\/2025\/09\/Bruno.JPG\" alt=\"\" class=\"brick-c-cFOWSL\" style=\"--brick-image-ratio: 3715 \/ 2477;\"\/><\/p>\n<p>    SLITER MED KNEET: FKH-kaptein Bruno Leite har et vondt kne, men trente som normalt torsdag.<br \/>\n    Foto: Terje Flateby\n  <\/p>\n<p>  Nyhammer tilbake<\/p>\n<p>Han kan ogs\u00e5 glede seg over at Troy Engseth Nyhammer s\u00f8ndag er tilbake i FKH-stallen etter skade.<\/p>\n<p><b>\u2013 Troy er klar for \u00e5 bidra, sl\u00e5r Korkeakunnas fast.<\/b><\/p>\n<p>H\u00e5vard Vatland Karlsen er ogs\u00e5 tilbake i trening, men trolig kommer s\u00f8ndagens kamp for tidlig for veabuen.<\/p>\n<p>Runar Espejord, Martin Samuelsen, Vegard Solheim og Anders Bondhus er fortsatt ute med skade.<\/p>\n<p>Likevel synes Toni Korkeakunnas at situasjonen totalt sett er bedre enn p\u00e5 lenge.<\/p>\n<p><b>\u2013 N\u00e5 er vi i ferd med \u00e5 f\u00e5 to alternativer i stallen i hver posisjon. Vi har jobbet hardt for \u00e5 komme hit. Det gir konkurranse p\u00e5 trening. Det ser virkelig bra ut n\u00e5, mener FKHs finske trener f\u00f8r s\u00f8ndagens kamp mot Rosenborg.<\/b><\/p>\n<p>  <a href=\"https:\/\/www.h-avis.no\/5-62-1921793\" class=\"related-teaser has-image default-story-teaser article--c-eRUmMG article--c-eRUmMG-jKCPdD-design-default\" rel=\"nofollow noopener\" target=\"_blank\"><\/p>\n<p>    <img decoding=\"async\" loading=\"lazy\"  src=\"https:\/\/www.europesays.com\/no\/wp-content\/uploads\/2025\/09\/Wichne6.JPG\" alt=\"\" class=\"brick-c-cFOWSL\" style=\"\"\/><\/p>\n<p>\n            Les ogs\u00e5<\/p>\n<p>              Hylles av treneren: \u2013 For en fyr han er\n        <\/p>\n<p>  <\/a><br \/>\n  \u2013 Vi skal gi dem kamp<\/p>\n<p>Det er en kamp Korkeakunnas ser fram til.<\/p>\n<p><b>\u2013 Vi skal gi dem kamp og \u00f8nsker \u00e5 vinne. Vi er p\u00e5 rett vei. Men det blir utvilsomt veldig t\u00f8ft. Rosenborg er godt organisert. De har en veldig klar m\u00e5te \u00e5 b\u00e5de forsvare og angripe p\u00e5. Men jeg liker \u00e5 spille mot slike lag. Da kan vi organisere oss ut fra det, selvsagt med v\u00e5re egne prinsipper i bunn. Rosenborg er veldig tette i midten og vanskelig \u00e5 bryte gjennom. Kanskje vi m\u00e5 g\u00e5 rundt dem, antyder finnen.<\/b><\/p>\n<p>Det kan kanskje bety at en spiller som Petcho, som er en kantspiller som er god en mot en, kan f\u00e5 spilletid.<\/p>\n<p><b>\u2013 Det er godt \u00e5 ha Petcho tilbake. Han er en x-faktor-spiller. Jeg elsker \u00e5 ha s\u00e5nne spillere p\u00e5 laget, sier Korkeakunnas. <\/b><\/p>\n<p>En spiller han nok hadde likt \u00e5 ha p\u00e5 laget, er Rosenborgs finske midtbanespiller Santeri V\u00e4\u00e4n\u00e4nen.<\/p>\n<p><b>\u2013 Jeg trente ham i HJK og vi har et n\u00e6rt forhold. Jeg pleide ogs\u00e5 \u00e5 spille med faren hans. \u00abSanti\u00bb er inne p\u00e5 landslaget og vi m\u00f8ttes i Oslo i forrige uke, i forbindelse med landskampen mot Norge, forteller FKHs finske trener.<\/b><\/p>\n","protected":false},"excerpt":{"rendered":"FOTBALL: Etter signeringen av Martin Bj\u00f8rnbak er det knallhard konkurranse om de to midtstopperplassene i FKH. Madiodio Dia&hellip;\n","protected":false},"author":2,"featured_media":35037,"comment_status":"","ping_status":"","sticky":false,"template":"","format":"standard","meta":{"footnotes":""},"categories":[59],"tags":[36,617,92,30,28,29,83,82,1510],"class_list":{"0":"post-35036","1":"post","2":"type-post","3":"status-publish","4":"format-standard","5":"has-post-thumbnail","7":"category-sport","8":"tag-art","9":"tag-fkh","10":"tag-fotball","11":"tag-no","12":"tag-norge","13":"tag-norway","14":"tag-sport","15":"tag-sports","16":"tag-story"},"share_on_mastodon":{"url":"","error":""},"_links":{"self":[{"href":"https:\/\/www.europesays.com\/no\/wp-json\/wp\/v2\/posts\/35036","targetHints":{"allow":["GET"]}}],"collection":[{"href":"https:\/\/www.europesays.com\/no\/wp-json\/wp\/v2\/posts"}],"about":[{"href":"https:\/\/www.europesays.com\/no\/wp-json\/wp\/v2\/types\/post"}],"author":[{"embeddable":true,"href":"https:\/\/www.europesays.com\/no\/wp-json\/wp\/v2\/users\/2"}],"replies":[{"embeddable":true,"href":"https:\/\/www.europesays.com\/no\/wp-json\/wp\/v2\/comments?post=35036"}],"version-history":[{"count":0,"href":"https:\/\/www.europesays.com\/no\/wp-json\/wp\/v2\/posts\/35036\/revisions"}],"wp:featuredmedia":[{"embeddable":true,"href":"https:\/\/www.europesays.com\/no\/wp-json\/wp\/v2\/media\/35037"}],"wp:attachment":[{"href":"https:\/\/www.europesays.com\/no\/wp-json\/wp\/v2\/media?parent=35036"}],"wp:term":[{"taxonomy":"category","embeddable":true,"href":"https:\/\/www.europesays.com\/no\/wp-json\/wp\/v2\/categories?post=35036"},{"taxonomy":"post_tag","embeddable":true,"href":"https:\/\/www.europesays.com\/no\/wp-json\/wp\/v2\/tags?post=35036"}],"curies":[{"name":"wp","href":"https:\/\/api.w.org\/{rel}","templated":true}]}}