{"id":35039,"date":"2025-09-14T11:39:11","date_gmt":"2025-09-14T11:39:11","guid":{"rendered":"https:\/\/www.europesays.com\/no\/35039\/"},"modified":"2025-09-14T11:39:11","modified_gmt":"2025-09-14T11:39:11","slug":"sport-henriette-jaeger-henriette-matte-ta-kjonnstest-for-vm","status":"publish","type":"post","link":"https:\/\/www.europesays.com\/no\/35039\/","title":{"rendered":"Sport, Henriette J\u00e6ger | Henriette m\u00e5tte ta kj\u00f8nnstest f\u00f8r VM"},"content":{"rendered":"\n<p>   <img decoding=\"async\" width=\"1500\" height=\"440\" fetchpriority=\"low\"  loading=\"lazy\"  src=\"https:\/\/www.europesays.com\/no\/wp-content\/uploads\/2025\/09\/Nettavisen+Simen+Lnning+Oda+Karlsen+Bekkestad+i+Tokyo+byline.jpg\" alt=\"\" class=\"brick-c-cFOWSL\" style=\"--brick-image-ratio: 1500 \/ 440;\"\/><\/p>\n<p>TOKYO (Nettavisen): Som f\u00f8lge av den norske bioteknologiloven har norske VM-ut\u00f8vere m\u00e5ttet vente til ankomst i Tokyo f\u00f8r de har f\u00e5tt gjennomf\u00f8rt den obligatoriske kj\u00f8nnstesten.<\/p>\n<p>P\u00e5 en pressekonferanse i Tokyo fikk Norges st\u00f8rste VM-h\u00e5p p\u00e5 kvinnesiden, Henriette J\u00e6ger, flere sp\u00f8rsm\u00e5l om temaet.<\/p>\n<p>Hun er imidlertid tydelig p\u00e5 at hun ikke bruker mye krefter p\u00e5 testen.<\/p>\n<p>\u2013 Det har v\u00e6rt mye styr rundt den. Jeg har egentlig ikke satt meg s\u00e5 mye inn i det, det er det v\u00e5rt proffe helseteam som har. De har tatt seg av alt som er rundt det. Jeg bare gj\u00f8r som de sier, og s\u00e5 tror jeg det blir veldig bra, sier J\u00e6ger til Nettavisen.<\/p>\n<p>\u2013 Hva synes du om at du m\u00e5 gjennom en s\u00e5nn test? <\/p>\n<p>\u2013 S\u00e5nn er det. Det er en del av det \u00e5 skulle konkurrere her i VM. Alle kvinner her stiller likt. Det er greit \u00e5 ha en s\u00e5nn test, det g\u00e5r helt fint, forteller J\u00e6ger.<\/p>\n<p><b>Les ogs\u00e5: <a href=\"https:\/\/www.nettavisen.no\/sport\/friidrettsforbundet-presseansvarlig-i-vm-blaser-i-gjert-ingebrigtsen\/s\/5-95-2614994\" rel=\"Follow nofollow noopener\" target=\"_blank\">Vil ikke forholde seg til Gjert Ingebrigtsen<\/a><\/b><\/p>\n<p>   <img decoding=\"async\" width=\"6000\" height=\"4000\" fetchpriority=\"low\"  loading=\"lazy\"  src=\"https:\/\/www.europesays.com\/no\/wp-content\/uploads\/2025\/09\/jger+bildbyrn.jpg\" alt=\"250718 Henriette J\u00e6ger of Norway after competing in women's 400 meters during day 2 of the European U23 athletic championships on July 18, 2025 in Bergen. &#10;Photo: Simon Hasteg\u00e5rd \/ BILDBYR\u00c5N \/ kod SH \/ SH0641\" class=\"brick-c-cFOWSL\" style=\"--brick-image-ratio: 6000 \/ 4000;\"\/><\/p>\n<p>    M\u00c5 TESTES: Henriette J\u00e6ger m\u00e5 gjennomg\u00e5 kj\u00f8nnstest for \u00e5 f\u00e5 delta i VM.<br \/>\n    Foto: Bildbyr\u00e5n\n  <\/p>\n<p>De norske VM-ut\u00f8verne Anne Gine L\u00f8vnes og Ingeborg \u00d8stg\u00e5rd har begge gjennomf\u00f8rt testen etter ankomst i Tokyo.<\/p>\n<p>Begge synes det er forholdsvis problemfritt.<\/p>\n<p>\u2013 Det var bare en liten Q-tips i munnen. Det er noe man m\u00e5 gj\u00f8re for \u00e5 konkurrere, s\u00e5 det er egentlig det eneste jeg har tenkt, sier L\u00f8vnes til Nettavisen.<\/p>\n<p>\u2013 Det er litt spesielt \u00e5 m\u00e5tte bevise at man er kvinne, men alle m\u00e5 det jo, s\u00e5 det er greit, forteller \u00d8stg\u00e5rd.<\/p>\n<p><b>Les ogs\u00e5: <a href=\"https:\/\/www.nettavisen.no\/sport\/ny-beskjed-om-narve-gilje-nordas-bryter-reglene\/s\/5-95-2614804\" rel=\"Follow nofollow noopener\" target=\"_blank\">Forbundet ut mot Narve Gilje Nord\u00e5s: Bryter kontrakten<\/a><\/b><\/p>\n<p>Ikke lov i Norge<\/p>\n<p>Kvinnelige ut\u00f8vere i VM i Tokyo m\u00e5 alle gjennomg\u00e5 en kj\u00f8nnstest i forkant av mesterskapet for \u00e5 f\u00e5 delta.<\/p>\n<p>En slik test er if\u00f8lge den norske bioteknologiloven ikke lov \u00e5 gjennomf\u00f8re i Norge.<\/p>\n<p>N\u00e5 sl\u00e5r sportssjef Erlend Slokvik i Norges Friidrettsforbund alarm.<\/p>\n<p>Han frykter den norske loven vil skape utfordringer kvinnelige norske ut\u00f8vere fremover.<\/p>\n<p>\u2013 Dette kommer i flere idretter, og det blir i alle mesterskap. Hvis man setter det p\u00e5 spissen s\u00e5 betyr det at Norge sier at norske kvinnelige ut\u00f8vere ikke skal f\u00e5 lov \u00e5 konkurrere internasjonalt, sier Slokvik til Nettavisen.<\/p>\n<p>   <img decoding=\"async\" width=\"5282\" height=\"3521\" fetchpriority=\"low\"  loading=\"lazy\"  src=\"https:\/\/www.europesays.com\/no\/wp-content\/uploads\/2025\/09\/1757849950_731_685A7650.jpg\" alt=\"\" class=\"brick-c-cFOWSL\" style=\"--brick-image-ratio: 5282 \/ 3521;\"\/><\/p>\n<p>    Sportssjef Erlend Slokvik<br \/>\n    Foto: Simen Loenning\n  <\/p>\n<p><b>Les ogs\u00e5: <a href=\"https:\/\/www.nettavisen.no\/sport\/program-for-vm-i-friidrett-2025\/s\/5-95-2591059\" rel=\"Follow nofollow noopener\" target=\"_blank\">Program for VM i friidrett 2025<\/a><\/b><\/p>\n<p>Norge positive til testing<\/p>\n<p>Sportssjef Slokvik forteller at tilbakemeldingene fra ut\u00f8verne har v\u00e6rt gode, og at han ikke opplever at de har noen problemer med \u00e5 m\u00e5tte gjennomf\u00f8re testen.<\/p>\n<p>Han er derimot tydelig p\u00e5 at de st\u00f8tter testingen.<\/p>\n<p>\u2013 Jeg synes det er veldig greit at alle blir testet. Vi har hatt utfordringer med det i flere idretter om det er en mann eller kvinne. At det innf\u00f8res st\u00f8tter vi, sier Slokvik.<\/p>\n<p>Testen de kvinnelige ut\u00f8verne gjennomf\u00f8rer er alts\u00e5 ikke lov \u00e5 gjennomf\u00f8re i Norge, og if\u00f8lge NRK kan det ogs\u00e5 v\u00e6re straffbart av Norges Friidrettsforbund \u00e5 legge til rette for slik testing i utlandet.<\/p>\n<p>Testingen i Tokyo skal imidlertid skje i regi av Det internasjonale friidrettsforbundet.<\/p>\n<p>Slokvik h\u00e5per imidlertid at det vil skje endringer i Norge, slik at norske ut\u00f8vere ogs\u00e5 kan testes der i fremtiden. Sportssjefen forteller at han vet at det er dialog p\u00e5 h\u00f8yere politisk niv\u00e5 for \u00e5 se p\u00e5 l\u00f8sninger.<\/p>\n<p><b>Les ogs\u00e5: <a href=\"https:\/\/www.nettavisen.no\/sport\/uvar-for-vm-utoverne-i-tokyo-helt-ekstremt\/v\/5-95-2614017\" rel=\"Follow nofollow noopener\" target=\"_blank\">Uv\u00e6r i Tokyo: Ekstremt<\/a><\/b><\/p>\n<p>   <img decoding=\"async\" width=\"4915\" height=\"3277\" fetchpriority=\"low\"  loading=\"lazy\"  src=\"https:\/\/www.europesays.com\/no\/wp-content\/uploads\/2025\/09\/685A7678.jpg\" alt=\"\" class=\"brick-c-cFOWSL\" style=\"--brick-image-ratio: 4915 \/ 3277;\"\/><\/p>\n<p>    VM-KLAR: Henriette J\u00e6ger gleder seg til \u00e5 konkurrere p\u00e5 400 meter i VM i Tokyo.<br \/>\n    Foto: Simen L\u00f8nning (Nettavisen)\n  <\/p>\n<p>  Gleder seg til VM<\/p>\n<p>For Henriette J\u00e6gers del er uansett fokuset p\u00e5 det som skal skje i Tokyo kommende uke.<\/p>\n<p>Den norske l\u00f8peren har tatt nye steg p\u00e5 400 meter denne sesongen, og g\u00e5r langt i antyde at hun har et lite h\u00e5p om \u00e5 utfordre om en pallplassering.<\/p>\n<p>\u2013 Jeg gleder meg f\u00f8rst og fremst til dette verdensmesterskapet. N\u00e5 kommer jeg inn i det i en litt annen posisjon, hvor jeg er blant noen av de litt bedre. Jeg gleder meg til \u00e5 komme i gang. Det har f\u00f8ltes veldig lenge til VM, det har v\u00e6rt i slutten av sesongen, men n\u00e5 er vi her endelig.<\/p>\n<p>\u2013 F\u00f8rst og fremst h\u00e5per jeg p\u00e5 en bedre plassering enn 8. plass fra OL i fjor. S\u00e5 h\u00f8y mulig plassering som mulig hadde v\u00e6rt veldig g\u00f8y. S\u00e5 har vi tre klare kandidater til den pallen, men det hadde v\u00e6rt g\u00f8y \u00e5 gj\u00f8re det best mulig, sier J\u00e6ger til Nettavisen.<\/p>\n<p>VM i friidrett i Tokyo starter l\u00f8rdag 13. september.<\/p>\n<p>Her f\u00e5r du <a href=\"https:\/\/www.nettavisen.no\/sport\/program-for-vm-i-friidrett-2025\/s\/5-95-2591059\" rel=\"Follow nofollow noopener\" target=\"_blank\">fullt program for VM<\/a> med norske tider!<\/p>\n","protected":false},"excerpt":{"rendered":"TOKYO (Nettavisen): Som f\u00f8lge av den norske bioteknologiloven har norske VM-ut\u00f8vere m\u00e5ttet vente til ankomst i Tokyo f\u00f8r&hellip;\n","protected":false},"author":2,"featured_media":35040,"comment_status":"","ping_status":"","sticky":false,"template":"","format":"standard","meta":{"footnotes":""},"categories":[59],"tags":[36,2042,30,28,29,83,82,1510,1871],"class_list":{"0":"post-35039","1":"post","2":"type-post","3":"status-publish","4":"format-standard","5":"has-post-thumbnail","7":"category-sport","8":"tag-art","9":"tag-henriette-jaeger","10":"tag-no","11":"tag-norge","12":"tag-norway","13":"tag-sport","14":"tag-sports","15":"tag-story","16":"tag-vm"},"share_on_mastodon":{"url":"","error":""},"_links":{"self":[{"href":"https:\/\/www.europesays.com\/no\/wp-json\/wp\/v2\/posts\/35039","targetHints":{"allow":["GET"]}}],"collection":[{"href":"https:\/\/www.europesays.com\/no\/wp-json\/wp\/v2\/posts"}],"about":[{"href":"https:\/\/www.europesays.com\/no\/wp-json\/wp\/v2\/types\/post"}],"author":[{"embeddable":true,"href":"https:\/\/www.europesays.com\/no\/wp-json\/wp\/v2\/users\/2"}],"replies":[{"embeddable":true,"href":"https:\/\/www.europesays.com\/no\/wp-json\/wp\/v2\/comments?post=35039"}],"version-history":[{"count":0,"href":"https:\/\/www.europesays.com\/no\/wp-json\/wp\/v2\/posts\/35039\/revisions"}],"wp:featuredmedia":[{"embeddable":true,"href":"https:\/\/www.europesays.com\/no\/wp-json\/wp\/v2\/media\/35040"}],"wp:attachment":[{"href":"https:\/\/www.europesays.com\/no\/wp-json\/wp\/v2\/media?parent=35039"}],"wp:term":[{"taxonomy":"category","embeddable":true,"href":"https:\/\/www.europesays.com\/no\/wp-json\/wp\/v2\/categories?post=35039"},{"taxonomy":"post_tag","embeddable":true,"href":"https:\/\/www.europesays.com\/no\/wp-json\/wp\/v2\/tags?post=35039"}],"curies":[{"name":"wp","href":"https:\/\/api.w.org\/{rel}","templated":true}]}}