{"id":35055,"date":"2025-09-14T12:00:09","date_gmt":"2025-09-14T12:00:09","guid":{"rendered":"https:\/\/www.europesays.com\/no\/35055\/"},"modified":"2025-09-14T12:00:09","modified_gmt":"2025-09-14T12:00:09","slug":"jens-husebo-pa-plass-i-tromso-etter-braket-i-bryne","status":"publish","type":"post","link":"https:\/\/www.europesays.com\/no\/35055\/","title":{"rendered":"Jens Huseb\u00f8 p\u00e5 plass i Troms\u00f8 etter br\u00e5ket i Bryne:"},"content":{"rendered":"\n<p class=\"_lead_ew2ao_2 _lead_xtcu6_50 layout-component text-serif-m layout-normal text-serif-l layout-component layout-wide layout-padded _wide_17hqh_1 layout-padded\">Jens Huseb\u00f8 (26) er forberedt p\u00e5 at alt kan skje n\u00e5r han s\u00f8ndag kommer tilbake til Bryne etter en eksplosiv konflikt med klubben. <\/p>\n<p><img alt=\"BLID I TROMS\u00d8: Jens Huseb\u00f8 har forlatt Bryne og er klar for en ny tilv\u00e6relse i Troms\u00f8.  Foto: Camilla Vesteng\/VG\" class=\"_image_qp4xg_65 layout-component layout-wide\" data-fullscreen- data-track-element-type=\"Article image fullscreen\" data-track-name=\"ImageFullscreen\" fetchpriority=\"high\" decoding=\"sync\" loading=\"eager\" height=\"2971\" itemprop=\"image\"  src=\"https:\/\/www.europesays.com\/no\/wp-content\/uploads\/2025\/09\/c0a6abe4-f29b-4e95-ac42-245c6d3a2782\"  style=\"object-position:0% 0%\" width=\"2869\"\/>BLID I TROMS\u00d8: Jens Huseb\u00f8 har forlatt Bryne og er klar for en ny tilv\u00e6relse i Troms\u00f8.  Foto: Camilla Vesteng\/VG<\/p>\n<ul aria-hidden=\"true\" class=\"_images_1y6fe_106\">\n<li><a class=\"_link_1y6fe_111\" href=\"https:\/\/www.vg.no\/forfatter\/camilla-vesteng\" style=\"z-index:1\" title=\"Camilla Vesteng\" rel=\"nofollow noopener\" target=\"_blank\"><img alt=\"Bilde av Camilla Vesteng\" class=\"_image_1y6fe_88\" fetchpriority=\"low\" loading=\"lazy\" decoding=\"async\" itemprop=\"image\"  src=\"https:\/\/www.europesays.com\/no\/wp-content\/uploads\/2025\/09\/1757851208_978_ab49df32-fc16-44e1-a56a-ce5ad5bd90d2\"  width=\"480\"\/><\/a><\/li>\n<\/ul>\n<p>Romssa Arena, Troms\u00f8 Oppdatert s\u00f8ndag 14. september kl. 13:26    <\/p>\n<ul class=\"_list_ew2ao_3 _list_64s2r_85 _unordered_ew2ao_99 text-sans-m\">\n<li class=\"_item_ew2ao_30\">Etter en eksplosiv konflikt i Bryne fikk Jens Huseb\u00f8, sammen med to lagkamerater, kontrakten terminert.<\/li>\n<li class=\"_item_ew2ao_30\">26-\u00e5ringen skj\u00f8nner at br\u00e5ket i gamleklubben kom som en bombe. <\/li>\n<li class=\"_item_ew2ao_30\">Huseb\u00f8 er klar for Troms\u00f8, og trener med sin nye klubb.<\/li>\n<li class=\"_item_ew2ao_30\">F\u00f8rste kamp blir borte mot Bryne s\u00f8ndag \u2013 han forbereder seg p\u00e5 alt foran kampen mot gamleklubben.<\/li>\n<\/ul>\n<p>Vis mer <\/p>\n<p class=\"_paragraph_ew2ao_4 _paragraph_xtcu6_10 layout-component text-serif-m layout-normal text-serif-m layout-padded\">\u2013 Jeg skj\u00f8nner det kan v\u00e6re som en bombe for folk rundt, og det var litt som en bombe for oss ogs\u00e5, sier Jens Huseb\u00f8 til VG.<\/p>\n<p class=\"_paragraph_ew2ao_4 _paragraph_xtcu6_10 layout-component text-serif-m layout-normal text-serif-m layout-padded\"><strong class=\"_strong_ew2ao_25\">Han var nettopp ferdig med dagens trenings\u00f8kt med sin nye klubb i nord. Og i sin f\u00f8rste kamp som Troms\u00f8-spiller, s\u00e5 skal han av alle ting til J\u00e6ren og m\u00f8te Bryne s\u00f8ndag ettermiddag. <\/strong><\/p>\n<p class=\"_paragraph_ew2ao_4 _paragraph_xtcu6_10 layout-component text-serif-m layout-normal text-serif-m layout-padded\">Huseb\u00f8 ser allerede husvarm ut p\u00e5 Romssa Arena. Det er god stemning med de nye lagkameratene. <\/p>\n<p class=\"_paragraph_ew2ao_4 _paragraph_xtcu6_10 layout-component text-serif-m layout-normal text-serif-m layout-padded\">Men det er alts\u00e5 bare en knapp uke siden sjokk-nyheten smalt p\u00e5 J\u00e6ren. <\/p>\n<p class=\"_paragraph_ew2ao_4 _paragraph_xtcu6_10 layout-component text-serif-m layout-normal text-serif-m layout-padded\">Tre spillere hadde f\u00e5tt kontrakten med Bryne terminert, etter det som skal ha v\u00e6rt uenigheter med trener Kevin Knappen, i tillegg til <a href=\"https:\/\/www.vg.no\/sport\/i\/qP05gw\/bryne-kapteinen-etter-sjokkexiten-jeg-kunne-ikke-bli-vaerende\" data-track-element-type=\"Link\" data-track-id=\"link:qP05gw\" class=\"_link_ew2ao_39\" rel=\"nofollow noopener\" target=\"_blank\">Huseb\u00f8 gikk Robert Undheim og Axel Kryger<\/a>. <\/p>\n<p class=\"_paragraph_ew2ao_4 _paragraph_xtcu6_10 layout-component text-serif-m layout-normal text-serif-m layout-padded\"><strong class=\"_strong_ew2ao_25\">\u2013 Ting skjedde veldig fort. Det hadde v\u00e6rt litt diskusjoner, litt sm\u00e5konflikter i klubben, s\u00e5 smalt det veldig p\u00e5 deadlineday for oss involvert, sier Huseb\u00f8.  <\/strong><\/p>\n<p><img alt=\"HEIA TIL: Jens Huseb\u00f8 etter fredagstreningen p\u00e5 Romssa Arena fredag ettermiddag.   Foto: Camilla Vesteng\/VG\" class=\"_image_qp4xg_65 layout-component layout-normal\" data-fullscreen- data-track-element-type=\"Article image fullscreen\" data-track-name=\"ImageFullscreen\" decoding=\"async\" loading=\"lazy\" height=\"3024\" itemprop=\"image\"  src=\"https:\/\/www.europesays.com\/no\/wp-content\/uploads\/2025\/09\/374f8ed6-acd3-4313-87f1-33488d5afde1\"  style=\"object-position:0% 0%\" width=\"4032\"\/>HEIA TIL: Jens Huseb\u00f8 etter fredagstreningen p\u00e5 Romssa Arena fredag ettermiddag.   Foto: Camilla Vesteng\/VG<\/p>\n<p class=\"_paragraph_ew2ao_4 _paragraph_xtcu6_10 layout-component text-serif-m layout-normal text-serif-m layout-padded\">Det er tydelig at det ble umulig for ham \u00e5 bli i klubben. <\/p>\n<p class=\"_paragraph_ew2ao_4 _paragraph_xtcu6_10 layout-component text-serif-m layout-normal text-serif-m layout-padded\">\u2013 Det endte i en situasjon der det var best for klubben og for min del at jeg forlot klubben, sier Huseb\u00f8. <\/p>\n<p class=\"_paragraph_ew2ao_4 _paragraph_xtcu6_10 layout-component text-serif-m layout-normal text-serif-m layout-padded\">Lokalavisen Stavanger Aftenblad skrev at det skal ha v\u00e6rt f\u00f8rt en underskriftskampanje, hvor m\u00e5let med skal ha v\u00e6rt \u00e5 f\u00e5 Knappen fjernet som trener.<\/p>\n<p class=\"_paragraph_ew2ao_4 _paragraph_xtcu6_10 layout-component text-serif-m layout-normal text-serif-m layout-padded\"><a href=\"https:\/\/www.tv2.no\/sport\/bryne-sjefen-slar-tilbake-overrasket\/18069978\/\" class=\"_link_ew2ao_39\" rel=\"nofollow noopener\" target=\"_blank\">TV 2<\/a> har skrevet at spillerne skal ha fors\u00f8kt \u00e5 fjerne treneren. <\/p>\n<p><img decoding=\"async\" alt=\"Bilde av Kevin Knappen \" class=\"_image_ygndg_42\" height=\"27\" itemprop=\"image\" loading=\"lazy\"  src=\"https:\/\/www.europesays.com\/no\/wp-content\/uploads\/2025\/09\/64ac9102-5fa8-41d2-94cb-2c2b43cf2646\"  width=\"40\"\/><strong class=\"_name_ygndg_51 title-serif-xs\">Kevin Knappen <\/strong><\/p>\n<p class=\"_paragraph_ew2ao_4 text-sans-m _description_ygndg_56\">Bryne-trener i hardt v\u00e6r<\/p>\n<p class=\"_paragraph_ew2ao_4 _paragraph_xtcu6_10 layout-component text-serif-m layout-normal text-serif-m layout-padded\">\u2013 F\u00f8rst og fremst er jeg overrasket over valg av metode og fremgangsm\u00e5te av enkeltspillere. At det endte med exit for tre spillere, overrasker meg ikke i det hele tatt, sa Knappen til TV 2.<\/p>\n<p class=\"_paragraph_ew2ao_4 _paragraph_xtcu6_10 layout-component text-serif-m layout-normal text-serif-m layout-padded\">Han vil ikke snakke om hva som gikk galt i Bryne. Men ber folk lese det som er skrevet i mediene og d\u00f8mme selv. <\/p>\n<p class=\"_paragraph_ew2ao_4 _paragraph_xtcu6_10 layout-component text-serif-m layout-normal text-serif-m layout-padded\"><strong class=\"_strong_ew2ao_25\">\u2013 Det er kjedelig for klubben og spillerne som jeg er glad i. Det er beklagelig at det ble s\u00e5 mye konflikt som det ble. Men jeg er glad jeg er her n\u00e5, og pr\u00f8ver \u00e5 legge alt det som var bak meg, sier Huseb\u00f8. <\/strong><\/p>\n<p class=\"_paragraph_ew2ao_4 _paragraph_xtcu6_10 layout-component text-serif-m layout-normal text-serif-m layout-padded\">26-\u00e5ringen er kommet til en toppklubb. Troms\u00f8 er nummer fire p\u00e5 tabellen, seks poeng foran V\u00e5lerenga p\u00e5 plassen bak. Og etter 72 kamper for Bryne, skal Huseb\u00f8 n\u00e5 spille mot Bryne, som kjemper p\u00e5 kvalikplass. <\/p>\n<p class=\"_paragraph_ew2ao_4 _paragraph_xtcu6_10 layout-component text-serif-m layout-normal text-serif-m layout-padded\">\u2013 Jeg h\u00e5per fansen tar meg godt imot, jeg avsluttet godt med dem, sier Huseb\u00f8. <\/p>\n<p class=\"_paragraph_ew2ao_4 _paragraph_xtcu6_10 layout-component text-serif-m layout-normal text-serif-m layout-padded\">Men han vet ikke hva som m\u00f8ter ham n\u00e5r han kommer \u00abhjem\u00bb. <\/p>\n<p class=\"_paragraph_ew2ao_4 _paragraph_xtcu6_10 layout-component text-serif-m layout-normal text-serif-m layout-padded\"><strong class=\"_strong_ew2ao_25\">\u2013 Jeg tar pipekonsert p\u00e5 strak arm. Jeg h\u00e5per de har et godt inntrykk av meg og at de husker meg for gode ting. Jeg kommer ikke til \u00e5 pipe p\u00e5 dem og jeg h\u00e5per ikke de piper p\u00e5 meg, sier Huseb\u00f8.  <\/strong><\/p>\n<p class=\"_paragraph_ew2ao_4 _paragraph_xtcu6_10 layout-component text-serif-m layout-normal text-serif-m layout-padded\">Han har tatt med familien til Troms\u00f8 og koser seg som sm\u00e5barnsfar. Han gleder seg over god stemning i byen han er kommet til og flott natur. Huseb\u00f8 har en god f\u00f8lelse for egen utvikling i Troms\u00f8. <\/p>\n<p class=\"_paragraph_ew2ao_4 _paragraph_xtcu6_10 layout-component text-serif-m layout-normal text-serif-m layout-padded\">\u2013 S\u00f8ndag heier jeg p\u00e5 Troms\u00f8. Det er enkelt. Men jeg heier p\u00e5 kompiser og Bryne i alle andre kamper enn n\u00e5r de m\u00f8ter oss, og i de andre kampene h\u00e5per jeg at de plukker poeng, sier Huseb\u00f8.<\/p>\n<p><img alt=\"VELKOMMEN: Kaptein Ruben Ytterg\u00e5rd Jensen ser frem til \u00e5 spille med Jens Huseb\u00f8.   Foto: Camilla Vesteng\/VG\" class=\"_image_qp4xg_65 layout-component layout-normal\" data-fullscreen- data-track-element-type=\"Article image fullscreen\" data-track-name=\"ImageFullscreen\" decoding=\"async\" loading=\"lazy\" height=\"2748\" itemprop=\"image\"  src=\"https:\/\/www.europesays.com\/no\/wp-content\/uploads\/2025\/09\/3edf3dde-a2d3-4a8d-9573-6e0347529f29\"  style=\"object-position:0% 0%\" width=\"4032\"\/>VELKOMMEN: Kaptein Ruben Ytterg\u00e5rd Jensen ser frem til \u00e5 spille med Jens Huseb\u00f8.   Foto: Camilla Vesteng\/VG<\/p>\n<p class=\"_paragraph_ew2ao_4 _paragraph_xtcu6_10 layout-component text-serif-m layout-normal text-serif-m layout-padded\"><strong class=\"_strong_ew2ao_25\">Troms\u00f8-kaptein og superveteran Ruben Ytterg\u00e5rd Jensen tror det blir en spesiell kamp for Huseb\u00f8 s\u00f8ndag. <\/strong><\/p>\n<p class=\"_paragraph_ew2ao_4 _paragraph_xtcu6_10 layout-component text-serif-m layout-normal text-serif-m layout-padded\">\u2013 Vi er glad for at vi har f\u00e5tt en god spiller p\u00e5 v\u00e5rt lag. Det virker som han har mye som han kan bidra med for \u00e5 gj\u00f8re oss sterkere, sier Ytterg\u00e5rd Jensen. <\/p>\n<p class=\"_paragraph_ew2ao_4 _paragraph_xtcu6_10 layout-component text-serif-m layout-normal text-serif-m layout-padded\">Han er ikke s\u00e5 opptatt av hvorfor Huseb\u00f8 forlot klubben. <\/p>\n<p class=\"_paragraph_ew2ao_4 _paragraph_xtcu6_10 layout-component text-serif-m layout-normal text-serif-m layout-padded\">\u2013 S\u00e5 lenge han ikke har brutt loven eller gjort noe galt, sier Ytterg\u00e5rd Jensen og drar p\u00e5 smileb\u00e5ndet. <\/p>\n<p class=\"_paragraph_ew2ao_4 _paragraph_xtcu6_10 layout-component text-serif-m layout-normal text-serif-m layout-padded\">Tidligere Bryne-kaptein Kryger <a href=\"https:\/\/www.vg.no\/sport\/i\/yEa5gR\/axel-kryger-klar-for-kristiansund-etter-bryne-braaket\" data-track-element-type=\"Link\" data-track-id=\"link:yEa5gR\" class=\"_link_ew2ao_39\" rel=\"nofollow noopener\" target=\"_blank\">gikk til Kristiansund<\/a>. <\/p>\n","protected":false},"excerpt":{"rendered":"Jens Huseb\u00f8 (26) er forberedt p\u00e5 at alt kan skje n\u00e5r han s\u00f8ndag kommer tilbake til Bryne etter&hellip;\n","protected":false},"author":2,"featured_media":35056,"comment_status":"","ping_status":"","sticky":false,"template":"","format":"standard","meta":{"footnotes":""},"categories":[59],"tags":[30,28,2466,29,83,82,472],"class_list":{"0":"post-35055","1":"post","2":"type-post","3":"status-publish","4":"format-standard","5":"has-post-thumbnail","7":"category-sport","8":"tag-no","9":"tag-norge","10":"tag-norsk-fotball","11":"tag-norway","12":"tag-sport","13":"tag-sports","14":"tag-tromso-il"},"share_on_mastodon":{"url":"","error":""},"_links":{"self":[{"href":"https:\/\/www.europesays.com\/no\/wp-json\/wp\/v2\/posts\/35055","targetHints":{"allow":["GET"]}}],"collection":[{"href":"https:\/\/www.europesays.com\/no\/wp-json\/wp\/v2\/posts"}],"about":[{"href":"https:\/\/www.europesays.com\/no\/wp-json\/wp\/v2\/types\/post"}],"author":[{"embeddable":true,"href":"https:\/\/www.europesays.com\/no\/wp-json\/wp\/v2\/users\/2"}],"replies":[{"embeddable":true,"href":"https:\/\/www.europesays.com\/no\/wp-json\/wp\/v2\/comments?post=35055"}],"version-history":[{"count":0,"href":"https:\/\/www.europesays.com\/no\/wp-json\/wp\/v2\/posts\/35055\/revisions"}],"wp:featuredmedia":[{"embeddable":true,"href":"https:\/\/www.europesays.com\/no\/wp-json\/wp\/v2\/media\/35056"}],"wp:attachment":[{"href":"https:\/\/www.europesays.com\/no\/wp-json\/wp\/v2\/media?parent=35055"}],"wp:term":[{"taxonomy":"category","embeddable":true,"href":"https:\/\/www.europesays.com\/no\/wp-json\/wp\/v2\/categories?post=35055"},{"taxonomy":"post_tag","embeddable":true,"href":"https:\/\/www.europesays.com\/no\/wp-json\/wp\/v2\/tags?post=35055"}],"curies":[{"name":"wp","href":"https:\/\/api.w.org\/{rel}","templated":true}]}}