{"id":35061,"date":"2025-09-14T12:12:23","date_gmt":"2025-09-14T12:12:23","guid":{"rendered":"https:\/\/www.europesays.com\/no\/35061\/"},"modified":"2025-09-14T12:12:23","modified_gmt":"2025-09-14T12:12:23","slug":"munthe-kaas-ut-mot-fokuset-pa-formueskatten-under-valgkampen","status":"publish","type":"post","link":"https:\/\/www.europesays.com\/no\/35061\/","title":{"rendered":"Munthe-Kaas ut mot fokuset p\u00e5 formueskatten under valgkampen"},"content":{"rendered":"<p><strong>Oda-gr\u00fcnder Karl Munthe-Kaas ble en uventet sentral skikkelse i valgkampen, etter \u00e5 ha frontet det han mener er en overdrevet debatt om formuesskatt. N\u00e5 etterlyser han st\u00f8rre realisme og flere konkrete tiltak for gr\u00fcndere.<\/strong><\/p>\n<p>\u2013 Vi sliter med gr\u00fcnderskap i Norge. Det er mange problemer \u00e5 l\u00f8se. Men formuesskatten er ikke ett av dem, sier Munthe-Kaas til <a href=\"https:\/\/www.dn.no\/magasinet\/politikk\/-hvilken-idiot-strateg-var-det-som-fant-ut-at-valgkampen-skulle-handle-om-formuesskatt\/2-1-1871285\" rel=\"nofollow noopener\" target=\"_blank\">DN<\/a>, og mener hele temaet har f\u00e5tt overdreven plass i valgkampen.<\/p>\n<p>Gr\u00fcnderen deltok i Arbeiderpartiets valgsending og tok samtidig et tydelig oppgj\u00f8r med det han omtaler som unyansert skattedebatt. Han mener opsjonsbeskatning og exit-skatt for utlendinger er viktigere temaer for innovasjon og talenttiltrekking.<\/p>\n<p>\u2013 Det at en samlet h\u00f8yreside hadde formuesskatten som sitt svar p\u00e5 alle problemer i n\u00e6ringslivet, gj\u00f8r at jeg tenker de egentlig ikke forst\u00e5r hverken n\u00e6ringsliv eller samfunns\u00f8konomi spesielt godt, sier han.<\/p>\n<p>Munthe-Kaas, som har utdanning i samfunns\u00f8konomi fra UiO og LSE, \u00f8nsker seg et bredt skatteforlik. Han understreker at han ikke lar seg bruke politisk, men at han snakker p\u00e5 vegne av milj\u00f8et han selv er en del av.<\/p>\n<p>\u2013 N\u00e5r vi snakker om gr\u00fcnderne, snakker vi om vennene mine, og om folk jeg jobber med. Jeg lever i stor grad i dette ekkokammeret, sier han.<\/p>\n","protected":false},"excerpt":{"rendered":"Oda-gr\u00fcnder Karl Munthe-Kaas ble en uventet sentral skikkelse i valgkampen, etter \u00e5 ha frontet det han mener er&hellip;\n","protected":false},"author":2,"featured_media":35062,"comment_status":"","ping_status":"","sticky":false,"template":"","format":"standard","meta":{"footnotes":""},"categories":[10],"tags":[20,21,24,25,5603,15,5604,22,23,13,30,28,29,14,5605,16,26,27],"class_list":{"0":"post-35061","1":"post","2":"type-post","3":"status-publish","4":"format-standard","5":"has-post-thumbnail","7":"category-norge","8":"tag-breaking-news","9":"tag-breakingnews","10":"tag-featured-news","11":"tag-featurednews","12":"tag-formueskatten","13":"tag-headlines","14":"tag-karl-munthe-kaas","15":"tag-latest-news","16":"tag-latestnews","17":"tag-news","18":"tag-no","19":"tag-norge","20":"tag-norway","21":"tag-nyheter","22":"tag-oda","23":"tag-overskrifter","24":"tag-top-stories","25":"tag-topstories"},"share_on_mastodon":{"url":"","error":""},"_links":{"self":[{"href":"https:\/\/www.europesays.com\/no\/wp-json\/wp\/v2\/posts\/35061","targetHints":{"allow":["GET"]}}],"collection":[{"href":"https:\/\/www.europesays.com\/no\/wp-json\/wp\/v2\/posts"}],"about":[{"href":"https:\/\/www.europesays.com\/no\/wp-json\/wp\/v2\/types\/post"}],"author":[{"embeddable":true,"href":"https:\/\/www.europesays.com\/no\/wp-json\/wp\/v2\/users\/2"}],"replies":[{"embeddable":true,"href":"https:\/\/www.europesays.com\/no\/wp-json\/wp\/v2\/comments?post=35061"}],"version-history":[{"count":0,"href":"https:\/\/www.europesays.com\/no\/wp-json\/wp\/v2\/posts\/35061\/revisions"}],"wp:featuredmedia":[{"embeddable":true,"href":"https:\/\/www.europesays.com\/no\/wp-json\/wp\/v2\/media\/35062"}],"wp:attachment":[{"href":"https:\/\/www.europesays.com\/no\/wp-json\/wp\/v2\/media?parent=35061"}],"wp:term":[{"taxonomy":"category","embeddable":true,"href":"https:\/\/www.europesays.com\/no\/wp-json\/wp\/v2\/categories?post=35061"},{"taxonomy":"post_tag","embeddable":true,"href":"https:\/\/www.europesays.com\/no\/wp-json\/wp\/v2\/tags?post=35061"}],"curies":[{"name":"wp","href":"https:\/\/api.w.org\/{rel}","templated":true}]}}