{"id":35093,"date":"2025-09-14T13:16:09","date_gmt":"2025-09-14T13:16:09","guid":{"rendered":"https:\/\/www.europesays.com\/no\/35093\/"},"modified":"2025-09-14T13:16:09","modified_gmt":"2025-09-14T13:16:09","slug":"casper-stornes-tok-gull-foran-gustav-iden-og-kristian-blummenfelt","status":"publish","type":"post","link":"https:\/\/www.europesays.com\/no\/35093\/","title":{"rendered":"Casper Stornes tok gull foran Gustav Iden og Kristian Blummenfelt"},"content":{"rendered":"\n<p class=\"_lead_ew2ao_2 _lead_xtcu6_50 layout-component text-serif-m layout-normal text-serif-l layout-component layout-wide layout-padded _wide_17hqh_1 layout-padded\">Casper Stornes (28), Gustav Iden (29) og Kristian Blummenfelt (31) skrev norsk idrettshistorie i VM i Ironman.<\/p>\n<p><img alt=\"Casper Stornes under OL i Tokyo.  Foto: Lise \u00c5serud \/ NTB\" class=\"_image_qp4xg_65 layout-component layout-wide\" data-fullscreen- data-track-element-type=\"Article image fullscreen\" data-track-name=\"ImageFullscreen\" fetchpriority=\"high\" decoding=\"sync\" loading=\"eager\" height=\"2023\" itemprop=\"image\"  src=\"https:\/\/www.europesays.com\/no\/wp-content\/uploads\/2025\/09\/edff35fb-8d06-4950-b3d5-c8e6365d7a44\"  style=\"object-position:0% 0%\" width=\"3035\"\/>Casper Stornes under OL i Tokyo.  Foto: Lise \u00c5serud \/ NTB<\/p>\n<ul aria-hidden=\"true\" class=\"_images_1y6fe_106\">\n<li><a class=\"_link_1y6fe_111\" href=\"https:\/\/www.vg.no\/forfatter\/sindre-espe\" style=\"z-index:2\" title=\"Sindre Espe\" rel=\"nofollow noopener\" target=\"_blank\"><img alt=\"Bilde av Sindre Espe\" class=\"_image_1y6fe_88\" fetchpriority=\"low\" loading=\"lazy\" decoding=\"async\" itemprop=\"image\"  src=\"https:\/\/www.europesays.com\/no\/wp-content\/uploads\/2025\/09\/1757855768_108_5d41d29b-af5f-421d-80e6-42e6d80fe76e\"  width=\"480\"\/><\/a><\/li>\n<li><a class=\"_link_1y6fe_111\" href=\"https:\/\/www.vg.no\/forfatter\/eirik-soerenmo-paasche\" style=\"z-index:1\" title=\"Eirik S\u00f8renmo P\u00e5sche\" rel=\"nofollow noopener\" target=\"_blank\"><img alt=\"Bilde av Eirik S\u00f8renmo P\u00e5sche\" class=\"_image_1y6fe_88\" fetchpriority=\"low\" loading=\"lazy\" decoding=\"async\" itemprop=\"image\"  src=\"https:\/\/www.europesays.com\/no\/wp-content\/uploads\/2025\/09\/1757855769_410_cfda420f-d23e-4c6c-b420-faa95e9679ed\"  width=\"480\"\/><\/a><\/li>\n<\/ul>\n<p> Oppdatert s\u00f8ndag 14. september kl. 15:15     <\/p>\n<p class=\"_paragraph_ew2ao_4 _paragraph_xtcu6_10 layout-component text-serif-m layout-normal text-serif-m layout-padded\">Aldri f\u00f8r har Norge tapetsert pallen i det offisielle verdensmesterskapet. S\u00f8ndag i franske Nice gjorde Casper Stornes som Blummenfelt i 2021 og Iden i 2022 \u2013 tok VM-gull. <\/p>\n<p class=\"_paragraph_ew2ao_4 _paragraph_xtcu6_10 layout-component text-serif-m layout-normal text-serif-m layout-padded\">28-\u00e5ringen fra Ask\u00f8y var s\u00e5 overlegen at han tok seg tid til \u00e5 ta \u00abhighfives\u00bb med publikum. Stornes krysset m\u00e5llinjen i ensom majestet p\u00e5 tiden syv timer, 51 minutter og 36 sekunder.<\/p>\n<p class=\"_paragraph_ew2ao_4 _paragraph_xtcu6_10 layout-component text-serif-m layout-normal text-serif-m layout-padded\">\u2013 Jeg visste at jeg hadde en sjanse til \u00e5 vinne, men da m\u00e5tte jeg sl\u00e5 to veldig t\u00f8ffe konkurrenter. Jeg er i ekstase n\u00e5, jeg er s\u00e5 lykkelig, sier Stornes til arrang\u00f8ren etter trimufen. <\/p>\n<p class=\"_paragraph_ew2ao_4 _paragraph_xtcu6_10 layout-component text-serif-m layout-normal text-serif-m layout-padded\">Blummenfelt og Iden fulgte hverandre lenge som skygger p\u00e5 l\u00f8pedelen, men den olympiske mesteren fra 2021 fikk det fryktelig t\u00f8ft mot slutten.<\/p>\n<p class=\"_paragraph_ew2ao_4 _paragraph_xtcu6_10 layout-component text-serif-m layout-normal text-serif-m layout-padded\">31-\u00e5ringen fikk kramper med rundt to kilometer igjen og stoppet helt opp flere, men klarte likevel \u00e5 kare seg til m\u00e5l. Blummenfelt ble passert av Iden \u2013 men det ble likevel norsk trippel.<\/p>\n<p class=\"_paragraph_ew2ao_4 _paragraph_xtcu6_10 layout-component text-serif-m layout-normal text-serif-m layout-padded\">Iden tok s\u00f8lvet p\u00e5 tiden 7.54.13, mens Blummenfelts tid ble 7.56.34. <\/p>\n<p class=\"_paragraph_ew2ao_4 _paragraph_xtcu6_10 layout-component text-serif-m layout-normal text-serif-m layout-padded\">\u2013 De (Blummenfelt og Iden) har pushet meg i s\u00e5 mange \u00e5r. De er de beste jeg kunne delt dette med, sier Stornes. <\/p>\n<p><img alt=\"Blummenfelt og Iden etter OL i Tokyo i 2021. Da tok Blummenfelt gull, mens Iden ble nummer \u00e5tte.  Foto: Marit Hommedal \/ NTB\" class=\"_image_qp4xg_65 layout-component layout-normal\" data-fullscreen- data-track-element-type=\"Article image fullscreen\" data-track-name=\"ImageFullscreen\" decoding=\"async\" loading=\"lazy\" height=\"3466\" itemprop=\"image\"  src=\"https:\/\/www.europesays.com\/no\/wp-content\/uploads\/2025\/09\/bee000f4-278b-4ba4-98be-f3f574bfbefb\"  style=\"object-position:0% 0%\" width=\"5218\"\/>Blummenfelt og Iden etter OL i Tokyo i 2021. Da tok Blummenfelt gull, mens Iden ble nummer \u00e5tte.  Foto: Marit Hommedal \/ NTB<\/p>\n<p class=\"_paragraph_ew2ao_4 _paragraph_xtcu6_10 layout-component text-serif-m layout-normal text-serif-m layout-padded\">\u2013 Det var helt sinnssykt. Jeg er s\u00e5 stolt av Casper. \u00c5 vinne her er bare noe man dr\u00f8mmer om, at han gj\u00f8r det her p\u00e5 sitt f\u00f8rste fors\u00f8k er bare helt fantastisk, sier s\u00f8lvmedalj\u00f8r Gustav Iden.<\/p>\n<p class=\"_paragraph_ew2ao_4 _paragraph_xtcu6_10 layout-component text-serif-m layout-normal text-serif-m layout-padded\">Den knallharde triatlonkonkurransen regnes som \u00e9n av de mest krevende utholdenhetskonkurransene i verden:<\/p>\n<ul class=\"_list_ew2ao_3 _list_xtcu6_9 _unordered_ew2ao_99 layout-component text-serif-m layout-normal text-serif-m layout-padded\">\n<li class=\"_item_ew2ao_30\">Det starter med 3,8 kilometer sv\u00f8mming<\/li>\n<li class=\"_item_ew2ao_30\">Deretter hopper de over p\u00e5 sykkelen og tr\u00e5kker seg gjennom 180 kilometer<\/li>\n<li class=\"_item_ew2ao_30\">F\u00f8r det avsluttes med et maraton \u2013 42,2 kilometer l\u00f8ping<\/li>\n<\/ul>\n<p class=\"_paragraph_ew2ao_4 _paragraph_xtcu6_10 layout-component text-serif-m layout-normal text-serif-m layout-padded\">Klokken 06.25 kastet ut\u00f8verne seg i vannet i den franske kystbyen. Etter sykkeletappen l\u00e5 Iden best an p\u00e5 2.-plass av trioen, tett fulgt av treningskameratene \u2013 som alle har base i Bergen.<\/p>\n<p class=\"_paragraph_ew2ao_4 _paragraph_xtcu6_10 layout-component text-serif-m layout-normal text-serif-m layout-padded\">P\u00e5 l\u00f8pingen var Stornes etter hvert i en klasse for seg. 28-\u00e5ringen \u00f8kte jevnt og trutt ledelsen og var til slutt to minutter og 37 sekunder foran Iden og fire minutter og 58 sekunder foran Blummenfelt. <\/p>\n<p>De norskes tider<\/p>\n<p class=\"_paragraph_ew2ao_4 _paragraph_xtcu6_10 _paragraph_16v91_10 layout-component text-serif-m layout-normal text-sans-m layout-padded\"><strong class=\"_strong_ew2ao_25\">Sv\u00f8mming<\/strong> (sammenlagtplassering p\u00e5 dav\u00e6rende tidspunkt i parentes):<\/p>\n<ul class=\"_list_ew2ao_3 _list_xtcu6_9 _list_16v91_9 _unordered_ew2ao_99 layout-component text-serif-m layout-normal text-sans-m layout-padded\">\n<li class=\"_item_ew2ao_30\">Blummenfelt: 46 minutter og \u00e5tte sekunder (13.-plass)<\/li>\n<li class=\"_item_ew2ao_30\">Iden: 47 minutter og 14 sekunder (29.-plass)<\/li>\n<li class=\"_item_ew2ao_30\">Stornes: 45 minutter og 21 sekunder (10.-plass<\/li>\n<\/ul>\n<p class=\"_paragraph_ew2ao_4 _paragraph_xtcu6_10 _paragraph_16v91_10 layout-component text-serif-m layout-normal text-sans-m layout-padded\"><strong class=\"_strong_ew2ao_25\">Sykling:<\/strong><\/p>\n<ul class=\"_list_ew2ao_3 _list_xtcu6_9 _list_16v91_9 _unordered_ew2ao_99 layout-component text-serif-m layout-normal text-sans-m layout-padded\">\n<li class=\"_item_ew2ao_30\">Blummenfelt: Fire timer, 31 minutter og 20 sekunder (4.-plass)<\/li>\n<li class=\"_item_ew2ao_30\">Iden: Fire timer, 30 minutter og 17 sekunder (2.-plass)<\/li>\n<li class=\"_item_ew2ao_30\">Stornes: Fire timer, 31 minutter og 26 sekunder (5.-plass) <\/li>\n<\/ul>\n<p class=\"_paragraph_ew2ao_4 _paragraph_xtcu6_10 _paragraph_16v91_10 layout-component text-serif-m layout-normal text-sans-m layout-padded\"><strong class=\"_strong_ew2ao_25\">L\u00f8ping:<\/strong><\/p>\n<ul class=\"_list_ew2ao_3 _list_xtcu6_9 _list_16v91_9 _unordered_ew2ao_99 layout-component text-serif-m layout-normal text-sans-m layout-padded\">\n<li class=\"_item_ew2ao_30\">Blummenfelt: To timer, 34 minutter og 36 sekunder (3.-plass)<\/li>\n<li class=\"_item_ew2ao_30\">Iden: To timer, 32 minutter og 15 sekunder (2.-plass)<\/li>\n<li class=\"_item_ew2ao_30\">Stornes: To timer, 29 minutter og 22 sekunder (1.-plass)<\/li>\n<\/ul>\n<p>Vis mer<\/p>\n<p class=\"_paragraph_ew2ao_4 _paragraph_xtcu6_10 layout-component text-serif-m layout-normal text-serif-m layout-padded\">Dette var Norges tredje gull i Ironman-VM \u2013 og den sjette medaljen totalt. <\/p>\n<p class=\"_paragraph_ew2ao_4 _paragraph_xtcu6_10 layout-component text-serif-m layout-normal text-serif-m layout-padded\">Blummenfelt tok seieren i 2021 med tiden 7.49.16, mens Iden vant \u00e5ret etter p\u00e5 7.40.24. Da tok Blummenfelt bronse etter \u00e5 ha kommet i m\u00e5l tre minutter senere, med 7.43.23.<\/p>\n<p class=\"_paragraph_ew2ao_4 _paragraph_xtcu6_10 layout-component text-serif-m layout-normal text-serif-m layout-padded\">L\u00f8yperekorden tilh\u00f8rer tyske Patrick Lange, som klokket inn p\u00e5 7.35.53 i fjor.<\/p>\n<p class=\"_paragraph_ew2ao_4 _paragraph_xtcu6_10 layout-component text-serif-m layout-normal text-serif-m layout-padded\">Fikk du med deg dette?<\/p>\n<p class=\"_paragraph_ew2ao_4 _paragraph_xtcu6_10 layout-component text-serif-m layout-normal text-serif-m layout-padded\">Trioen p\u00e5 en trenings\u00f8kt i sommer:<\/p>\n","protected":false},"excerpt":{"rendered":"Casper Stornes (28), Gustav Iden (29) og Kristian Blummenfelt (31) skrev norsk idrettshistorie i VM i Ironman. Casper&hellip;\n","protected":false},"author":2,"featured_media":35094,"comment_status":"","ping_status":"","sticky":false,"template":"","format":"standard","meta":{"footnotes":""},"categories":[5],"tags":[20,21,5615,24,25,5614,15,19,3009,5613,22,23,17,18,13,30,28,29,14,16,26,27,3008],"class_list":{"0":"post-35093","1":"post","2":"type-post","3":"status-publish","4":"format-standard","5":"has-post-thumbnail","7":"category-overskrifter","8":"tag-breaking-news","9":"tag-breakingnews","10":"tag-casper-stornes","11":"tag-featured-news","12":"tag-featurednews","13":"tag-gustav-iden","14":"tag-headlines","15":"tag-hovedoppslag","16":"tag-ironman","17":"tag-kristian-blummenfelt","18":"tag-latest-news","19":"tag-latestnews","20":"tag-main-news","21":"tag-mainnews","22":"tag-news","23":"tag-no","24":"tag-norge","25":"tag-norway","26":"tag-nyheter","27":"tag-overskrifter","28":"tag-top-stories","29":"tag-topstories","30":"tag-triatlon"},"share_on_mastodon":{"url":"","error":""},"_links":{"self":[{"href":"https:\/\/www.europesays.com\/no\/wp-json\/wp\/v2\/posts\/35093","targetHints":{"allow":["GET"]}}],"collection":[{"href":"https:\/\/www.europesays.com\/no\/wp-json\/wp\/v2\/posts"}],"about":[{"href":"https:\/\/www.europesays.com\/no\/wp-json\/wp\/v2\/types\/post"}],"author":[{"embeddable":true,"href":"https:\/\/www.europesays.com\/no\/wp-json\/wp\/v2\/users\/2"}],"replies":[{"embeddable":true,"href":"https:\/\/www.europesays.com\/no\/wp-json\/wp\/v2\/comments?post=35093"}],"version-history":[{"count":0,"href":"https:\/\/www.europesays.com\/no\/wp-json\/wp\/v2\/posts\/35093\/revisions"}],"wp:featuredmedia":[{"embeddable":true,"href":"https:\/\/www.europesays.com\/no\/wp-json\/wp\/v2\/media\/35094"}],"wp:attachment":[{"href":"https:\/\/www.europesays.com\/no\/wp-json\/wp\/v2\/media?parent=35093"}],"wp:term":[{"taxonomy":"category","embeddable":true,"href":"https:\/\/www.europesays.com\/no\/wp-json\/wp\/v2\/categories?post=35093"},{"taxonomy":"post_tag","embeddable":true,"href":"https:\/\/www.europesays.com\/no\/wp-json\/wp\/v2\/tags?post=35093"}],"curies":[{"name":"wp","href":"https:\/\/api.w.org\/{rel}","templated":true}]}}