{"id":35415,"date":"2025-09-14T20:45:16","date_gmt":"2025-09-14T20:45:16","guid":{"rendered":"https:\/\/www.europesays.com\/no\/35415\/"},"modified":"2025-09-14T20:45:16","modified_gmt":"2025-09-14T20:45:16","slug":"dukket-opp-i-nakenkjole-2","status":"publish","type":"post","link":"https:\/\/www.europesays.com\/no\/35415\/","title":{"rendered":"Dukket opp i \u00abnakenkjole\u00bb"},"content":{"rendered":"<p class=\"kicker \" style=\"\">Margot Robbie:\u00a0<\/p>\n<p>  Filmstjernen viste \u00ad\u00abalt\u00bb da hun ankom filmpremieren i London.<\/p>\n<p>\n    PREMIERE: Margot Robbie poserer for fotografer ved ankomst til premieren av filmen \u00abA Big Bold Beautiful Journey\u00bb torsdag 11. september 2025 p\u00e5 Odeon Luxe Leicester Square i London. Foto: AP\/NTB\n  <\/p>\n<p>Skuespiller Margot Robbie (35) vekker sterke reaksjoner etter at hun dukket opp i en dristig gjennomsiktig kjole under sin egen filmpremiere i London.<\/p>\n<p>    <a itemprop=\"url\" href=\"https:\/\/www.seher.no\/kjendis\/sjokkbilder-vekker-oppsikt\/83588589\" rel=\"nofollow noopener\" target=\"_blank\"><\/p>\n<p>      <img loading=\"lazy\" decoding=\"async\" src=\"https:\/\/www.europesays.com\/no\/wp-content\/uploads\/2025\/09\/83588595.webp\" width=\"980\" height=\"441\" title=\"Sjokkbilder vekker oppsikt\" alt=\"\" class=\"lazyload\" style=\"--aspect-ratio-image: 2.22; \"\/><\/p>\n<p>        Sjokkbilder vekker oppsikt <\/p>\n<p>    <\/a><\/p>\n<p>Robbie, kjent fra storfilmer som \u00abBarbie\u00bb, \u00abThe Wolf of Wall Street\u00bb og \u00abSuicide Squad\u00bb, satte sosiale medier i fyr og flamme torsdag kveld. Anledningen var premieren p\u00e5 filmen \u00abA Big Bold Beautiful Journey\u00bb, hvor hun spiller mot skuespiller Colin Farrell (49).<\/p>\n<p>          <img loading=\"lazy\" decoding=\"async\" src=\"https:\/\/www.europesays.com\/no\/wp-content\/uploads\/2025\/09\/83589920.webp\" width=\"686\" height=\"618\" title=\"GJENNOMSIKTIG? Margot Robbie dukket opp i denne kjolen under egen premiere. Foto: AP\/ NTB\" alt=\"\" class=\"\" style=\"--aspect-ratio-image: 1.11; \"\/><\/p>\n<p>\n          GJENNOMSIKTIG? Margot Robbie dukket opp i denne kjolen under egen premiere. Foto: AP\/ NTB\n      <\/p>\n<p>Ros og kritikk\t<\/p>\n<p>P\u00e5 den r\u00f8de l\u00f8peren dukket Robbie opp i en gjennomsiktig, perlebesatt couture-kjole fra Armani Priv\u00e9 &#8211; en hyllest til moteskaper Giorgio Armani, som d\u00f8de tidligere i september, 91 \u00e5r gammel.\u00a0<\/p>\n<p>          <img loading=\"lazy\" decoding=\"async\" src=\"https:\/\/www.europesays.com\/no\/wp-content\/uploads\/2025\/09\/83589925.webp\" width=\"686\" height=\"392\" title=\"GJENGEN: Regiss\u00f8r Kogonada, fra venstre, Margot Robbie, Seth Reiss og Colin Farrell poserer for fotografer ved ankomst til premieren. Foto: AP\/ NTB\" alt=\"\" class=\"\" style=\"--aspect-ratio-image: 1.75; \"\/><\/p>\n<p>\n          GJENGEN: Regiss\u00f8r Kogonada, fra venstre, Margot Robbie, Seth Reiss og Colin Farrell poserer for fotografer ved ankomst til premieren. Foto: AP\/ NTB\n      <\/p>\n<p>Kjolen, som avsl\u00f8rte b\u00e5de former og silhuett, har f\u00e5tt b\u00e5de ros og kraftig kritikk.<\/p>\n<p>Det skriver <a href=\"https:\/\/www.huffpost.com\/entry\/margot-robbie-dons-gorgeous-naked-dress-on-red-carpet-but-its-getting-some-backlash_n_68c44c56e4b0b505740851dc?origin=home-whats-happening-unit\" rel=\"nofollow noopener\" target=\"_blank\">Huffpost<\/a> som ogs\u00e5 har omtalt saken.\u00a0<\/p>\n<p>          <img loading=\"lazy\" decoding=\"async\" src=\"https:\/\/www.europesays.com\/no\/wp-content\/uploads\/2025\/09\/83590018.webp\" width=\"686\" height=\"625\" title=\"BLOMST: Kjolen har en blomst-detalj p\u00e5 ryggen. Foto: AP\/NTB\" alt=\"\" class=\"\" style=\"--aspect-ratio-image: 1.10; \"\/><\/p>\n<p>\n          BLOMST: Kjolen har en blomst-detalj p\u00e5 ryggen. Foto: AP\/NTB\n      <\/p>\n<p>&#8211; Wow\t<\/p>\n<p>Mens flere hyllet Robbie for det glamor\u00f8se og v\u00e5gale antrekket, var andre mindre begeistret.\u00a0<\/p>\n<p>P\u00e5 plattformer som Instagram og X har diskusjonen rast.<\/p>\n<p>\u00abWow wow wow\u00bb, skrev \u00e9n <a href=\"https:\/\/www.instagram.com\/p\/DOeShO5k0Aj\/?hl=en\" rel=\"nofollow noopener\" target=\"_blank\">begeistret f\u00f8lger.<\/a><\/p>\n<p>\u00a0\u00abBroderiet og paljettarbeidet p\u00e5 den kjolen er helt utrolig \u00bb, <a href=\"https:\/\/www.instagram.com\/p\/DOeShO5k0Aj\/?hl=en\" rel=\"nofollow noopener\" target=\"_blank\">skrev en annen.<\/a><\/p>\n<p>        SER R\u00d8DT: To deltakere g\u00e5r bak ryggen til den andre og bruke flere titalls tusen av premiepotten. Video: NRK TV \/ \u00abVille fristelser\u00bb\/ R\u00f8d L\u00f8per<\/p>\n<p>Men det var langt fra unison applaus.<\/p>\n<p>\u00abTrodde hun hadde mer klasse\u00bb, skriver en bruker.\u00a0<\/p>\n<p>\u00abForkastelig at noen kvinne g\u00e5r slik kledd offentlig\u00bb, <a href=\"https:\/\/x.com\/MapEffects\/status\/1966237977711095872\" rel=\"nofollow\">sier en annen<\/a>.<\/p>\n<p><script async src=\"\/\/www.instagram.com\/embed.js\"><\/script><\/p>\n","protected":false},"excerpt":{"rendered":"Margot Robbie:\u00a0 Filmstjernen viste \u00ad\u00abalt\u00bb da hun ankom filmpremieren i London. PREMIERE: Margot Robbie poserer for fotografer ved&hellip;\n","protected":false},"author":2,"featured_media":35416,"comment_status":"","ping_status":"","sticky":false,"template":"","format":"standard","meta":{"footnotes":""},"categories":[10],"tags":[20,21,24,25,15,479,2543,22,23,4507,13,30,28,29,14,16,26,27],"class_list":{"0":"post-35415","1":"post","2":"type-post","3":"status-publish","4":"format-standard","5":"has-post-thumbnail","7":"category-norge","8":"tag-breaking-news","9":"tag-breakingnews","10":"tag-featured-news","11":"tag-featurednews","12":"tag-headlines","13":"tag-kjendis","14":"tag-kjendisdesken","15":"tag-latest-news","16":"tag-latestnews","17":"tag-margot-robbie","18":"tag-news","19":"tag-no","20":"tag-norge","21":"tag-norway","22":"tag-nyheter","23":"tag-overskrifter","24":"tag-top-stories","25":"tag-topstories"},"share_on_mastodon":{"url":"","error":""},"_links":{"self":[{"href":"https:\/\/www.europesays.com\/no\/wp-json\/wp\/v2\/posts\/35415","targetHints":{"allow":["GET"]}}],"collection":[{"href":"https:\/\/www.europesays.com\/no\/wp-json\/wp\/v2\/posts"}],"about":[{"href":"https:\/\/www.europesays.com\/no\/wp-json\/wp\/v2\/types\/post"}],"author":[{"embeddable":true,"href":"https:\/\/www.europesays.com\/no\/wp-json\/wp\/v2\/users\/2"}],"replies":[{"embeddable":true,"href":"https:\/\/www.europesays.com\/no\/wp-json\/wp\/v2\/comments?post=35415"}],"version-history":[{"count":0,"href":"https:\/\/www.europesays.com\/no\/wp-json\/wp\/v2\/posts\/35415\/revisions"}],"wp:featuredmedia":[{"embeddable":true,"href":"https:\/\/www.europesays.com\/no\/wp-json\/wp\/v2\/media\/35416"}],"wp:attachment":[{"href":"https:\/\/www.europesays.com\/no\/wp-json\/wp\/v2\/media?parent=35415"}],"wp:term":[{"taxonomy":"category","embeddable":true,"href":"https:\/\/www.europesays.com\/no\/wp-json\/wp\/v2\/categories?post=35415"},{"taxonomy":"post_tag","embeddable":true,"href":"https:\/\/www.europesays.com\/no\/wp-json\/wp\/v2\/tags?post=35415"}],"curies":[{"name":"wp","href":"https:\/\/api.w.org\/{rel}","templated":true}]}}