{"id":35425,"date":"2025-09-14T20:57:07","date_gmt":"2025-09-14T20:57:07","guid":{"rendered":"https:\/\/www.europesays.com\/no\/35425\/"},"modified":"2025-09-14T20:57:07","modified_gmt":"2025-09-14T20:57:07","slug":"kirby-air-riders-tar-fly-med-dyre-nye-amiibo-figurer","status":"publish","type":"post","link":"https:\/\/www.europesays.com\/no\/35425\/","title":{"rendered":"Kirby Air Riders tar fly med dyre nye Amiibo-figurer"},"content":{"rendered":"<p>Sett av 20. november i kalenderen, for da g\u00e5r Kirby Air Riders endelig til himmels. For \u00e5 feire lanseringen lanserer Nintendo to splitter nye Amiibo-figurer, og de kommer med en fin liten vri. I stedet for de brede basene vi er vant til, har disse Amiibo-figurene kompakte stativer med utskiftbare figurer, slik at du kan bytte Kirby og vennene hans mellom dem. Det er en leken, utstillingsvennlig oppgradering som passer perfekt til den rosa heltens finurlige univers.<\/p>\n<p>De to settene &#8211; Kirby &amp; Warp Star og Bandana Waddle Dee &amp; Winged Star &#8211; er nydelige, sv\u00e6rt detaljerte og vil garantert friste samlere. Men det er en hake: den innovative basisdesignen gj\u00f8r at prisen \u00f8ker ganske mye. Nintendo oppgir dem til rundt $ 50 USD hver. Med andre ord, mer enn halvparten av prisen p\u00e5 selve spillet.<\/p>\n<p>Selv om figurene unektelig er bed\u00e5rende, kan man stille sp\u00f8rsm\u00e5l ved om merprisen er berettiget. Likevel, med Kirby Air Riders p\u00e5 vei til \u00e5 bli en av \u00e5rets mest fargerike flerspilleropplevelser, er det vanskelig \u00e5 forestille seg at disse Amiibos blir liggende lenge i hyllene. Forvent raskt utsalg og, uunng\u00e5elig, et livlig videresalgsmarked n\u00e5r lanseringsdagen kommer.<\/p>\n<p><img loading=\"lazy\" decoding=\"async\" id=\"img-1863293-4669233\" data-fullsize=\"\/media\/92\/_4669233b.jpg\" data-lazy=\"\" src=\"https:\/\/www.gamereactor.nohttps:\/\/www.gamereactor.no\/media\/92\/_4669233_650x.jpg\" width=\"650\" onclick=\"if (!window.__cfRLUnblockHandlers) return false; gallery_openmodal('1863293','4669233',false,'ccaa23d2a78f88c1e66e4d662ab73056');\" height=\"366\" alt=\"Kirby Air Riders\" class=\"rwd_col_content lazy\" data-cf-modified-6ccf13815fe1c58a2a084736-=\"\"\/><\/p>\n","protected":false},"excerpt":{"rendered":"Sett av 20. november i kalenderen, for da g\u00e5r Kirby Air Riders endelig til himmels. For \u00e5 feire&hellip;\n","protected":false},"author":2,"featured_media":35426,"comment_status":"","ping_status":"","sticky":false,"template":"","format":"standard","meta":{"footnotes":""},"categories":[57],"tags":[30,28,29,65,63,64,66,70,69,67,68],"class_list":{"0":"post-35425","1":"post","2":"type-post","3":"status-publish","4":"format-standard","5":"has-post-thumbnail","7":"category-vitenskap-og-teknologi","8":"tag-no","9":"tag-norge","10":"tag-norway","11":"tag-science","12":"tag-science-and-technology","13":"tag-scienceandtechnology","14":"tag-technology","15":"tag-teknologi","16":"tag-vitenskap","17":"tag-vitenskap-og-teknologi","18":"tag-vitenskapteknologi"},"share_on_mastodon":{"url":"","error":""},"_links":{"self":[{"href":"https:\/\/www.europesays.com\/no\/wp-json\/wp\/v2\/posts\/35425","targetHints":{"allow":["GET"]}}],"collection":[{"href":"https:\/\/www.europesays.com\/no\/wp-json\/wp\/v2\/posts"}],"about":[{"href":"https:\/\/www.europesays.com\/no\/wp-json\/wp\/v2\/types\/post"}],"author":[{"embeddable":true,"href":"https:\/\/www.europesays.com\/no\/wp-json\/wp\/v2\/users\/2"}],"replies":[{"embeddable":true,"href":"https:\/\/www.europesays.com\/no\/wp-json\/wp\/v2\/comments?post=35425"}],"version-history":[{"count":0,"href":"https:\/\/www.europesays.com\/no\/wp-json\/wp\/v2\/posts\/35425\/revisions"}],"wp:featuredmedia":[{"embeddable":true,"href":"https:\/\/www.europesays.com\/no\/wp-json\/wp\/v2\/media\/35426"}],"wp:attachment":[{"href":"https:\/\/www.europesays.com\/no\/wp-json\/wp\/v2\/media?parent=35425"}],"wp:term":[{"taxonomy":"category","embeddable":true,"href":"https:\/\/www.europesays.com\/no\/wp-json\/wp\/v2\/categories?post=35425"},{"taxonomy":"post_tag","embeddable":true,"href":"https:\/\/www.europesays.com\/no\/wp-json\/wp\/v2\/tags?post=35425"}],"curies":[{"name":"wp","href":"https:\/\/api.w.org\/{rel}","templated":true}]}}