{"id":35460,"date":"2025-09-14T21:46:14","date_gmt":"2025-09-14T21:46:14","guid":{"rendered":"https:\/\/www.europesays.com\/no\/35460\/"},"modified":"2025-09-14T21:46:14","modified_gmt":"2025-09-14T21:46:14","slug":"stortinget-coop-ansatt-ap-politiker-blir-eneste-med-doktorgrad","status":"publish","type":"post","link":"https:\/\/www.europesays.com\/no\/35460\/","title":{"rendered":"Stortinget: Coop-ansatt Ap-politiker blir eneste med doktorgrad"},"content":{"rendered":"<p>Bare \u00e9n av de 169 representantene har doktorgrad, viser en kartlegging <a href=\"https:\/\/www.khrono.no\/kristine-solli-er-den-eneste-med-doktorgrad-som-er-valgt-inn-pa-stortinget\/998032\" target=\"_blank\" rel=\"nofollow noopener\">Khrono<\/a> har gjennomf\u00f8rt over utdanningsbakgrunnen til det kommende Stortinget.<\/p>\n<p>Arbeiderpartiet fikk inn fire representanter fra S\u00f8r-Tr\u00f8ndelag, der Solli sto p\u00e5 fjerdeplass p\u00e5 listen. Hun mener drahjelp fra finansminister og tidligere Ap-leder Jens Stoltenberg p\u00e5 tampen av valgkampen ga det lille ekstra som fikk henne innvalgt.<\/p>\n<p>\u2013 Jeg hadde et lite h\u00e5p, men samtidig visste vi at det kom til \u00e5 bli ekstremt jevnt. De siste timene var veldig spennende, sier Solli til Khrono.<\/p>\n<p><b>Solli har doktorgrad i politikk fra Cardiff University i Wales. Graden avla hun omtrent samtidig som coronapandemien br\u00f8t ut i 2020, og hun sier hun ble usikker p\u00e5 hva hun skulle bruke utdanningen til.<\/b><\/p>\n<p>Hun valgte \u00e5 engasjere seg i lokalpolitikken, ble etter hvert leder for L\u00f8kken Arbeiderparti og kom inn i kommunestyret. Samtidig har hun jobbet p\u00e5 Coop Extra, en jobb hun har hatt tilknytning til siden hun var 18 \u00e5r.<\/p>\n<p>\u2013 Det blir spesielt \u00e5 forlate butikken. Jeg har et godt forhold til alle kundene og kollegaene mine, og det blir rart ikke \u00e5 se dem hver dag, sier Solli.<\/p>\n<p>Fire andre politikere som har doktorgrad stilte ogs\u00e5 til valg \u2013 to fra MDG og to fra KrF \u2013 men partiene fikk ikke nok stemmer til at de ble innvalgt.<\/p>\n","protected":false},"excerpt":{"rendered":"Bare \u00e9n av de 169 representantene har doktorgrad, viser en kartlegging Khrono har gjennomf\u00f8rt over utdanningsbakgrunnen til det&hellip;\n","protected":false},"author":2,"featured_media":35461,"comment_status":"","ping_status":"","sticky":false,"template":"","format":"standard","meta":{"footnotes":""},"categories":[12],"tags":[499,20,21,24,25,15,22,23,13,30,28,29,14,16,5679,26,27,42,43,44,45],"class_list":{"0":"post-35460","1":"post","2":"type-post","3":"status-publish","4":"format-standard","5":"has-post-thumbnail","7":"category-verden","8":"tag-arbeiderpartiet","9":"tag-breaking-news","10":"tag-breakingnews","11":"tag-featured-news","12":"tag-featurednews","13":"tag-headlines","14":"tag-latest-news","15":"tag-latestnews","16":"tag-news","17":"tag-no","18":"tag-norge","19":"tag-norway","20":"tag-nyheter","21":"tag-overskrifter","22":"tag-stortingsvalg2025","23":"tag-top-stories","24":"tag-topstories","25":"tag-verden","26":"tag-world","27":"tag-world-news","28":"tag-worldnews"},"share_on_mastodon":{"url":"","error":""},"_links":{"self":[{"href":"https:\/\/www.europesays.com\/no\/wp-json\/wp\/v2\/posts\/35460","targetHints":{"allow":["GET"]}}],"collection":[{"href":"https:\/\/www.europesays.com\/no\/wp-json\/wp\/v2\/posts"}],"about":[{"href":"https:\/\/www.europesays.com\/no\/wp-json\/wp\/v2\/types\/post"}],"author":[{"embeddable":true,"href":"https:\/\/www.europesays.com\/no\/wp-json\/wp\/v2\/users\/2"}],"replies":[{"embeddable":true,"href":"https:\/\/www.europesays.com\/no\/wp-json\/wp\/v2\/comments?post=35460"}],"version-history":[{"count":0,"href":"https:\/\/www.europesays.com\/no\/wp-json\/wp\/v2\/posts\/35460\/revisions"}],"wp:featuredmedia":[{"embeddable":true,"href":"https:\/\/www.europesays.com\/no\/wp-json\/wp\/v2\/media\/35461"}],"wp:attachment":[{"href":"https:\/\/www.europesays.com\/no\/wp-json\/wp\/v2\/media?parent=35460"}],"wp:term":[{"taxonomy":"category","embeddable":true,"href":"https:\/\/www.europesays.com\/no\/wp-json\/wp\/v2\/categories?post=35460"},{"taxonomy":"post_tag","embeddable":true,"href":"https:\/\/www.europesays.com\/no\/wp-json\/wp\/v2\/tags?post=35460"}],"curies":[{"name":"wp","href":"https:\/\/api.w.org\/{rel}","templated":true}]}}