{"id":35509,"date":"2025-09-15T00:55:10","date_gmt":"2025-09-15T00:55:10","guid":{"rendered":"https:\/\/www.europesays.com\/no\/35509\/"},"modified":"2025-09-15T00:55:10","modified_gmt":"2025-09-15T00:55:10","slug":"kulturhuset-kultur-dro-ordforerkortet-for-forste-gang-na-kan-jeg-do-lykkelig","status":"publish","type":"post","link":"https:\/\/www.europesays.com\/no\/35509\/","title":{"rendered":"Kulturhuset, Kultur | Dro \u00abOrdf\u00f8rerkortet\u00bb for f\u00f8rste gang: \u2013 N\u00e5 kan jeg d\u00f8 lykkelig"},"content":{"rendered":"\n<p>\u2013 For f\u00f8rste og eneste gang i karrieren har jeg dratt ordf\u00f8rerkortet, skratter Fredrik Holm.<\/p>\n<p>Han sikter til mailen han sendte til et bookingselskap da han fant ut at det canadiske folk-bandet \u00abThe Deep Dark Woods\u00bb skulle p\u00e5 europaturn\u00e9.<\/p>\n<p>Holm bare m\u00e5tte gj\u00f8re det han kunne for \u00e5 sikre at Halden ble et stopp p\u00e5 turneen deres. Slik ble det.<\/p>\n<p>Ordf\u00f8rerkortet<\/p>\n<p>Han kunne ikke tilby mye, men s\u00f8rget for \u00e5 f\u00e5 kommunisert at b\u00e5de ordf\u00f8reren i byen og et dedikert americanapublikum ville sette stor pris p\u00e5 \u00e5 f\u00e5 bandet til byen.<\/p>\n<p>\u2013 I maktmisbrukens lange og brokete historie, m\u00e5 dette v\u00e6re noe av det beste som har blitt gjort, fleiper Tom Skjekles\u00e6ther.<\/p>\n<p>\u2013 Jeg gjorde det ikke for \u00e5 berike meg selv, men for \u00e5 gi Halden noe helt spesielt, svarer Holm med stjerner i \u00f8ynene.<\/p>\n<p>Skjekles\u00e6ther er ingen hvem som helst n\u00e5r det kommer til musikk. Den tidligere Madrugada-manageren og musikkjournalisten trenger ingen ytterligere introduksjon.<\/p>\n<p>   <img decoding=\"async\" width=\"5136\" height=\"3283\" fetchpriority=\"low\"  loading=\"lazy\"  src=\"https:\/\/www.europesays.com\/no\/wp-content\/uploads\/2025\/09\/IMG_2481.JPG\" alt=\"\" class=\"brick-c-cFOWSL\" style=\"--brick-image-ratio: 5136 \/ 3283;\"\/><\/p>\n<p>    Tom Skjekles\u00e6ther humrer av Fredrik Holms store innsats for \u00e5 f\u00e5 The Deep Dark Woods til Halden. Ogs\u00e5 Skjekles\u00e6ther er sv\u00e6rt glad i bandet.<br \/>\n    Foto: H\u00e5kon Raadal Bj\u00f8rlo<\/p>\n<p>  Felles fascinasjon<\/p>\n<p>Han og Holm er uenige i mye, ikke minst politisk. N\u00e5r det gjelder det canadiske bandet deler de imidlertid en sterk fascinasjon:<\/p>\n<p>\u2013 For meg er dette rett og slett verdens beste band, sier Holm.<\/p>\n<p>Han trekker fram bandets evne til \u00e5 utvikle seg fra album til album. Skjekles\u00e6ther nikker anerkjennende, og legger til at vokalist og frontmann Ryan Boldts stemme gj\u00f8r sterkt inntrykk:<\/p>\n<p>\u2013 N\u00e5r han begynner \u00e5 synge, da skrur lyset seg p\u00e5, sier han.<\/p>\n<p>I tillegg til det canadiske bandet, kommer ogs\u00e5 Nashville-sangeren Erin Rae som support.<\/p>\n<p>   <img decoding=\"async\" width=\"1080\" height=\"1080\" fetchpriority=\"low\"  loading=\"lazy\"  src=\"https:\/\/www.europesays.com\/no\/wp-content\/uploads\/2025\/09\/The+Deep+Dark+Woods+-+Press+2025+-+1+icon.jpg\" alt=\"\" class=\"brick-c-cFOWSL\" style=\"--brick-image-ratio: 1080 \/ 1080;\"\/><\/p>\n<p>    Ryan Boldt er frontfigur i The Deep Dark Woods.<br \/>\n    Foto: Pressefoto\n  <\/p>\n<p>  Superfan<\/p>\n<p>Ordf\u00f8rer Holm legger ikke skjul p\u00e5 hvor stor glad han er i dette bandet, som han har sett flere ganger. Faktisk flere ganger samme helg. Han forteller:<\/p>\n<p>\u2013 For 10\u201315 \u00e5r siden spilte de i Falkenberg p\u00e5 en fredag, og G\u00f8teborg p\u00e5 en l\u00f8rdag. Da dro jeg og kona like godt p\u00e5 begge konsertene. Jeg er s\u00e5 fan ja, smiler han. <\/p>\n<p>   <img decoding=\"async\" width=\"828\" height=\"1086\" fetchpriority=\"low\"  loading=\"lazy\"  src=\"https:\/\/www.europesays.com\/no\/wp-content\/uploads\/2025\/09\/original-E9179CCD-CF8C-49B3-9973-CBAD244B4A1A_1.jpeg\" alt=\"\" class=\"brick-c-cFOWSL\" style=\"--brick-image-ratio: 828 \/ 1086;\"\/><\/p>\n<p>    Her er Fredrik Holm p\u00e5 \u00e9n av to konserter med &#8216;The Deep Dark Woods&#8217; under en intensiv helg i Sverige. P\u00e5 tirsdag ser han dem igjen, denne gangen i hjembyen.<br \/>\n    Foto: Privat\n  <\/p>\n<p>At de n\u00e5 spiller i Halden har lenge v\u00e6rt en dr\u00f8m for Holm. Han svarer bekreftende p\u00e5 sp\u00f8rsm\u00e5l om han kommer til \u00e5 st\u00e5 p\u00e5 f\u00f8rste rad p\u00e5 Kulturhuset p\u00e5 tirsdag.<\/p>\n<p>Spenningen er til \u00e5 ta og f\u00f8le p\u00e5. Holm kunne ikke v\u00e6rt mer forn\u00f8yd:<\/p>\n<p>\u2013 The Dark Deep Woods spiller i Halden. N\u00e5 kan jeg d\u00f8 lykkelig.<\/p>\n<p>M\u00f8rk musikk<\/p>\n<p>Midt i entusiasmen understreker de likevel at dette er musikk med dype m\u00f8rke undertoner. Her synges det b\u00e5de om mord, krig og personlige kriser.<\/p>\n<p>Som Skjekles\u00e6ther sier, er dette imidlertid evig aktuelle temaer, og if\u00f8lge de to f\u00e5r man fra the Deep Dark Woods disse temaene beskrevet p\u00e5 en unik m\u00e5te:<\/p>\n<p>\u2013 Livet, d\u00f8den og kj\u00e6rligheten. Presentert av fantastisk dyktige musikere.<\/p>\n<p>Unik konsertkultur<\/p>\n<p>En annen ting de to har til felles, er en generell entusiasme for musikkliv og kultur i Halden. Tirsdagens konsert f\u00f8yer seg i m\u00e5te bare inn i en lang rekke av arrangementer i byen:<\/p>\n<p>\u2013 I Halden er det faktisk flere konserter enn det er dager i \u00e5ret, sier Holm.<\/p>\n<p>   <img decoding=\"async\" width=\"6240\" height=\"4160\" fetchpriority=\"low\"  loading=\"lazy\"  src=\"https:\/\/www.europesays.com\/no\/wp-content\/uploads\/2025\/09\/IMG_2471.JPG\" alt=\"\" class=\"brick-c-cFOWSL\" style=\"--brick-image-ratio: 6240 \/ 4160;\"\/><\/p>\n<p>    Fredrik Holm er engasjert for musikk- og kulturlivet i Halden.<br \/>\n    Foto: H\u00e5kon Raadal Bj\u00f8rlo\n  <\/p>\n<p>Skjekles\u00e6ther peker ogs\u00e5 p\u00e5 musikken som en viktig del av byens identitet, og p\u00e5 viktigheten av \u00e5 treffes p\u00e5 arenaer der man kan se bort ifra politikk og andre ting som skiller oss.<\/p>\n<p>Holm og Skjekles\u00e6ther er et godt eksempel p\u00e5 nettopp dette:<\/p>\n<p>\u2013 Politisk er vi uenige, men n\u00e5r vi m\u00f8tes over musikk, da snakker vi samme spr\u00e5k.<\/p>\n<p>The Deep Dark Woods og Erin Rae spiller p\u00e5 Kulturhuset tirsdag 16. september klokka 19:00<\/p>\n","protected":false},"excerpt":{"rendered":"\u2013 For f\u00f8rste og eneste gang i karrieren har jeg dratt ordf\u00f8rerkortet, skratter Fredrik Holm. Han sikter til&hellip;\n","protected":false},"author":2,"featured_media":35510,"comment_status":"","ping_status":"","sticky":false,"template":"","format":"standard","meta":{"footnotes":""},"categories":[58],"tags":[36,71,5682,410,1180,30,28,29,1510,5683,72],"class_list":{"0":"post-35509","1":"post","2":"type-post","3":"status-publish","4":"format-standard","5":"has-post-thumbnail","7":"category-underholdning","8":"tag-art","9":"tag-entertainment","10":"tag-fredrik-holm","11":"tag-kultur","12":"tag-kulturhuset","13":"tag-no","14":"tag-norge","15":"tag-norway","16":"tag-story","17":"tag-tom-skjeklesaether","18":"tag-underholdning"},"share_on_mastodon":{"url":"","error":""},"_links":{"self":[{"href":"https:\/\/www.europesays.com\/no\/wp-json\/wp\/v2\/posts\/35509","targetHints":{"allow":["GET"]}}],"collection":[{"href":"https:\/\/www.europesays.com\/no\/wp-json\/wp\/v2\/posts"}],"about":[{"href":"https:\/\/www.europesays.com\/no\/wp-json\/wp\/v2\/types\/post"}],"author":[{"embeddable":true,"href":"https:\/\/www.europesays.com\/no\/wp-json\/wp\/v2\/users\/2"}],"replies":[{"embeddable":true,"href":"https:\/\/www.europesays.com\/no\/wp-json\/wp\/v2\/comments?post=35509"}],"version-history":[{"count":0,"href":"https:\/\/www.europesays.com\/no\/wp-json\/wp\/v2\/posts\/35509\/revisions"}],"wp:featuredmedia":[{"embeddable":true,"href":"https:\/\/www.europesays.com\/no\/wp-json\/wp\/v2\/media\/35510"}],"wp:attachment":[{"href":"https:\/\/www.europesays.com\/no\/wp-json\/wp\/v2\/media?parent=35509"}],"wp:term":[{"taxonomy":"category","embeddable":true,"href":"https:\/\/www.europesays.com\/no\/wp-json\/wp\/v2\/categories?post=35509"},{"taxonomy":"post_tag","embeddable":true,"href":"https:\/\/www.europesays.com\/no\/wp-json\/wp\/v2\/tags?post=35509"}],"curies":[{"name":"wp","href":"https:\/\/api.w.org\/{rel}","templated":true}]}}