{"id":35572,"date":"2025-09-15T04:40:10","date_gmt":"2025-09-15T04:40:10","guid":{"rendered":"https:\/\/www.europesays.com\/no\/35572\/"},"modified":"2025-09-15T04:40:10","modified_gmt":"2025-09-15T04:40:10","slug":"trafikkulykke-forsvaret-ulykke-i-skytefelt-luftambulanse-pa-stedet","status":"publish","type":"post","link":"https:\/\/www.europesays.com\/no\/35572\/","title":{"rendered":"Trafikkulykke, Forsvaret | Ulykke i skytefelt \u2013 luftambulanse p\u00e5 stedet"},"content":{"rendered":"\n<p>Det har s\u00f8ndag kveld skjedd en trafikkulykke i Bl\u00e5tind skytefelt i M\u00e5lselv.<\/p>\n<p>Det melder Troms politidistrikt klokken 22.40.<\/p>\n<p>Luftambulanse er p\u00e5 stedet og behandler en pasient, melder politiet.<\/p>\n<p>Klokken 23.30 er luftambulansen p\u00e5 vei tilbake til UNN.<\/p>\n<p>Politiet har f\u00e5tt opplysninger om at ulykken har skjedd i sammenheng med en milit\u00e6r \u00f8velse. Forsvaret er varslet.<\/p>\n<p>Operasjonsleder Roy Nagel-Stangnes sier til<a href=\"https:\/\/www.vg.no\/nyheter\/i\/63L7Ar\/luftambulanse-paa-stedet-etter-ulykke-i-maalselv\" rel=\"Follow nofollow noopener\" target=\"_blank\"> VG<\/a> at det dreier seg om en ulykke med ATV.<\/p>\n<p>En mann i 20-\u00e5rene er flydd til UNN med helikopter.<\/p>\n<p>&#8211; Ulykken skal ha skjedd i forbindelse med en milit\u00e6r \u00f8velse i Bl\u00e5tind skytefelt, melder politiet klokke 23.40.<\/p>\n<p>Den skadde kj\u00f8rte en sekshjuling. Unders\u00f8kelser p\u00e5 stedet tyder p\u00e5 at kj\u00f8ret\u00f8yet har kj\u00f8rt inn i en bom, og deretter havnet i gr\u00f8fta.<\/p>\n<p>&#8211; Skadegrad er ukjent, men pasienten var v\u00e5ken p\u00e5 stedet. Politiet jobber n\u00e5 med unders\u00f8kelser p\u00e5 stedet, melder politiet klokken 23.40.<\/p>\n<p>Brannvesenet er p\u00e5 veg til omr\u00e5det. Forsvaret sender mannskap fra milit\u00e6rpolitiet til stedet.<\/p>\n<p>Les mer om: artikkelemnene<\/p>\n","protected":false},"excerpt":{"rendered":"Det har s\u00f8ndag kveld skjedd en trafikkulykke i Bl\u00e5tind skytefelt i M\u00e5lselv. Det melder Troms politidistrikt klokken 22.40.&hellip;\n","protected":false},"author":2,"featured_media":2176,"comment_status":"","ping_status":"","sticky":false,"template":"","format":"standard","meta":{"footnotes":""},"categories":[5],"tags":[36,20,21,24,25,1903,15,19,22,23,17,18,13,30,28,29,14,16,5693,1510,26,27,666],"class_list":{"0":"post-35572","1":"post","2":"type-post","3":"status-publish","4":"format-standard","5":"has-post-thumbnail","7":"category-overskrifter","8":"tag-art","9":"tag-breaking-news","10":"tag-breakingnews","11":"tag-featured-news","12":"tag-featurednews","13":"tag-forsvaret","14":"tag-headlines","15":"tag-hovedoppslag","16":"tag-latest-news","17":"tag-latestnews","18":"tag-main-news","19":"tag-mainnews","20":"tag-news","21":"tag-no","22":"tag-norge","23":"tag-norway","24":"tag-nyheter","25":"tag-overskrifter","26":"tag-skytefelt","27":"tag-story","28":"tag-top-stories","29":"tag-topstories","30":"tag-trafikkulykke"},"share_on_mastodon":{"url":"","error":""},"_links":{"self":[{"href":"https:\/\/www.europesays.com\/no\/wp-json\/wp\/v2\/posts\/35572","targetHints":{"allow":["GET"]}}],"collection":[{"href":"https:\/\/www.europesays.com\/no\/wp-json\/wp\/v2\/posts"}],"about":[{"href":"https:\/\/www.europesays.com\/no\/wp-json\/wp\/v2\/types\/post"}],"author":[{"embeddable":true,"href":"https:\/\/www.europesays.com\/no\/wp-json\/wp\/v2\/users\/2"}],"replies":[{"embeddable":true,"href":"https:\/\/www.europesays.com\/no\/wp-json\/wp\/v2\/comments?post=35572"}],"version-history":[{"count":0,"href":"https:\/\/www.europesays.com\/no\/wp-json\/wp\/v2\/posts\/35572\/revisions"}],"wp:featuredmedia":[{"embeddable":true,"href":"https:\/\/www.europesays.com\/no\/wp-json\/wp\/v2\/media\/2176"}],"wp:attachment":[{"href":"https:\/\/www.europesays.com\/no\/wp-json\/wp\/v2\/media?parent=35572"}],"wp:term":[{"taxonomy":"category","embeddable":true,"href":"https:\/\/www.europesays.com\/no\/wp-json\/wp\/v2\/categories?post=35572"},{"taxonomy":"post_tag","embeddable":true,"href":"https:\/\/www.europesays.com\/no\/wp-json\/wp\/v2\/tags?post=35572"}],"curies":[{"name":"wp","href":"https:\/\/api.w.org\/{rel}","templated":true}]}}