{"id":35737,"date":"2025-09-15T08:40:10","date_gmt":"2025-09-15T08:40:10","guid":{"rendered":"https:\/\/www.europesays.com\/no\/35737\/"},"modified":"2025-09-15T08:40:10","modified_gmt":"2025-09-15T08:40:10","slug":"vadso-friidrett-dramatikk-i-natt-matte-bryte","status":"publish","type":"post","link":"https:\/\/www.europesays.com\/no\/35737\/","title":{"rendered":"Vads\u00f8, Friidrett | Dramatikk i natt: M\u00e5tte bryte"},"content":{"rendered":"\n<p>(<a href=\"https:\/\/www.nettavisen.no\/sport\/sondre-nordstad-moen-ma-avbryte-nrk-intervju-pa-direkten\/s\/5-95-2619158\" rel=\"Follow nofollow noopener\" target=\"_blank\">Nettavisen<\/a> \/ iFinnmark) Sondre Nordstad Moen (34) var skuffet etter nattens 49.-plass p\u00e5 maraton under VM i friidrett i Tokyo.<\/p>\n<p>Zerei Kbrom Mezngi (39) \u2013 som har bakgrunn fra Vads\u00f8 og Vads\u00f8 Turnforening \u2013 fikk det knallt\u00f8ft og m\u00e5tte til slutt bryte l\u00f8pet.<\/p>\n<p>Mezngi flyktet fra Eritrea etter \u00e5 ha v\u00e6rt tvangsutsendt som soldat i flere \u00e5r. <\/p>\n<p>Han kom til Vads\u00f8 i 2013, hvor han kom i kontakt med det lokale friidrettsmilj\u00f8et. <\/p>\n<p>I dag l\u00f8per han for Skjalg i Stavanger.<\/p>\n<p>Mazngi har 2.07.10 som personlig rekord. Tiden satt han under et maraton i Valencia i 2022.<\/p>\n<p>I fjor endte han p\u00e5 52.-plass i OL, med tiden 2.14.14.<\/p>\n<p>I 2022 sjokkerte han mange da han l\u00f8p inn til EM-s\u00f8lv p\u00e5 10.000 meter i M\u00fcnchen.<\/p>\n<p>Dramatikk<\/p>\n<p>Natt til mandag ble det dramatisk \u2013 ikke bare for Mezngi \u2013 under maratonet.<\/p>\n<p>Kampen om VM-gullet ble hard.<\/p>\n<p>Tyske Amanal Petros ledet til det gjensto bare noen f\u00e5 centimeter av l\u00f8pet, men m\u00e5tte likevel se seg sl\u00e5tt av Alphonce Felix Simbu fra Tanzania.<\/p>\n<p>Sistnevnte l\u00e5 i ryggen til Petros inn p\u00e5 stadion, og satte inn et siste rykk bare noen meter f\u00f8r m\u00e5l. Det holdt til VM-gull.<\/p>\n<p>\u2013 Det er den mest dramatiske maratonspurten i VM-historien, kommenterte NRKs Jann Post.<\/p>\n<p>To norske til start<\/p>\n<p>Norge stilte med to mann til start p\u00e5 mandagens maraton i Tokyo, men det ble ingen stor norsk dag.<\/p>\n<p>Zerei Kbrom Mezngi ga slipp p\u00e5 tetgruppen halvveis ut i l\u00f8pet og valgte til slutt \u00e5 bryte.<\/p>\n<p>Sondre Nordstad Moen l\u00f8p inn p\u00e5 tiden 2.21.22, noe som holdt til en skuffende 49. plass for nordmannen.<\/p>\n<p>\u2013 Jeg har skiftet treningsregime etter desember, og det er \u00e5penbart at det er mangel p\u00e5 trening med risiko. Jeg kommer ikke billig nok til tre mil. Jeg g\u00e5r altfor tidlig tom, og det skal ikke skje, sa Moen til NRK etter m\u00e5lgang.<\/p>\n<p>Les mer om: artikkelemnene<\/p>\n","protected":false},"excerpt":{"rendered":"(Nettavisen \/ iFinnmark) Sondre Nordstad Moen (34) var skuffet etter nattens 49.-plass p\u00e5 maraton under VM i friidrett&hellip;\n","protected":false},"author":2,"featured_media":35738,"comment_status":"","ping_status":"","sticky":false,"template":"","format":"standard","meta":{"footnotes":""},"categories":[59],"tags":[36,423,726,30,28,29,83,82,1510,5719],"class_list":{"0":"post-35737","1":"post","2":"type-post","3":"status-publish","4":"format-standard","5":"has-post-thumbnail","7":"category-sport","8":"tag-art","9":"tag-friidrett","10":"tag-maraton","11":"tag-no","12":"tag-norge","13":"tag-norway","14":"tag-sport","15":"tag-sports","16":"tag-story","17":"tag-vadso"},"share_on_mastodon":{"url":"","error":""},"_links":{"self":[{"href":"https:\/\/www.europesays.com\/no\/wp-json\/wp\/v2\/posts\/35737","targetHints":{"allow":["GET"]}}],"collection":[{"href":"https:\/\/www.europesays.com\/no\/wp-json\/wp\/v2\/posts"}],"about":[{"href":"https:\/\/www.europesays.com\/no\/wp-json\/wp\/v2\/types\/post"}],"author":[{"embeddable":true,"href":"https:\/\/www.europesays.com\/no\/wp-json\/wp\/v2\/users\/2"}],"replies":[{"embeddable":true,"href":"https:\/\/www.europesays.com\/no\/wp-json\/wp\/v2\/comments?post=35737"}],"version-history":[{"count":0,"href":"https:\/\/www.europesays.com\/no\/wp-json\/wp\/v2\/posts\/35737\/revisions"}],"wp:featuredmedia":[{"embeddable":true,"href":"https:\/\/www.europesays.com\/no\/wp-json\/wp\/v2\/media\/35738"}],"wp:attachment":[{"href":"https:\/\/www.europesays.com\/no\/wp-json\/wp\/v2\/media?parent=35737"}],"wp:term":[{"taxonomy":"category","embeddable":true,"href":"https:\/\/www.europesays.com\/no\/wp-json\/wp\/v2\/categories?post=35737"},{"taxonomy":"post_tag","embeddable":true,"href":"https:\/\/www.europesays.com\/no\/wp-json\/wp\/v2\/tags?post=35737"}],"curies":[{"name":"wp","href":"https:\/\/api.w.org\/{rel}","templated":true}]}}