{"id":35769,"date":"2025-09-15T09:09:12","date_gmt":"2025-09-15T09:09:12","guid":{"rendered":"https:\/\/www.europesays.com\/no\/35769\/"},"modified":"2025-09-15T09:09:12","modified_gmt":"2025-09-15T09:09:12","slug":"jakob-ingebrigtsen-fiaskoen-forkastelig","status":"publish","type":"post","link":"https:\/\/www.europesays.com\/no\/35769\/","title":{"rendered":"Jakob Ingebrigtsen-fiaskoen: &#8211; Forkastelig"},"content":{"rendered":"<p>  Jakob Ingebrigtsen-fiaskoen: Kommentator reagerer over folks skadefryd. &#8211; Kj\u00e6resten min er fortsatt rockestjernen min, sier kona Elisabeth.<\/p>\n<p>\n    EKTEPAR: Jakob Ingebrigtsen og kona Elisabeth, her fra en tidligere anledning. Foto: Beate Oma Dahle \/ NTB\n  <\/p>\n<p>Jakob Ingebrigtsen (24) klarte ikke \u00e5 g\u00e5 videre til semifinalen p\u00e5 1500 meter i VM natt til s\u00f8ndag. Til stede i Tokyo er kona Elisabeth Asserson Ingebrigtsen.<\/p>\n<p>    <a itemprop=\"url\" href=\"https:\/\/www.seher.no\/kjendis\/dette-blir-et-helvete\/83586787\" rel=\"nofollow noopener\" target=\"_blank\"><\/p>\n<p>      <img loading=\"lazy\" decoding=\"async\" src=\"https:\/\/www.europesays.com\/no\/wp-content\/uploads\/2025\/09\/83586809.webp\" width=\"980\" height=\"441\" title=\"\u00abDette blir et helvete\u00bb\" alt=\"\" class=\"lazyload\" style=\"--aspect-ratio-image: 2.22; \"\/><\/p>\n<p>        \u00abDette blir et helvete\u00bb<\/p>\n<p>    <\/a><\/p>\n<p class=\"font-weight-bold m-font-weight-bold\" data-lab-font_weight=\"font-weight-bold\">\u00abKj\u00e6resten min er fortsatt rockestjernen min\u00bb, skriver hun p\u00e5 Instagram.<\/p>\n<p>Men Ingebrigtsen er tilsynelatende ikke en helt i \u00f8ynene til alle. Nettavisens kommentator, Ernst A. Lersveen, forst\u00e5r ikke reaksjonene som har kommet etter fiaskoen.<\/p>\n<p>\u00abNoen fryder seg over Jakobs nedtur\u00bb, skriver han i en kommentar i <a href=\"https:\/\/www.nettavisen.no\/norsk-debatt\/friidretts-vm-i-tokyo-noen-fryder-seg-over-jakob-ingebrigtsen-nedtur\/o\/5-95-2618604?fbclid=IwY2xjawMz_MJleHRuA2FlbQIxMQBicmlkETFYOXBxbWJmY3RoZTBsRlhDAR57X_9GFaorlLBT0TAgUOvuz__k9d6t_-aQE_JlK1U_-htxGS2n8E_aZMVsuw_aem_Ho0RwOCZM708GRuI6He6Lg#Echobox=1757833225\" rel=\"nofollow noopener\" target=\"_blank\">Nettavisen<\/a>. Han mener konflikten i familien har skapt to parter: Du har de som st\u00f8tter pappa Gjert Ingebrigtsen. Og du har de som st\u00f8tter br\u00f8drene.<\/p>\n<p>Til <a href=\"https:\/\/www.dagbladet.no\/sport\/det-er-totalt-forkastelig\/83592326\" rel=\"nofollow noopener\" target=\"_blank\">Dagbladet <\/a>sier Lersveen:<\/p>\n<p>&#8211; N\u00e5r Jakob erkl\u00e6rer seg frisk og konkurranseklar, tenker du med en gang: \u00abHerregud, her er gullh\u00e5pet klart\u00bb.<\/p>\n<p>          <img loading=\"lazy\" decoding=\"async\" src=\"https:\/\/www.europesays.com\/no\/wp-content\/uploads\/2025\/09\/1757927351_555_83592407.webp\" width=\"686\" height=\"673\" title=\"FIASKO: Jakob Ingebrigtsen kom ikke til semifinalen p\u00e5 1500 meter. Foto: NTB\" alt=\"\" class=\"\" style=\"--aspect-ratio-image: 1.02; \"\/><\/p>\n<p>\n          FIASKO: Jakob Ingebrigtsen kom ikke til semifinalen p\u00e5 1500 meter. Foto: NTB\n      <\/p>\n<p>Men Ingebrigtsen ble bare nummer \u00e5tte i fors\u00f8ksheatet med tida 3.37.84. Det betyr at han ikke f\u00e5r l\u00f8pe mer 1500 meter i VM.<\/p>\n<p class=\"italic m-italic\" data-lab-italic=\"italic\">&#8211; Hva legger du i skadefryd?<\/p>\n<p>&#8211; Det er ganske opplagt, du ser meldinger om det, sier Lersveen og sikter til sosiale medier og kommentarfelt.\u00a0<\/p>\n<p>        SJELDEN BLEMME: N\u00e5r kronprins Haakon og kronprinsesse Victoria skulle hjem fra \u00e5pningen av felles norsk-svensk politistasjon, stokket det seg helt for f\u00f8rstnevnte. Video: H\u00e5vard Bj\u00f8rnerem \/\/ Reporter: Caroline Vagle<\/p>\n<p>&#8211; Dette har en klar sammenheng med den fastl\u00e5ste konflikten i familien. Noen har tatt parti med den ene siden. Og s\u00e5 har du noen som har tatt parti med den andre siden, p\u00e5peker kommentatoren.<\/p>\n<p>&#8211; Det er ikke bare rasjonelle tanker p\u00e5 begge sider. Det er f\u00f8lelser. N\u00e5r folk som heier p\u00e5 den ene siden ser at den andre siden mislykkes, er det faktisk noen som fryder seg. Jeg pr\u00f8ver \u00e5 forst\u00e5, men jeg forst\u00e5r det ikke. Jeg skj\u00f8nner at f\u00f8lelser kan ta overh\u00e5nd i idrett. Men samtidig mener jeg det er totalt forkastelig.<\/p>\n<p>          <img loading=\"lazy\" decoding=\"async\" src=\"https:\/\/www.europesays.com\/no\/wp-content\/uploads\/2025\/09\/1757927351_381_83592405.webp\" width=\"686\" height=\"597\" title=\"REAGERER KRAFTIG: Ernst A. Lersveen, kommentator i Nettavisen. Foto: NTB\" alt=\"\" class=\"\" style=\"--aspect-ratio-image: 1.15; \"\/><\/p>\n<p>\n          REAGERER KRAFTIG: Ernst A. Lersveen, kommentator i Nettavisen. Foto: NTB\n      <\/p>\n<p>I kommentaren skriver han:<\/p>\n<p>\u00abNoen fryder seg over Jakobs nedtur. Tenk det! \u00c5rsaken er jo krangelen med faren, Gjert Ingebrigtsen. Den fikk virkelig f\u00f8lelsene i sving og det er steile fronter i det norske folk\u00bb.<\/p>\n<p class=\"font-weight-bold m-font-weight-bold\" data-lab-font_weight=\"font-weight-bold\">Lersveen mener Jakob Ingebrigtsens posisjon i norsk idrett er enest\u00e5ende.<\/p>\n<p>        VITS: Dagens gjest i Nytt p\u00e5 Nytt var Erna Solberg, som fikk servert vitser om sin avgang. Video: NRK<\/p>\n<p>&#8211; Det er kanskje tidenes norske idrettsut\u00f8ver som mislyktes s\u00f8ndag. Jeg klarer ikke \u00e5 glede meg over det, uansett hva jeg m\u00e5tte mene om hans opptreden her eller der. Jeg synes det bare er trist. Det er j\u00e6vlig trist at han har f\u00e5tt \u00f8delagt hele konkurransesesongen.<\/p>\n<p>Og:<\/p>\n<p>&#8211; Jeg har stor respekt for han som idrettsmann. Han er helt unik. Men s\u00e5 viste han seg som et menneske han ogs\u00e5.<\/p>\n<p>    <a itemprop=\"url\" href=\"https:\/\/www.seher.no\/kjendis\/villige-til-a-selge-huset-for-a-oppna-barne-drommen\/83583679\" rel=\"nofollow noopener\" target=\"_blank\"><\/p>\n<p>      <img loading=\"lazy\" decoding=\"async\" src=\"https:\/\/www.europesays.com\/no\/wp-content\/uploads\/2025\/09\/83583769.webp\" width=\"147\" height=\"98\" title=\"Villige til \u00e5 selge huset for \u00e5 oppn\u00e5 barne-dr\u00f8mmen\" alt=\"\" class=\"lazyload\" style=\"--aspect-ratio-image: 1.50; \"\/><\/p>\n<p>        Villige til \u00e5 selge huset for \u00e5 oppn\u00e5 barne-dr\u00f8mmen<\/p>\n<p>    <\/a><\/p>\n<p>Ingebrigtsen har tr\u00f8blet med en akillesskade. N\u00e5 blir det en kamp for \u00e5 bli klar til 5000-meteren i VM.<\/p>\n<p>\u00abJeg trodde at Jakob Ingebrigtsen n\u00e6rmest var en idrettslig robot. Som ikke lot seg p\u00e5virke av verken familiekrangel, rettssaker, konkurrenter eller skader\u00bb, skriver Lersveen.<\/p>\n<p class=\"font-weight-bold m-font-weight-bold\" data-lab-font_weight=\"font-weight-bold\">\u00abMen, det viste seg at alternativ trening siden han skadet akillesen i mars hadde st\u00f8rre p\u00e5virkning enn alle trodde\u00bb.<\/p>\n<p>        UHELL: Det gikk en kule varmt under konserten til Staysman. Video: Oskar BLCKMNY, Snapchat\/@staysman<\/p>\n<p>Selv sier Ingebrigtsen:<\/p>\n<p> &#8211; Jeg hadde ikke trodd jeg skulle v\u00e6re s\u00e5 d\u00e5rlig som n\u00e5. <\/p>\n<p>Lersveen opplyser at han ikke engang satt oppe natt til s\u00f8ndag og s\u00e5 fors\u00f8ksheatene p\u00e5 1500 meter.<\/p>\n<p>    <a itemprop=\"url\" href=\"https:\/\/www.seher.no\/kjendis\/vanvittig-kjipt\/83563644\" rel=\"nofollow noopener\" target=\"_blank\"><\/p>\n<p>      <img loading=\"lazy\" decoding=\"async\" src=\"https:\/\/www.europesays.com\/no\/wp-content\/uploads\/2025\/09\/83563667.webp\" width=\"147\" height=\"98\" title=\"- Vanvittig kjipt\" alt=\"\" class=\"lazyload\" style=\"--aspect-ratio-image: 1.50; \"\/><\/p>\n<p>        &#8211; Vanvittig kjipt<\/p>\n<p>    <\/a><\/p>\n<p class=\"font-weight-bold m-font-weight-bold\" data-lab-font_weight=\"font-weight-bold\">&#8211; Jeg er s\u00e5 avslappet n\u00e5r det gjelder s\u00e5nne enere. Jeg ofret det ikke engang en tanke at jeg skulle v\u00e6re oppe og se p\u00e5 et fors\u00f8k.<\/p>\n<p>S\u00e5 v\u00e5knet han til overskriftene p\u00e5 nettavisene: \u00abSjokk i natt\u00bb, var gjennomgangsmelodien.<\/p>\n<p>&#8211; Du blir st\u00e5ende og m\u00e5pe. Dette er en sensasjonell nedtur. Kort og godt, sier Lersveen.<\/p>\n<p>        T\u00c5RER: Det blir en t\u00f8ff start p\u00e5 \u00ab71 grader nord kjendis\u00bb-eventyret for Ingrid Gjessing Linhave. Video: TV Norge\/ Thea Hope\/ R\u00f8d L\u00f8per<\/p>\n<p>Fors\u00f8ket p\u00e5 5000 meter g\u00e5r fredag formiddag, norsk tid.<\/p>\n<p>&#8211; Jeg har tro p\u00e5 at det kan bli bedre p\u00e5 5000 meter, sier Jakob Ingebrigtsen. <\/p>\n<p class=\"italic m-italic\" data-lab-italic=\"italic\">Denne saken ble f\u00f8rst publisert p\u00e5<a href=\"https:\/\/www.dagbladet.no\/sport\/det-er-totalt-forkastelig\/83592326\" rel=\"nofollow noopener\" target=\"_blank\"> Dagbladet.no<\/a><\/p>\n","protected":false},"excerpt":{"rendered":"Jakob Ingebrigtsen-fiaskoen: Kommentator reagerer over folks skadefryd. &#8211; Kj\u00e6resten min er fortsatt rockestjernen min, sier kona Elisabeth. EKTEPAR:&hellip;\n","protected":false},"author":2,"featured_media":35770,"comment_status":"","ping_status":"","sticky":false,"template":"","format":"standard","meta":{"footnotes":""},"categories":[5],"tags":[20,21,5729,24,25,15,19,422,479,22,23,17,18,13,30,28,29,14,16,26,27],"class_list":{"0":"post-35769","1":"post","2":"type-post","3":"status-publish","4":"format-standard","5":"has-post-thumbnail","7":"category-overskrifter","8":"tag-breaking-news","9":"tag-breakingnews","10":"tag-elisabeth-asserson-ingebrigtsen","11":"tag-featured-news","12":"tag-featurednews","13":"tag-headlines","14":"tag-hovedoppslag","15":"tag-jakob-ingebrigtsen","16":"tag-kjendis","17":"tag-latest-news","18":"tag-latestnews","19":"tag-main-news","20":"tag-mainnews","21":"tag-news","22":"tag-no","23":"tag-norge","24":"tag-norway","25":"tag-nyheter","26":"tag-overskrifter","27":"tag-top-stories","28":"tag-topstories"},"share_on_mastodon":{"url":"","error":""},"_links":{"self":[{"href":"https:\/\/www.europesays.com\/no\/wp-json\/wp\/v2\/posts\/35769","targetHints":{"allow":["GET"]}}],"collection":[{"href":"https:\/\/www.europesays.com\/no\/wp-json\/wp\/v2\/posts"}],"about":[{"href":"https:\/\/www.europesays.com\/no\/wp-json\/wp\/v2\/types\/post"}],"author":[{"embeddable":true,"href":"https:\/\/www.europesays.com\/no\/wp-json\/wp\/v2\/users\/2"}],"replies":[{"embeddable":true,"href":"https:\/\/www.europesays.com\/no\/wp-json\/wp\/v2\/comments?post=35769"}],"version-history":[{"count":0,"href":"https:\/\/www.europesays.com\/no\/wp-json\/wp\/v2\/posts\/35769\/revisions"}],"wp:featuredmedia":[{"embeddable":true,"href":"https:\/\/www.europesays.com\/no\/wp-json\/wp\/v2\/media\/35770"}],"wp:attachment":[{"href":"https:\/\/www.europesays.com\/no\/wp-json\/wp\/v2\/media?parent=35769"}],"wp:term":[{"taxonomy":"category","embeddable":true,"href":"https:\/\/www.europesays.com\/no\/wp-json\/wp\/v2\/categories?post=35769"},{"taxonomy":"post_tag","embeddable":true,"href":"https:\/\/www.europesays.com\/no\/wp-json\/wp\/v2\/tags?post=35769"}],"curies":[{"name":"wp","href":"https:\/\/api.w.org\/{rel}","templated":true}]}}