{"id":35878,"date":"2025-09-15T10:47:20","date_gmt":"2025-09-15T10:47:20","guid":{"rendered":"https:\/\/www.europesays.com\/no\/35878\/"},"modified":"2025-09-15T10:47:20","modified_gmt":"2025-09-15T10:47:20","slug":"i-dag-far-vi-vite-hvem-som-vil-konkurrere-om-havvind-pa-utsira-nord-teknisk-ukeblad","status":"publish","type":"post","link":"https:\/\/www.europesays.com\/no\/35878\/","title":{"rendered":"I dag f\u00e5r vi vite hvem som vil konkurrere om havvind p\u00e5 Utsira Nord &#8211; Teknisk Ukeblad"},"content":{"rendered":"<ol>\n<li><a href=\"https:\/\/news.google.com\/rss\/articles\/CBMiowFBVV95cUxPR0V5OFBZQkNUNElXM1pmdDIybzhtUlkzNmpwY3Q5cVlQWmVQRU5tWHo1UHhYalF6VllNOEVXZDdqa0ZmR3pvYXhjV2tyVHFxcFc1RUgzRnhXYVJtYmdmcTd3SmRObk1lanRkRkRIUksxNGJOaUVrX2VyR0lqb1RQczhLQ0hqa2FUVG9oZFF3Q2Y0cm1Iamtxckdmcjd3RUI1WWRN?oc=5\" target=\"_blank\" rel=\"nofollow noopener\">I dag f\u00e5r vi vite hvem som vil konkurrere om havvind p\u00e5 Utsira Nord<\/a>&nbsp;&nbsp;Teknisk Ukeblad<\/li>\n<li><a href=\"https:\/\/news.google.com\/rss\/articles\/CBMifkFVX3lxTE5sN2hiWjZwUGlpcTlCbC1kVGZFZDBFb0RUVTFrbFQ5Njg1SXg0cTRpR2w0N3pNZ0w3d3phN2NDQXBTWU54dDhpcWFfUm92enFzcnpSTGZDeFJMcUZIX2VDcVk0MldRNUllVWlFYlloUXdMa1JVMEdrNlVQOEdFZw?oc=5\" target=\"_blank\" rel=\"nofollow noopener\">(+) Drop\u00adper konkur\u00adranse: \u2013 Har gjort en grun\u00addig vurde\u00adring<\/a>&nbsp;&nbsp;fvn.no<\/li>\n<li><a href=\"https:\/\/news.google.com\/rss\/articles\/CBMinwFBVV95cUxPdE1iQTJiZndkNUgtT2ZQaW9YQ2g4Q2xFY0p3U21DN0FjWU9mYmpiVjlqRnR1ZXNvclFucmFtamJMVkdPSjhsRFRDTFIweU1HeGRuWmRvRlItNXdCN280MW5DLS1MZEFWb2JSUHdWU0lHMHVKZjFiYnZENk9vVWFhcXZfaHpPLXh3QTY5cnBzOEFzbEJ6dVFpY2xYdTVyVzg?oc=5\" target=\"_blank\" rel=\"nofollow noopener\">(+) En skjebnedag for flytende havvind: \u2013 Lokal akt\u00f8r p\u00e5 s\u00f8kerlisten<\/a>&nbsp;&nbsp;Haugesunds Avis<\/li>\n<li><a href=\"https:\/\/news.google.com\/rss\/articles\/CBMilgFBVV95cUxNREFtWGJhRjFvUThYOFQwUkdELTBfWWd4bXNRRlpaTEFJU3ZpRm52dkdXSkpZME1HZGJ0NGZ0NWdDMmVVVkZyX2ttaW5hbWZxbnZhUXBOa3FZQ3dkTzRFLU5raXE2MHd5MGUwcFB6WTJoSGtFejY3dWdPT3JFSlZXQUNwTUg2ZERwRkhac2dmd3pFcEhvMnc?oc=5\" target=\"_blank\" rel=\"nofollow noopener\">Utsira Nord: Fristen er g\u00e5tt ut \u2013 \u00e9n s\u00f8ker bekreftet<\/a>&nbsp;&nbsp;Stavanger Aftenblad<\/li>\n<li><a href=\"https:\/\/news.google.com\/rss\/articles\/CBMilAFBVV95cUxPWTdOOXUzNlhzcjg2LXoyckV2bnFPMkRrQnNZdG9GUno3Qld2UGVzZ2JNOE9kbENDT0pITWl4elNfcFpMMzJuNEpnQzNFeG5hYUhPRGhGZGdXSURDMjJkN2FpX2tVSzR0ME5UdlhhSklESlFOZnpRcC10QnB3eDdwV243Snl4RzFOZWdISnJXSlVMa0Vz?oc=5\" target=\"_blank\" rel=\"nofollow noopener\">Klipp mandag: I dag blir norsk havvind avgjort (+)<\/a>&nbsp;&nbsp;Europower<\/li>\n<\/ol>\n","protected":false},"excerpt":{"rendered":"I dag f\u00e5r vi vite hvem som vil konkurrere om havvind p\u00e5 Utsira Nord&nbsp;&nbsp;Teknisk Ukeblad (+) Drop\u00adper konkur\u00adranse:&hellip;\n","protected":false},"author":2,"featured_media":35879,"comment_status":"","ping_status":"","sticky":false,"template":"","format":"standard","meta":{"footnotes":""},"categories":[5],"tags":[20,21,382,24,25,379,15,19,22,23,17,18,13,30,28,29,14,16,26,27,5749],"class_list":{"0":"post-35878","1":"post","2":"type-post","3":"status-publish","4":"format-standard","5":"has-post-thumbnail","7":"category-overskrifter","8":"tag-breaking-news","9":"tag-breakingnews","10":"tag-energi","11":"tag-featured-news","12":"tag-featurednews","13":"tag-havvind","14":"tag-headlines","15":"tag-hovedoppslag","16":"tag-latest-news","17":"tag-latestnews","18":"tag-main-news","19":"tag-mainnews","20":"tag-news","21":"tag-no","22":"tag-norge","23":"tag-norway","24":"tag-nyheter","25":"tag-overskrifter","26":"tag-top-stories","27":"tag-topstories","28":"tag-utsira-nord"},"share_on_mastodon":{"url":"","error":""},"_links":{"self":[{"href":"https:\/\/www.europesays.com\/no\/wp-json\/wp\/v2\/posts\/35878","targetHints":{"allow":["GET"]}}],"collection":[{"href":"https:\/\/www.europesays.com\/no\/wp-json\/wp\/v2\/posts"}],"about":[{"href":"https:\/\/www.europesays.com\/no\/wp-json\/wp\/v2\/types\/post"}],"author":[{"embeddable":true,"href":"https:\/\/www.europesays.com\/no\/wp-json\/wp\/v2\/users\/2"}],"replies":[{"embeddable":true,"href":"https:\/\/www.europesays.com\/no\/wp-json\/wp\/v2\/comments?post=35878"}],"version-history":[{"count":0,"href":"https:\/\/www.europesays.com\/no\/wp-json\/wp\/v2\/posts\/35878\/revisions"}],"wp:featuredmedia":[{"embeddable":true,"href":"https:\/\/www.europesays.com\/no\/wp-json\/wp\/v2\/media\/35879"}],"wp:attachment":[{"href":"https:\/\/www.europesays.com\/no\/wp-json\/wp\/v2\/media?parent=35878"}],"wp:term":[{"taxonomy":"category","embeddable":true,"href":"https:\/\/www.europesays.com\/no\/wp-json\/wp\/v2\/categories?post=35878"},{"taxonomy":"post_tag","embeddable":true,"href":"https:\/\/www.europesays.com\/no\/wp-json\/wp\/v2\/tags?post=35878"}],"curies":[{"name":"wp","href":"https:\/\/api.w.org\/{rel}","templated":true}]}}