{"id":35998,"date":"2025-09-15T13:22:13","date_gmt":"2025-09-15T13:22:13","guid":{"rendered":"https:\/\/www.europesays.com\/no\/35998\/"},"modified":"2025-09-15T13:22:13","modified_gmt":"2025-09-15T13:22:13","slug":"ski-vm-i-trondheim-brot-loven-2","status":"publish","type":"post","link":"https:\/\/www.europesays.com\/no\/35998\/","title":{"rendered":"Ski-VM i Trondheim br\u00f8t loven"},"content":{"rendered":"<p>  Arrang\u00f8rene av ski-VM i Trondheim tilb\u00f8d betalingstjenester uten \u00e5 ha konsesjon. Dette er ulovlig, fastsl\u00e5r Finanstilsynet.<\/p>\n<p>\n    VM p\u00e5 ski br\u00f8t loven. Foto: Lise \u00c5serud \/ NTB\n  <\/p>\n<p>For \u00e5 kunne tilby betalingstjenester kreves nemlig en tillatelse fra Finanstilsynet.<\/p>\n<p>\u2013 Ski-VM har mottatt betaling fra kj\u00f8pere av lokalmat, med form\u00e5l om \u00e5 videreformidle bel\u00f8pet til selger. Dette er en betalingstjeneste som krever konsesjon, heter det i en pressemelding fra tilsynet mandag.<\/p>\n<p>Det finnes flere godkjente foretak som har tillatelse til \u00e5 tilby betalingstjenester. Et alternativ til selv \u00e5 s\u00f8ke konsesjon hadde dermed v\u00e6rt \u00e5 bruke disse til \u00e5 h\u00e5ndtere betalingstjenestene.<\/p>\n<p>Heller ikke det har ski-VM gjort.<\/p>\n<p>    <a itemprop=\"url\" href=\"https:\/\/sol.no\/nyheter\/folelse-av-panikk\/83593982\" rel=\"nofollow noopener\" target=\"_blank\"><\/p>\n<p>      <img loading=\"lazy\" decoding=\"async\" src=\"https:\/\/www.europesays.com\/no\/wp-content\/uploads\/2025\/09\/1757942531_743_83593995.webp\" width=\"980\" height=\"441\" title=\"\u2013 F\u00f8lelse av panikk\" alt=\"\" class=\"lazyload\" style=\"--aspect-ratio-image: 2.22; \"\/><\/p>\n<p>        \u2013 F\u00f8lelse av panikk<\/p>\n<p>sol.no<\/p>\n<p>    <\/a><\/p>\n<p>\u2013 Finanstilsynet ser alvorlig p\u00e5 forholdet fordi ulovlig betalingstjenestevirksomhet undergraver hensynet bak konsesjonsordningen, heter det i mandagens uttalelse.<\/p>\n<p>Ingen politianmeldelse\t<\/p>\n<p>Videre pekes det p\u00e5 at det kreves at kundenes midler m\u00e5 sikres, slik at de ikke g\u00e5r tapt i en eventuell konkurs.<\/p>\n<p>\u2013 Det stilles ogs\u00e5 krav til kompetanse og egnethet hos foretakets ledelse, styre og eiere. Videre er betalingstjenester underlagt finansavtaleloven, som sikrer forbrukerrettigheter, og hvitvaskingsloven, som skal beskytte det \u00f8konomiske systemet og samfunnet mot kriminell aktivitet, skriver Finanstilsynet.<\/p>\n<p>    <a itemprop=\"url\" href=\"https:\/\/sol.no\/nyheter\/disse-tallene-er-svaert-urovekkende\/83594089\" rel=\"nofollow noopener\" target=\"_blank\"><\/p>\n<p>      <img loading=\"lazy\" decoding=\"async\" src=\"https:\/\/www.europesays.com\/no\/wp-content\/uploads\/2025\/09\/83594094.webp\" width=\"980\" height=\"441\" title=\"\u2013 Disse tallene er sv\u00e6rt urovekkende\" alt=\"\" class=\"lazyload\" style=\"--aspect-ratio-image: 2.22; \"\/><\/p>\n<p>        \u2013 Disse tallene er sv\u00e6rt urovekkende<\/p>\n<p>sol.no<\/p>\n<p>    <\/a><\/p>\n<p>Tilsynet har anledning til \u00e5 politianmelde overtredelser lik det Ski-VM har beg\u00e5tt.<\/p>\n<p>\u2013 Etter en konkret vurdering har Finanstilsynet kommet til at denne saken ikke vil politianmeldes. Det gj\u00f8res imidlertid oppmerksom p\u00e5 at dette kan v\u00e6re en forventet reaksjon dersom Finanstilsynet blir kjent med at det tilbys betalingstjenester uten konsesjon hos andre akt\u00f8rer, heter det i brevet som er sendt Ski-VM-ledelsen i sakens anledning.<\/p>\n<p>NIF kobles inn\t<\/p>\n<p>Der fremg\u00e5r det at mesterskapet i Trondheim trolig ikke er det eneste idrettsarrangementet der loven er brutt. N\u00e5 kobles Norges idrettsforbund p\u00e5 saken.<\/p>\n<p>\u2013 Det er ogs\u00e5 bekymringsverdig at Finanstilsynet har f\u00e5tt opplysninger som tilsier at tilsvarende betalingsl\u00f8sninger ogs\u00e5 er brukt p\u00e5 andre arrangementer. Finanstilsynet vil kontakte Norges idrettsforbund for \u00e5 svare p\u00e5 eventuelle sp\u00f8rsm\u00e5l og diskutere hvordan en unng\u00e5r en lovstridig praksis framover, skriver tilsynet.<\/p>\n<p>    <a itemprop=\"url\" href=\"https:\/\/sol.no\/nyheter\/nord-korea-erklaerer-seg-som-permanent-atomstat\/83594294\" rel=\"nofollow noopener\" target=\"_blank\"><\/p>\n<p>      <img loading=\"lazy\" decoding=\"async\" src=\"https:\/\/www.europesays.com\/no\/wp-content\/uploads\/2025\/09\/83594301.webp\" width=\"980\" height=\"441\" title=\"Nord-Korea erkl\u00e6rer seg som permanent atomstat\" alt=\"\" class=\"lazyload\" style=\"--aspect-ratio-image: 2.22; \"\/><\/p>\n<p>        Nord-Korea erkl\u00e6rer seg som permanent atomstat<\/p>\n<p>sol.no<\/p>\n<p>    <\/a><\/p>\n<p>I brevet henvises det til dialog med advokatfirmaet Gisvold, som bisto VM-ledelsen i forbindelse med det \u00f8konomiske rotet etter mesterskapet.<\/p>\n<p>\u2013 Jeg sendte inn selskapets beskrivelse av hvordan dette var gjort da Finanstilsynet ba om det, men har ikke noe oppdrag i den forbindelse, skriver advokat Marius Gisvold til NTB mandag.<\/p>\n<p>Han henviser til VM-selskapets styreleder \u00c5sne Havnelid.<\/p>\n<p>\u2013 Jeg har ingen kommentar n\u00e5, skriver Havnelid i en SMS til NTB.<\/p>\n<p>          <img loading=\"lazy\" decoding=\"async\" src=\"https:\/\/www.europesays.com\/no\/wp-content\/uploads\/2025\/09\/83594398.webp\" width=\"686\" height=\"474\" title=\"VM-sjef \u00c5ge Skinstad. Foto: Jan Langhaug \/ NTB\" alt=\"\" class=\"\" style=\"--aspect-ratio-image: 1.45; \"\/><\/p>\n<p>\n          VM-sjef \u00c5ge Skinstad. Foto: Jan Langhaug \/ NTB\n      <\/p>\n<p>\u00c5ge Skinstad var sjef for ski-VM. Han \u00f8nsker heller ikke \u00e5 kommentere saken overfor NTB.<\/p>\n<p>Stort underskudd\t<\/p>\n<p>Gran\u00e5sen-VM endte i et \u00f8konomisk kaos. Lenge var det usikkert om selskapet bak mesterskapet ville g\u00e5 konkurs.<\/p>\n<p>Etter \u00e5 ha forhandlet med kreditorene over lang tid, endte prosessen med betalingsplan som alle samtykket til. Den gikk ut p\u00e5 at 60 prosent av godkjente krav p\u00e5 over 40.000 kroner skulle innfris.<\/p>\n<p>Rundt halvparten av de 114 kreditorene fikk dermed tilbake alt de hadde til gode.<\/p>\n<p>VM endte dermed med et underskudd p\u00e5 37 millioner kroner.<\/p>\n<p>Selskapet bak ski-VM var eid av Norges Skiforbund (60 prosent), S\u00f8r-Tr\u00f8ndelag skikrets (30 prosent) og Trondheim kommune (10 prosent).<\/p>\n","protected":false},"excerpt":{"rendered":"Arrang\u00f8rene av ski-VM i Trondheim tilb\u00f8d betalingstjenester uten \u00e5 ha konsesjon. Dette er ulovlig, fastsl\u00e5r Finanstilsynet. VM p\u00e5&hellip;\n","protected":false},"author":2,"featured_media":35999,"comment_status":"","ping_status":"","sticky":false,"template":"","format":"standard","meta":{"footnotes":""},"categories":[59],"tags":[5738,30,28,29,14,356,83,82,596],"class_list":{"0":"post-35998","1":"post","2":"type-post","3":"status-publish","4":"format-standard","5":"has-post-thumbnail","7":"category-sport","8":"tag-finanstilsynet","9":"tag-no","10":"tag-norge","11":"tag-norway","12":"tag-nyheter","13":"tag-ski-vm","14":"tag-sport","15":"tag-sports","16":"tag-trondheim"},"share_on_mastodon":{"url":"","error":""},"_links":{"self":[{"href":"https:\/\/www.europesays.com\/no\/wp-json\/wp\/v2\/posts\/35998","targetHints":{"allow":["GET"]}}],"collection":[{"href":"https:\/\/www.europesays.com\/no\/wp-json\/wp\/v2\/posts"}],"about":[{"href":"https:\/\/www.europesays.com\/no\/wp-json\/wp\/v2\/types\/post"}],"author":[{"embeddable":true,"href":"https:\/\/www.europesays.com\/no\/wp-json\/wp\/v2\/users\/2"}],"replies":[{"embeddable":true,"href":"https:\/\/www.europesays.com\/no\/wp-json\/wp\/v2\/comments?post=35998"}],"version-history":[{"count":0,"href":"https:\/\/www.europesays.com\/no\/wp-json\/wp\/v2\/posts\/35998\/revisions"}],"wp:featuredmedia":[{"embeddable":true,"href":"https:\/\/www.europesays.com\/no\/wp-json\/wp\/v2\/media\/35999"}],"wp:attachment":[{"href":"https:\/\/www.europesays.com\/no\/wp-json\/wp\/v2\/media?parent=35998"}],"wp:term":[{"taxonomy":"category","embeddable":true,"href":"https:\/\/www.europesays.com\/no\/wp-json\/wp\/v2\/categories?post=35998"},{"taxonomy":"post_tag","embeddable":true,"href":"https:\/\/www.europesays.com\/no\/wp-json\/wp\/v2\/tags?post=35998"}],"curies":[{"name":"wp","href":"https:\/\/api.w.org\/{rel}","templated":true}]}}