{"id":36106,"date":"2025-09-15T15:24:17","date_gmt":"2025-09-15T15:24:17","guid":{"rendered":"https:\/\/www.europesays.com\/no\/36106\/"},"modified":"2025-09-15T15:24:17","modified_gmt":"2025-09-15T15:24:17","slug":"historisk-mote-under-usas-statsbesok-i-storbritannia","status":"publish","type":"post","link":"https:\/\/www.europesays.com\/no\/36106\/","title":{"rendered":"Historisk m\u00f8te under USAs statsbes\u00f8k i Storbritannia"},"content":{"rendered":"<p class=\"kicker \" style=\"\">Trump og Melania p\u00e5 statsbes\u00f8k:\u00a0<\/p>\n<p>  Prinsesse Kate f\u00e5r en historisk rolle i statsbes\u00f8ket.\u00a0<\/p>\n<p>\n    TILBAKE: Prinsesse Kate er i full jobb igjen etter kreftsykdommen. Foto: Chris Jackson\/WPA Pool\/Shutterstock\/NTB\n  <\/p>\n<p>Prinsesse Kate (43) og Melania Trump (55) skal for f\u00f8rste gang delta i et felles arrangement under USAs statsbes\u00f8k til Storbritannia neste uke.<\/p>\n<p>Det skriver\u00a0<a href=\"https:\/\/people.com\/kate-middleton-melania-trump-make-rare-joint-appearance-state-visit-11809118\" rel=\"nofollow noopener\" target=\"_blank\">People<\/a>. <\/p>\n<p>    <a itemprop=\"url\" href=\"https:\/\/www.seher.no\/kongelig\/det-handler-om-tillit-og-lojalitet\/83591535\" rel=\"nofollow noopener\" target=\"_blank\"><\/p>\n<p>      <img loading=\"lazy\" decoding=\"async\" src=\"https:\/\/www.europesays.com\/no\/wp-content\/uploads\/2025\/09\/83590819.webp\" width=\"980\" height=\"441\" title=\"- Det handler om tillit og lojalitet\" alt=\"\" class=\"lazyload\" style=\"--aspect-ratio-image: 2.22; \"\/><\/p>\n<p>        &#8211; Det handler om tillit og lojalitet<\/p>\n<p>    <\/a><\/p>\n<p>Buckingham Palace kunngjorde tirsdag detaljene for bes\u00f8ket, hvor president Donald Trump (79) og f\u00f8rstedame Melania er i Storbritannia fra 16. til 18. september.<\/p>\n<p class=\"font-weight-bold m-font-weight-bold\" data-lab-font_weight=\"font-weight-bold\">H\u00f8ydepunktet er et sjeldent felles oppdrag for prinsesse Kate og den amerikanske f\u00f8rstedamen.\u00a0<\/p>\n<p>        HERMER: Yngstes\u00f8nnen til prins William og prinsesse Kate, prins Louis (7), g\u00e5r viralt for sin erting av storebror prins George (12). Video: Getty Images\/ Thea Hope\/ R\u00f8d L\u00f8per<\/p>\n<p>Torsdag 18. september skal de to m\u00f8tes i Frogmore Gardens i Windsor, hvor de blir med Storbritannias speidersjef Dwayne Fields og medlemmer av speiderprogrammet Squirrels.<\/p>\n<p>          <img loading=\"lazy\" decoding=\"async\" src=\"https:\/\/www.europesays.com\/no\/wp-content\/uploads\/2025\/09\/83592050.webp\" width=\"686\" height=\"433\" title=\"GJ\u00d8R DET IGJEN: Dronning Camilla, kong Charles, Donald Trump og Melania Trump under forrige statsbes\u00f8k i 2019. Foto: Pa Photos\/NTB\" alt=\"\" class=\"\" style=\"--aspect-ratio-image: 1.58; \"\/><\/p>\n<p>\n          GJ\u00d8R DET IGJEN: Dronning Camilla, kong Charles, Donald Trump og Melania Trump under forrige statsbes\u00f8k i 2019. Foto: Pa Photos\/NTB\n      <\/p>\n<p>Kate, som selv var speider som barn, har v\u00e6rt president for speiderorganisasjonen siden 2020. Hun har ogs\u00e5 uttalt at hun fant mye st\u00f8tte i \u00e5 v\u00e6re ute i naturen da hun gikk gjennom kreftbehandlingen i fjor.\u00a0<\/p>\n<p>    <a itemprop=\"url\" href=\"https:\/\/www.seher.no\/kongelig\/det-kan-jo-ikke-vaere-tilfeldig\/83584829\" rel=\"nofollow noopener\" target=\"_blank\"><\/p>\n<p>      <img loading=\"lazy\" decoding=\"async\" src=\"https:\/\/www.europesays.com\/no\/wp-content\/uploads\/2025\/09\/83566886.webp\" width=\"147\" height=\"98\" title=\"Kate med s\u00f8t hyllest til svigermor\" alt=\"\" class=\"lazyload\" style=\"--aspect-ratio-image: 1.50; \"\/><\/p>\n<p>        Kate med s\u00f8t hyllest til svigermor<\/p>\n<p>    <\/a><\/p>\n<p>Prinsessen og prins William (43) har f\u00e5tt en st\u00f8rre rolle under statsbes\u00f8k etter at kong Charles (76) overtok tronen.\u00a0<\/p>\n<p>Det er de som skal \u00f8nske Trump-paret velkommen 17. september, og f\u00f8lge dem til m\u00f8tet med kongen og dronning Camilla (77) i Windsor Castle.<\/p>\n<p>        KOMMENTARFELT I BRANN: Meningene er delte etter at et klipp av dronning Maxima g\u00e5r viralt, der hun skal ha gjort narr av president Trump, men dronningen bekrefter at det var noe annet som skjedde. Video &amp; Foto: Nato TV \/ X \/ NTB \/\/ Reporter: H\u00e5vard Bj\u00f8rnerem<\/p>\n<p>Deretter skal de tre parene ha en lunsj hvor det vises en kunstutstilling med gjenstander fra den kongelige samlingen som har tilknytning til USA, skriver People. P\u00e5 kvelden blir det avholdt en bankett p\u00e5 slottet.<\/p>\n<p>          <img loading=\"lazy\" decoding=\"async\" src=\"https:\/\/www.europesays.com\/no\/wp-content\/uploads\/2025\/09\/83592028.webp\" width=\"686\" height=\"419\" title=\"HAHA: President Trump s\u00e5 ut til \u00e5 kose seg i dronning Elizabeths nerv\u00e6r i 2019. Foto: Pa Photos\/NTB\" alt=\"\" class=\"\" style=\"--aspect-ratio-image: 1.64; \"\/><\/p>\n<p>\n          HAHA: President Trump s\u00e5 ut til \u00e5 kose seg i dronning Elizabeths nerv\u00e6r i 2019. Foto: Pa Photos\/NTB\n      <\/p>\n<p>Dette bes\u00f8ket er historisk, fordi Trump er den f\u00f8rste folkevalgte politiske lederen i moderne tid som har blitt invitert p\u00e5 statsbes\u00f8k to ganger av en britisk monark.<\/p>\n<p>          <img loading=\"lazy\" decoding=\"async\" src=\"https:\/\/www.europesays.com\/no\/wp-content\/uploads\/2025\/09\/83592035.webp\" width=\"686\" height=\"460\" title=\"FEIRING: Presidentparet m\u00f8tte Elizabeth, Charles og Camilla under NATO-feiringen p\u00e5 Buckingham Palace i desember 2019. V\u00e5r egen Jens Stoltenberg er i bakgrunnen. Foto: Geoff Pugh\/Shutterstock\/NTB\" alt=\"\" class=\"\" style=\"--aspect-ratio-image: 1.49; \"\/><\/p>\n<p>\n          FEIRING: Presidentparet m\u00f8tte Elizabeth, Charles og Camilla under NATO-feiringen p\u00e5 Buckingham Palace i desember 2019. V\u00e5r egen Jens Stoltenberg er i bakgrunnen. Foto: Geoff Pugh\/Shutterstock\/NTB\n      <\/p>\n<p>Trump og Melania var p\u00e5 statsbes\u00f8k i 2019 etter invitasjon fra avd\u00f8de dronning Elizabeth. Samme \u00e5r m\u00f8tte presidentparet igjen de britiske kongelige, denne gangen under NATOs 70-\u00e5rsfeiring.<\/p>\n","protected":false},"excerpt":{"rendered":"Trump og Melania p\u00e5 statsbes\u00f8k:\u00a0 Prinsesse Kate f\u00e5r en historisk rolle i statsbes\u00f8ket.\u00a0 TILBAKE: Prinsesse Kate er i&hellip;\n","protected":false},"author":2,"featured_media":36107,"comment_status":"","ping_status":"","sticky":false,"template":"","format":"standard","meta":{"footnotes":""},"categories":[12],"tags":[20,21,55,24,25,15,2543,3994,76,22,23,1648,13,30,28,29,14,16,4636,4387,26,27,42,43,44,45],"class_list":{"0":"post-36106","1":"post","2":"type-post","3":"status-publish","4":"format-standard","5":"has-post-thumbnail","7":"category-verden","8":"tag-breaking-news","9":"tag-breakingnews","10":"tag-donald-trump","11":"tag-featured-news","12":"tag-featurednews","13":"tag-headlines","14":"tag-kjendisdesken","15":"tag-kong-charles","16":"tag-kongelig","17":"tag-latest-news","18":"tag-latestnews","19":"tag-melania-trump","20":"tag-news","21":"tag-no","22":"tag-norge","23":"tag-norway","24":"tag-nyheter","25":"tag-overskrifter","26":"tag-prins-william","27":"tag-prinsesse-kate","28":"tag-top-stories","29":"tag-topstories","30":"tag-verden","31":"tag-world","32":"tag-world-news","33":"tag-worldnews"},"share_on_mastodon":{"url":"","error":""},"_links":{"self":[{"href":"https:\/\/www.europesays.com\/no\/wp-json\/wp\/v2\/posts\/36106","targetHints":{"allow":["GET"]}}],"collection":[{"href":"https:\/\/www.europesays.com\/no\/wp-json\/wp\/v2\/posts"}],"about":[{"href":"https:\/\/www.europesays.com\/no\/wp-json\/wp\/v2\/types\/post"}],"author":[{"embeddable":true,"href":"https:\/\/www.europesays.com\/no\/wp-json\/wp\/v2\/users\/2"}],"replies":[{"embeddable":true,"href":"https:\/\/www.europesays.com\/no\/wp-json\/wp\/v2\/comments?post=36106"}],"version-history":[{"count":0,"href":"https:\/\/www.europesays.com\/no\/wp-json\/wp\/v2\/posts\/36106\/revisions"}],"wp:featuredmedia":[{"embeddable":true,"href":"https:\/\/www.europesays.com\/no\/wp-json\/wp\/v2\/media\/36107"}],"wp:attachment":[{"href":"https:\/\/www.europesays.com\/no\/wp-json\/wp\/v2\/media?parent=36106"}],"wp:term":[{"taxonomy":"category","embeddable":true,"href":"https:\/\/www.europesays.com\/no\/wp-json\/wp\/v2\/categories?post=36106"},{"taxonomy":"post_tag","embeddable":true,"href":"https:\/\/www.europesays.com\/no\/wp-json\/wp\/v2\/tags?post=36106"}],"curies":[{"name":"wp","href":"https:\/\/api.w.org\/{rel}","templated":true}]}}