{"id":36116,"date":"2025-09-15T15:34:09","date_gmt":"2025-09-15T15:34:09","guid":{"rendered":"https:\/\/www.europesays.com\/no\/36116\/"},"modified":"2025-09-15T15:34:09","modified_gmt":"2025-09-15T15:34:09","slug":"helene-olafsen-og-jorgen-nilsen-har-solgt-drommehuset-pa-malmoya-i-rekordfart","status":"publish","type":"post","link":"https:\/\/www.europesays.com\/no\/36116\/","title":{"rendered":"Helene Olafsen og J\u00f8rgen Nilsen har solgt dr\u00f8mmehuset p\u00e5 Malm\u00f8ya i rekordfart"},"content":{"rendered":"<p class=\"kicker \" style=\"\">Helene Olafsen og J\u00f8rgen Nilsen:\u00a0<\/p>\n<p>  Boligen til Helene Olafsen og J\u00f8rgen Nilsen ble solgt bare to uker etter at den ble lagt ut for salg.\u00a0<\/p>\n<p>\n    R\u00d8PER GLADNYHET: Helene og J\u00f8rgen ble kj\u00e6rester etter \u00e5 ha m\u00f8ttes som dansepartnere i \u00abSkal vi danse\u00bb i 2017. Foto: Andreas Fadum \/ Se og H\u00f8r\n  <\/p>\n<p>I starten av m\u00e5neden kunne \u00abSkal vi danse\u00bb-programleder <a href=\"https:\/\/www.seher.no\/kjendis\/na-selger-de-drommehuset\/83553324\" rel=\"nofollow noopener\" target=\"_blank\">Helene Olafsen (35) og ektemannen J\u00f8rgen Nilsen (34)<\/a> r\u00f8pe at de skulle selge sitt idylliske\u00a0 hjem p\u00e5 Malm\u00f8ya.\u00a0<\/p>\n<p> Ekteparet la ut den 140 \u00e5r gamle eiendommen for salg med en prisantydning p\u00e5 19,9 millioner kroner. <\/p>\n<p>    <a itemprop=\"url\" href=\"https:\/\/www.seher.no\/kjendis\/trodde-jeg-var-lesbisk\/83581023\" rel=\"nofollow noopener\" target=\"_blank\"><\/p>\n<p>      <img loading=\"lazy\" decoding=\"async\" src=\"https:\/\/www.europesays.com\/no\/wp-content\/uploads\/2025\/09\/1757950448_70_83580761.webp\" width=\"147\" height=\"98\" title=\"- Trodde jeg var lesbisk\" alt=\"\" class=\"lazyload\" style=\"--aspect-ratio-image: 1.50; \"\/><\/p>\n<p>        &#8211; Trodde jeg var lesbisk<\/p>\n<p>    <\/a><\/p>\n<p>N\u00e5 har de solgt huset etter bare kort tid p\u00e5 markedet.<\/p>\n<p class=\"font-weight-bold m-font-weight-bold\" data-lab-font_weight=\"font-weight-bold\">&#8211; Salget gikk veldig fort. Det var 25 personer p\u00e5 visning, og mange som var interesserte i eiendommen og huset, sier eiendomsmegler Hans Houeland til <a href=\"https:\/\/www.nettavisen.no\/kjendis\/helene-olafsen-har-solgt-huset\/s\/5-95-2620302\" rel=\"nofollow noopener\" target=\"_blank\">Nettavisen<\/a>.\u00a0<\/p>\n<p>        VIRALT: Et eldre klipp fra TV-programmet \u00abBorder Patrol\u00bb g\u00e5r n\u00e5 viralt p\u00e5 Tiktok. Klippet viser Helene Olafsen som blir tatt i tollen p\u00e5 New Zealand. Video: Thea Hope\/ R\u00f8d L\u00f8per<\/p>\n<p>Huset ble solgt allerede mandag, bare dager etter at det kom p\u00e5 markedet.<\/p>\n<p>&#8211; Vi hadde to budgivere. Vi \u00f8nsker ikke \u00e5 uttale oss om prisen, men b\u00e5de kj\u00f8per og selger er forn\u00f8yde med salget. Dette er en unik eiendom, og sammenlignet med andre eiendommer er dette en rettferdig pris, sier Houeland.<\/p>\n<p>          <img loading=\"lazy\" decoding=\"async\" src=\"https:\/\/www.europesays.com\/no\/wp-content\/uploads\/2025\/09\/83596410.webp\" width=\"686\" height=\"426\" title=\"IDYLLISK: Helene Olafsens bolig ligger idyllisk til i strandsonen p\u00e5 Malm\u00f8ya i Oslo. Foto: Andreas Fadum \/ Se og H\u00f8r\" alt=\"\" class=\"\" style=\"--aspect-ratio-image: 1.61; \"\/><\/p>\n<p>\n          IDYLLISK: Helene Olafsens bolig ligger idyllisk til i strandsonen p\u00e5 Malm\u00f8ya i Oslo. Foto: Andreas Fadum \/ Se og H\u00f8r\n      <\/p>\n<p>Eiendommen har et tomteareal p\u00e5 3297 kvadratmeter og ble bygget i 1885. Paret kj\u00f8pte huset for 15,9 millioner kroner i 2019.\u00a0<\/p>\n<p>    <a itemprop=\"url\" href=\"https:\/\/www.seher.no\/kjendis\/det-begynner-a-likne-et-hjem\/81898206\" rel=\"nofollow noopener\" target=\"_blank\"><\/p>\n<p>      <img loading=\"lazy\" decoding=\"async\" src=\"https:\/\/www.europesays.com\/no\/wp-content\/uploads\/2025\/09\/80822870.webp\" width=\"147\" height=\"100\" title=\"\u00abDet begynner \u00e5 likne et hjem\u00bb\" alt=\"\" class=\"lazyload\" style=\"--aspect-ratio-image: 1.47; \"\/><\/p>\n<p>        \u00abDet begynner \u00e5 likne et hjem\u00bb<\/p>\n<p>    <\/a><\/p>\n<p> Tidligere denne m\u00e5neden delte paret p\u00e5 Snapchat at de allerede har funnet et nytt og st\u00f8rre hus &#8211; og er alts\u00e5 klare for \u00e5 sette i gang med et oppussingsprosjekt. <\/p>\n<p>          <img loading=\"lazy\" decoding=\"async\" src=\"https:\/\/www.europesays.com\/no\/wp-content\/uploads\/2025\/09\/83596581.webp\" width=\"686\" height=\"810\" title=\"Foto: Andreas Fadum \/ Se og H\u00f8r\" alt=\"\" class=\"\" style=\"--aspect-ratio-image: 0.85; \"\/><\/p>\n<p>\n          Foto: Andreas Fadum \/ Se og H\u00f8r\n      <\/p>\n<p class=\"font-weight-bold m-font-weight-bold\" data-lab-font_weight=\"font-weight-bold\">Salget kommer etter at ekteparet har hatt konflikter med naboer og Plan- og bygningsetaten. Flere ulovlige byggverk ble avdekket etter kj\u00f8pet, blant annet en brygge, b\u00e5thus, utebod og levegg i strandsonen \u2014 alt oppf\u00f8rt uten n\u00f8dvendige tillatelser.\u00a0<\/p>\n<p>    <a itemprop=\"url\" href=\"https:\/\/www.seher.no\/kjendis\/det-var-veldig-morkt\/81895173\" rel=\"nofollow noopener\" target=\"_blank\"><\/p>\n<p>      <img loading=\"lazy\" decoding=\"async\" src=\"https:\/\/www.europesays.com\/no\/wp-content\/uploads\/2025\/09\/81894705.webp\" width=\"147\" height=\"98\" title=\"- Det var veldig m\u00f8rkt\" alt=\"\" class=\"lazyload\" style=\"--aspect-ratio-image: 1.50; \"\/><\/p>\n<p>        &#8211; Det var veldig m\u00f8rkt<\/p>\n<p>    <\/a><\/p>\n<p>Plan- og bygningsetaten har vist forst\u00e5else for at tiltakene allerede var der ved kj\u00f8p, men likevel gitt p\u00e5legg om riving eller tilbakef\u00f8ring.<\/p>\n<p>        KRITIKK: Kollega Bj\u00f8rn Wettre Holthe gir programleder Helene Olafsen en skjennepreken etter \u00abSkal vi danse\u00bb-premieren. Video: Luna Lea \/ TV 2. Reporter: Jonas Hammer. Klipp: Celina Morken <\/p>\n<p>Olafsen og Nilsen har vist vilje til samarbeid og s\u00f8kt om ettergodkjenning og rehabilitering, og sagt at de \u00f8nsket \u00e5\u00a0<a href=\"https:\/\/www.finansavisen.no\/samfunn\/2025\/06\/17\/8272070\/kjendispar-kan-bli-tvunget-til-a-rive?utm_source=chatgpt.com\" rel=\"nofollow noopener\" target=\"_blank\">bevare mest mulig av eiendommens sjel<\/a>.\u00a0<\/p>\n<p>\u00abVi pr\u00f8ver \u00e5 ikke la det \u00f8delegge livskvaliteten for oss\u00bb, uttalte Olafsen den gang i et intervju med <a href=\"https:\/\/www.kk.no\/livet\/jeg-trodde-aldri-at-det-skulle-bli-oss-1\/75626229?utm_source=chatgpt.com\" target=\"_blank\" rel=\"nofollow noopener\">KK<\/a>\u00a0om konflikten.\u00a0<\/p>\n","protected":false},"excerpt":{"rendered":"Helene Olafsen og J\u00f8rgen Nilsen:\u00a0 Boligen til Helene Olafsen og J\u00f8rgen Nilsen ble solgt bare to uker etter&hellip;\n","protected":false},"author":2,"featured_media":36117,"comment_status":"","ping_status":"","sticky":false,"template":"","format":"standard","meta":{"footnotes":""},"categories":[59],"tags":[236,2292,4481,479,2543,30,28,29,83,82],"class_list":{"0":"post-36116","1":"post","2":"type-post","3":"status-publish","4":"format-standard","5":"has-post-thumbnail","7":"category-sport","8":"tag-boligsalg","9":"tag-helene-olafsen","10":"tag-jorgen-nilsen","11":"tag-kjendis","12":"tag-kjendisdesken","13":"tag-no","14":"tag-norge","15":"tag-norway","16":"tag-sport","17":"tag-sports"},"share_on_mastodon":{"url":"","error":""},"_links":{"self":[{"href":"https:\/\/www.europesays.com\/no\/wp-json\/wp\/v2\/posts\/36116","targetHints":{"allow":["GET"]}}],"collection":[{"href":"https:\/\/www.europesays.com\/no\/wp-json\/wp\/v2\/posts"}],"about":[{"href":"https:\/\/www.europesays.com\/no\/wp-json\/wp\/v2\/types\/post"}],"author":[{"embeddable":true,"href":"https:\/\/www.europesays.com\/no\/wp-json\/wp\/v2\/users\/2"}],"replies":[{"embeddable":true,"href":"https:\/\/www.europesays.com\/no\/wp-json\/wp\/v2\/comments?post=36116"}],"version-history":[{"count":0,"href":"https:\/\/www.europesays.com\/no\/wp-json\/wp\/v2\/posts\/36116\/revisions"}],"wp:featuredmedia":[{"embeddable":true,"href":"https:\/\/www.europesays.com\/no\/wp-json\/wp\/v2\/media\/36117"}],"wp:attachment":[{"href":"https:\/\/www.europesays.com\/no\/wp-json\/wp\/v2\/media?parent=36116"}],"wp:term":[{"taxonomy":"category","embeddable":true,"href":"https:\/\/www.europesays.com\/no\/wp-json\/wp\/v2\/categories?post=36116"},{"taxonomy":"post_tag","embeddable":true,"href":"https:\/\/www.europesays.com\/no\/wp-json\/wp\/v2\/tags?post=36116"}],"curies":[{"name":"wp","href":"https:\/\/api.w.org\/{rel}","templated":true}]}}