{"id":36120,"date":"2025-09-15T15:40:09","date_gmt":"2025-09-15T15:40:09","guid":{"rendered":"https:\/\/www.europesays.com\/no\/36120\/"},"modified":"2025-09-15T15:40:09","modified_gmt":"2025-09-15T15:40:09","slug":"elisabeth-asserson-ingebrigtsen-gar-hardt-ut-mot-gjert-ingebrigtsen","status":"publish","type":"post","link":"https:\/\/www.europesays.com\/no\/36120\/","title":{"rendered":"Elisabeth Asserson Ingebrigtsen g\u00e5r hardt ut mot Gjert Ingebrigtsen"},"content":{"rendered":"\n<p class=\"_lead_ew2ao_2 _lead_xtcu6_50 layout-component text-serif-m layout-normal text-serif-l layout-component layout-wide layout-padded _wide_17hqh_1 layout-padded\">Jakob Ingebrigtsens kone g\u00e5r hardt ut mot Gjert Ingebrigtsen og hans elev Jos\u00e9 Carlos Pinto i et harmdirrende innlegg i sosiale medier. <\/p>\n<p><img alt=\" Foto: Heiko Junge \/ NTB\" class=\"_image_qp4xg_65 layout-component layout-wide\" data-fullscreen- data-track-element-type=\"Article image fullscreen\" data-track-name=\"ImageFullscreen\" fetchpriority=\"high\" decoding=\"sync\" loading=\"eager\" height=\"1264\" itemprop=\"image\"  src=\"https:\/\/www.europesays.com\/no\/wp-content\/uploads\/2025\/09\/1b46e31b-4c74-4ee4-9f96-c8a5d1bc53a1\"  style=\"object-position:0% 0%\" width=\"2023\"\/> Foto: Heiko Junge \/ NTBRapporterer fra Oslo og Tokyo Oppdatert mandag 15. september kl. 17:37    <\/p>\n<ul class=\"_list_ew2ao_3 _list_64s2r_85 _unordered_ew2ao_99 text-sans-m\">\n<li class=\"_item_ew2ao_30\">Jakob Ingebrigtsens kone, Elisabeth, kritiserer Gjert Ingebrigtsen og hans elev Jos\u00e9 Carlos Pinto p\u00e5 Instagram.<\/li>\n<li class=\"_item_ew2ao_30\">Pinto f\u00f8lte seg diskriminert da Gjert ikke fikk trenerakkreditering til VM.<\/li>\n<li class=\"_item_ew2ao_30\">Elisabeth sier hun ikke lenger \u00abkan st\u00e5 og se p\u00e5 hva som blir sagt\u00bb <\/li>\n<li class=\"_item_ew2ao_30\">Pinto har v\u00e6rt ute i et Instagram-innlegg i ettertid og takket Gjert Ingebrigtsen for st\u00f8tten. <\/li>\n<\/ul>\n<p>Vis mer <\/p>\n<p class=\"_paragraph_ew2ao_4 _paragraph_xtcu6_10 layout-component text-serif-m layout-normal text-serif-m layout-padded\">Det gj\u00f8r hun i et langt innlegg p\u00e5 Instagram, bak et bilde av seg selv, Jakob Ingebrigtsen og deres datter Filippa.<\/p>\n<p class=\"_paragraph_ew2ao_4 _paragraph_xtcu6_10 layout-component text-serif-m layout-normal text-serif-m layout-padded\">F\u00f8rst g\u00e5r hun ut mot Jos\u00e9 Carlos Pinto, <a href=\"https:\/\/www.vg.no\/tag\/gjert-ingebrigtsen?utm_source=vg-article&amp;utm_medium=auto-tagger&amp;utm_campaign=dRyeOo\" class=\"_link_ew2ao_39\" rel=\"nofollow noopener\" target=\"_blank\">Gjert Ingebrigtsens<\/a> portugisiske l\u00f8per. <\/p>\n<p class=\"_paragraph_ew2ao_4 _paragraph_xtcu6_10 layout-component text-serif-m layout-normal text-serif-m layout-padded\">Etter fors\u00f8ket p\u00e5 1500 meter, utalte Pinto at <a href=\"https:\/\/www.vg.no\/sport\/i\/rPo1Am\/raser-mot-gjert-ingebrigtsen-behandling-jeg-foeler-at-jeg-blir-diskriminert\" data-track-element-type=\"Link\" data-track-id=\"link:rPo1Am\" class=\"_link_ew2ao_39\" rel=\"nofollow noopener\" target=\"_blank\">han f\u00f8lte seg diskriminert<\/a> fordi Gjert Ingebrigtsen ikke fikk trenerakkreditering til VM.<\/p>\n<p class=\"_paragraph_ew2ao_4 _paragraph_xtcu6_10 layout-component text-serif-m layout-normal text-serif-m layout-padded\">\u00abN\u00e5r jeg i g\u00e5r m\u00e5 lese at en portugisisk ut\u00f8ver f\u00f8ler seg diskriminert, fordi Gjert ikke f\u00e5r akkreditering, kjenner jeg p\u00e5 en enorm frustrasjon og et sinne jeg ikke klarer \u00e5 holde inne.\u00bb, skriver Asserson Ingebrigtsen.<\/p>\n<p class=\"_paragraph_ew2ao_4 _paragraph_xtcu6_10 layout-component text-serif-m layout-normal text-serif-m layout-padded\">VG har v\u00e6rt i kontakt med Asserson Ingebrigtsen, som ikke har ytterligere kommentar \u2013 men gir tillatelse til \u00e5 gjengi innlegget.<\/p>\n<p>Dette sa Pinto for noen dager siden<\/p>\n<p class=\"_paragraph_ew2ao_4 _paragraph_xtcu6_10 _paragraph_16v91_10 layout-component text-serif-m layout-normal text-sans-m layout-padded\">Pinto sier at han kjenner til bakteppet og konflikten mellom Gjert Ingebrigtsen og l\u00f8per-s\u00f8nnene Henrik, Filip og Jakob. Likevel forst\u00e5r han ikke nekten for sin trener.<\/p>\n<p class=\"_paragraph_ew2ao_4 _paragraph_xtcu6_10 _paragraph_16v91_10 layout-component text-serif-m layout-normal text-sans-m layout-padded\">\u2013 Du trenger ikke sp\u00f8rre meg om det. Vi vet alle hva som skjer, sier Pinto.<\/p>\n<p class=\"_paragraph_ew2ao_4 _paragraph_xtcu6_10 _paragraph_16v91_10 layout-component text-serif-m layout-normal text-sans-m layout-padded\">\u2013 Jeg forst\u00e5r det ikke. Jeg er fra Portugal og det er veldig annerledes der. Det ville ikke v\u00e6rt et problem i det hele tatt. Jeg st\u00f8tter Gjert.<\/p>\n<p>Vis mer<\/p>\n<p class=\"_paragraph_ew2ao_4 _paragraph_xtcu6_10 layout-component text-serif-m layout-normal text-serif-m layout-padded\"><strong class=\"_strong_ew2ao_25\">Pinto r\u00f8k ut av semifinalen p\u00e5 1500 meter og var allerede ferdig i intervjusonen, hvor journalister m\u00f8ter ut\u00f8vere etter m\u00e5lgang, da innlegget til Asserson Ingebrigtsen ble publisert.<\/strong><\/p>\n<p class=\"_paragraph_ew2ao_4 _paragraph_xtcu6_10 layout-component text-serif-m layout-normal text-serif-m layout-padded\">VG har sendt p\u00e5standene til b\u00e5de Pintos selv, Pintos agent og Portugals friidrettsforbund, uten \u00e5 f\u00e5 svar. <\/p>\n<p class=\"_paragraph_ew2ao_4 _paragraph_xtcu6_10 layout-component text-serif-m layout-normal text-serif-m layout-padded\">P\u00e5 egen Instagram-konto har Pinto, etter at VG tok kontakt, lagt ut et innlegg hvor han hyller Gjert Ingebrigtsen. <\/p>\n<p class=\"_paragraph_ew2ao_4 _paragraph_xtcu6_10 layout-component text-serif-m layout-normal text-serif-m layout-padded\">\u00abEn mer spesiell takk til treneren min Gjert, som trodde p\u00e5 meg og s\u00e5 potensial der f\u00e5 s\u00e5 det\u00bb, skriver han. <\/p>\n<p>\u00abDen Gjert jeg kjenner\u00bb<\/p>\n<p class=\"_paragraph_ew2ao_4 _paragraph_xtcu6_10 layout-component text-serif-m layout-normal text-serif-m layout-padded\">Videre skriver Elisabeth Ingebrigtsen at hun \u00abfikk en anelse\u00bb om st\u00f8yen som var i vente. <\/p>\n<p class=\"_paragraph_ew2ao_4 _paragraph_xtcu6_10 layout-component text-serif-m layout-normal text-serif-m layout-padded\">\u00abDa s\u00e5 jeg igjen den Gjert jeg kjenner\u00bb, skriver hun om svigerfaren.<\/p>\n<p class=\"_paragraph_ew2ao_4 _paragraph_xtcu6_10 layout-component text-serif-m layout-normal text-serif-m layout-padded\">VG har kontaktet b\u00e5de Gjert Ingebrigtsen og hans advokat John Christian Elden. Sistnevnte har svart f\u00f8lgende: <\/p>\n<p class=\"_paragraph_ew2ao_4 _paragraph_xtcu6_10 layout-component text-serif-m layout-normal text-serif-m layout-padded\"><strong class=\"_strong_ew2ao_25\">\u00abHun m\u00e5 f\u00e5 lov til \u00e5 ha sine frustrasjoner, men en gratulasjon til Narve og hans trener hadde ikke v\u00e6rt av veien n\u00e5r man skal vurdere sportslig.\u00bb<\/strong><\/p>\n<p class=\"_paragraph_ew2ao_4 _paragraph_xtcu6_10 layout-component text-serif-m layout-normal text-serif-m layout-padded\">Overfor TV 2 opplyser Ingebrigtsen at han ikke \u00f8nsker \u00e5 kommentere saken. <\/p>\n<p><img decoding=\"async\" alt=\"Bilde av Gjert Ingebrigtsen\" class=\"_image_ygndg_42\" height=\"27\" itemprop=\"image\" loading=\"lazy\"  src=\"https:\/\/www.europesays.com\/no\/wp-content\/uploads\/2025\/09\/edde51d3-80fd-466e-aecf-849c4b0c9ecd\"  width=\"40\"\/><strong class=\"_name_ygndg_51 title-serif-xs\">Gjert Ingebrigtsen<\/strong><\/p>\n<p class=\"_paragraph_ew2ao_4 _paragraph_xtcu6_10 layout-component text-serif-m layout-normal text-serif-m layout-padded\"><a href=\"https:\/\/www.tv2.no\/sport\/reagerer-pa-gjert-grep-for-tokyo-vm-han-har-varslet-brak\/18086996\/\" class=\"_link_ew2ao_39\" rel=\"nofollow noopener\" target=\"_blank\">TV 2<\/a> meldte f\u00f8r VM at Gjert Ingebrigtsen har s\u00f8kt om retten til varemerket \u00abIngebrigtsen metoden\u00bb. <\/p>\n<p class=\"_paragraph_ew2ao_4 _paragraph_xtcu6_10 layout-component text-serif-m layout-normal text-serif-m layout-padded\">\u00abDa jeg like f\u00f8r VM fikk h\u00f8re at han begynte \u00e5 ringe rundt og fortelle folk i laget rundt Jakob at det blir br\u00e5k hvis andre bruker Team Ingebrigtsen som merkevare, og at han har skjelt ut folk for at de vitnet i saken, begynte jeg \u00e5 skj\u00f8nne hvor det bar.\u00bb, skriver Asserson Ingebrigtsen.<\/p>\n<p class=\"_paragraph_ew2ao_4 _paragraph_xtcu6_10 layout-component text-serif-m layout-normal text-serif-m layout-padded\">Elisabeth Asserson Ingebrigtsen vitnet i den syv uker lange rettssaken mot Gjert Ingebrigtsen. Han sto tiltalt for mishandling i n\u00e6re relasjoner mot Jakob Ingebrigtsen og hans lilles\u00f8ster.<\/p>\n<p class=\"_paragraph_ew2ao_4 _paragraph_xtcu6_10 layout-component text-serif-m layout-normal text-serif-m layout-padded\">Gjert Ingebrigtsen ble frikjent for anklagene om mishandling, men d\u00f8mt til 15 dager betinget fengsel for et h\u00e5ndkleslag mot sin datter.<\/p>\n<p class=\"_paragraph_ew2ao_4 _paragraph_xtcu6_10 layout-component text-serif-m layout-normal text-serif-m layout-padded\">Asserson Ingebrigtsen skriver i innlegget at hun oppleveler at denne voldsdommen blir bagatellisert i kommentarfeltene. <\/p>\n<p class=\"_paragraph_ew2ao_4 _paragraph_xtcu6_10 layout-component text-serif-m layout-normal text-serif-m layout-padded\">\u00abPintos uttalelse er bensin p\u00e5 b\u00e5let for alle disse.\u00bb<\/p>\n<p class=\"_paragraph_ew2ao_4 _paragraph_xtcu6_10 layout-component text-serif-m layout-normal text-serif-m layout-padded\">VG skrev 12. september at Gjert Ingebrigtsen <a href=\"https:\/\/www.vg.no\/sport\/i\/XjK32g\/friidrettspresidenten-runar-baalsrud-gjert-ingebrigtsen-truet-med-braak\" data-track-element-type=\"Link\" data-track-id=\"link:XjK32g\" class=\"_link_ew2ao_39\" rel=\"nofollow noopener\" target=\"_blank\">skal ha truet med VM-br\u00e5k<\/a> om han ikke fikk akkreditering til mesterskapet.<\/p>\n<p class=\"_paragraph_ew2ao_4 _paragraph_xtcu6_10 layout-component text-serif-m layout-normal text-serif-m layout-padded\">Det fikk han alts\u00e5 ikke, og <a href=\"https:\/\/www.vg.no\/sport\/i\/RzkX6O\/gjert-ingebrigtsen-forlater-vm-i-japan-skuffet-men-stolt\" data-track-element-type=\"Link\" data-track-id=\"link:RzkX6O\" class=\"_link_ew2ao_39\" rel=\"nofollow noopener\" target=\"_blank\">endte med \u00e5 reise hjem<\/a> f\u00f8r mesterskapet virkelig begynte.<\/p>\n<p class=\"_paragraph_ew2ao_4 _paragraph_xtcu6_10 layout-component text-serif-m layout-normal text-serif-m layout-padded\">\u00abDette handler om mye mer enn hvem som f\u00e5r akkreditering til mesterskap.\u00bb, skriver Asserson Ingebrigtsen.<\/p>\n<p class=\"_paragraph_ew2ao_4 _paragraph_xtcu6_10 layout-component text-serif-m layout-normal text-serif-m layout-padded\">Hun skriver at hun tror det er dumt \u00e5 komme ut med dette n\u00e5, men at det har n\u00e5dd en grense.<\/p>\n<p class=\"_paragraph_ew2ao_4 _paragraph_xtcu6_10 layout-component text-serif-m layout-normal text-serif-m layout-padded\">\u00abJeg kan ikke lenger bare st\u00e5 og se p\u00e5 at Jakob, hans br\u00f8dre og hans s\u00f8sters opplevelser blir latterliggjort og bagatellisert p\u00e5 denne m\u00e5ten.\u00bb, skriver hun.<\/p>\n<p class=\"_paragraph_ew2ao_4 _paragraph_xtcu6_10 layout-component text-serif-m layout-normal text-serif-m layout-padded\">\u00abDet orker jeg ikke \u00e5 se p\u00e5.\u00bb<\/p>\n","protected":false},"excerpt":{"rendered":"Jakob Ingebrigtsens kone g\u00e5r hardt ut mot Gjert Ingebrigtsen og hans elev Jos\u00e9 Carlos Pinto i et harmdirrende&hellip;\n","protected":false},"author":2,"featured_media":36121,"comment_status":"","ping_status":"","sticky":false,"template":"","format":"standard","meta":{"footnotes":""},"categories":[5],"tags":[20,21,5772,24,25,423,1245,1620,15,19,422,22,23,17,18,13,30,28,29,14,16,26,27],"class_list":{"0":"post-36120","1":"post","2":"type-post","3":"status-publish","4":"format-standard","5":"has-post-thumbnail","7":"category-overskrifter","8":"tag-breaking-news","9":"tag-breakingnews","10":"tag-elisabeth-asserson","11":"tag-featured-news","12":"tag-featurednews","13":"tag-friidrett","14":"tag-friidretts-vm","15":"tag-gjert-ingebrigtsen","16":"tag-headlines","17":"tag-hovedoppslag","18":"tag-jakob-ingebrigtsen","19":"tag-latest-news","20":"tag-latestnews","21":"tag-main-news","22":"tag-mainnews","23":"tag-news","24":"tag-no","25":"tag-norge","26":"tag-norway","27":"tag-nyheter","28":"tag-overskrifter","29":"tag-top-stories","30":"tag-topstories"},"share_on_mastodon":{"url":"","error":""},"_links":{"self":[{"href":"https:\/\/www.europesays.com\/no\/wp-json\/wp\/v2\/posts\/36120","targetHints":{"allow":["GET"]}}],"collection":[{"href":"https:\/\/www.europesays.com\/no\/wp-json\/wp\/v2\/posts"}],"about":[{"href":"https:\/\/www.europesays.com\/no\/wp-json\/wp\/v2\/types\/post"}],"author":[{"embeddable":true,"href":"https:\/\/www.europesays.com\/no\/wp-json\/wp\/v2\/users\/2"}],"replies":[{"embeddable":true,"href":"https:\/\/www.europesays.com\/no\/wp-json\/wp\/v2\/comments?post=36120"}],"version-history":[{"count":0,"href":"https:\/\/www.europesays.com\/no\/wp-json\/wp\/v2\/posts\/36120\/revisions"}],"wp:featuredmedia":[{"embeddable":true,"href":"https:\/\/www.europesays.com\/no\/wp-json\/wp\/v2\/media\/36121"}],"wp:attachment":[{"href":"https:\/\/www.europesays.com\/no\/wp-json\/wp\/v2\/media?parent=36120"}],"wp:term":[{"taxonomy":"category","embeddable":true,"href":"https:\/\/www.europesays.com\/no\/wp-json\/wp\/v2\/categories?post=36120"},{"taxonomy":"post_tag","embeddable":true,"href":"https:\/\/www.europesays.com\/no\/wp-json\/wp\/v2\/tags?post=36120"}],"curies":[{"name":"wp","href":"https:\/\/api.w.org\/{rel}","templated":true}]}}