{"id":36193,"date":"2025-09-15T17:05:13","date_gmt":"2025-09-15T17:05:13","guid":{"rendered":"https:\/\/www.europesays.com\/no\/36193\/"},"modified":"2025-09-15T17:05:13","modified_gmt":"2025-09-15T17:05:13","slug":"i-gaza-leser-abood-19-til-eksamen","status":"publish","type":"post","link":"https:\/\/www.europesays.com\/no\/36193\/","title":{"rendered":"I Gaza leser Abood (19) til eksamen"},"content":{"rendered":"\n<ul class=\"_list_ew2ao_3 _list_64s2r_85 _unordered_ew2ao_99 text-sans-m\">\n<li class=\"_item_ew2ao_30\">Abood (19) er en av omtrent 70.000 videreg\u00e5ende-elever i Gaza. <\/li>\n<li class=\"_item_ew2ao_30\">Han pr\u00f8ver \u00e5 studere tre til fire timer om dagen, til tross for mangel p\u00e5 mat og egnede studieforhold.<\/li>\n<li class=\"_item_ew2ao_30\">N\u00e5 har Abood f\u00e5tt beskjed om at han kan ta videreg\u00e5ende-eksamenen digitalt denne uken.<\/li>\n<\/ul>\n<p>Vis mer <\/p>\n<p class=\"_paragraph_ew2ao_4 _paragraph_xtcu6_10 layout-component text-serif-m layout-normal text-serif-m layout-padded\">Fra gutterommet i <a href=\"https:\/\/www.vg.no\/tag\/gaza?utm_source=vg-article&amp;utm_medium=auto-tagger&amp;utm_campaign=4B2e59\" class=\"_link_ew2ao_39\" rel=\"nofollow noopener\" target=\"_blank\">Gaza<\/a>, hamrer 19-\u00e5ringen l\u00f8s p\u00e5 tastaturet.<\/p>\n<p class=\"_paragraph_ew2ao_4 _paragraph_xtcu6_10 layout-component text-serif-m layout-normal text-serif-m layout-padded\">\u00abSkole\u00e5ret har g\u00e5tt forbi som dr\u00f8mmer i et langt mareritt.\u00bb<\/p>\n<p class=\"_paragraph_ew2ao_4 _paragraph_xtcu6_10 layout-component text-serif-m layout-normal text-serif-m layout-padded\">\u00abJeg studerte mens jeg h\u00f8rte lyden av eksplosjoner, repeterte fysikk mens veggene rundt meg kollapset, og memoriserte grammatikk-regler mens virkeligheten snakket et spr\u00e5k jeg ikke kunne forst\u00e5\u00bb. <\/p>\n<p class=\"_paragraph_ew2ao_4 _paragraph_xtcu6_10 layout-component text-serif-m layout-normal text-serif-m layout-padded\">\u00ab\u00c5 kollapse er et privilegium jeg ikke har r\u00e5d til, for dr\u00f8mmene mine er det eneste som ikke har blitt bombet enn\u00e5\u00bb. <\/p>\n<p class=\"_paragraph_ew2ao_4 _paragraph_xtcu6_10 layout-component text-serif-m layout-normal text-serif-m layout-padded\">Teksten publiserer Abdulrahman Hasan Helasa, eller Abood som han kalles, p\u00e5 Facebook. <\/p>\n<p class=\"_paragraph_ew2ao_4 _paragraph_xtcu6_10 layout-component text-serif-m layout-normal text-serif-m layout-padded\">\u2013 Jeg skrev disse ordene etter at vi hadde mistet et helt skole\u00e5r p\u00e5 grunn av krigen. Det var ikke bare ord, men et fors\u00f8k p\u00e5 lindre smerten og puste midt i all denne \u00f8deleggelsen, sier Abood til VG.<\/p>\n<p class=\"_paragraph_ew2ao_4 _paragraph_xtcu6_10 layout-component text-serif-m layout-normal text-serif-m layout-padded\">Det er den avsluttende eksamenen p\u00e5 videreg\u00e5ende, kalt TawjihTawjihbest\u00e5r av totalt ni eksamener i ulike fag som avslutning p\u00e5 et 12-\u00e5rig skolel\u00f8p og som m\u00e5 avlegges for \u00e5 s\u00f8ke h\u00f8yere utdanning. , han jobber mot. Den har han ventet p\u00e5 \u00e5 f\u00e5 ta i over et \u00e5r. Krigen har utsatt b\u00e5de undervisning og eksamener.<\/p>\n<p class=\"_paragraph_ew2ao_4 _paragraph_xtcu6_10 layout-component text-serif-m layout-normal text-serif-m layout-padded\">Han pr\u00f8ver likevel \u00e5 studere mellom tre og fire timer hver dag.<\/p>\n<p class=\"_paragraph_ew2ao_4 _paragraph_xtcu6_10 layout-component text-serif-m layout-normal text-serif-m layout-padded\">Han er blant <a href=\"https:\/\/english.wafa.ps\/Pages\/Details\/159397\" class=\"_link_ew2ao_39\" rel=\"nofollow noopener\" target=\"_blank\">70.000 videreg\u00e5ende-elever p\u00e5 Gaza-stripen<\/a>. If\u00f8lge utdanningsdepartementet i Gaza har 4000 videreg\u00e5ende-elever blitt drept siden starten av krigen. <\/p>\n<p><img alt=\"\" class=\"_image_qp4xg_65 layout-component layout-normal\" data-fullscreen- data-track-element-type=\"Article image fullscreen\" data-track-name=\"ImageFullscreen\" decoding=\"async\" loading=\"lazy\" height=\"900\" itemprop=\"image\"  src=\"https:\/\/www.europesays.com\/no\/wp-content\/uploads\/2025\/09\/91e4f6c0-4384-4315-8e71-73c1e5d37f69\"  style=\"object-position:0% 0%\" width=\"900\"\/><\/p>\n<p class=\"_paragraph_ew2ao_4 _paragraph_xtcu6_10 layout-component text-serif-m layout-normal text-serif-m layout-padded\">I slutten av juli ble Tawgih-eksamenen avholdt for f\u00f8rste gang siden starten av krigen. Da var 1500 elever registrert for \u00e5 ta eksamenen, meldte <a href=\"https:\/\/www.aljazeera.com\/news\/2025\/7\/19\/gaza-students-sit-exams-for-first-time-since-war-began-in-october-2023\" class=\"_link_ew2ao_39\" rel=\"nofollow noopener\" target=\"_blank\">Al Jazeera<\/a>. <\/p>\n<p class=\"_paragraph_ew2ao_4 _paragraph_xtcu6_10 layout-component text-serif-m layout-normal text-serif-m layout-padded\">Men Abood fikk den skuffende beskjeden: Han m\u00e5tte vente. F\u00f8rst skulle kullet over f\u00e5 avlegge eksamen. <\/p>\n<p class=\"_paragraph_ew2ao_4 _paragraph_xtcu6_10 layout-component text-serif-m layout-normal text-serif-m layout-padded\">\u2013 For meg handler ikke Tawjih-eksamenene om \u00e5 best\u00e5 eller stryke, men om \u00e5 bevise min eksistens. <\/p>\n<p><img alt=\"\" class=\"_image_qp4xg_65 layout-component layout-normal\" data-fullscreen- data-track-element-type=\"Article image fullscreen\" data-track-name=\"ImageFullscreen\" decoding=\"async\" loading=\"lazy\" height=\"960\" itemprop=\"image\"  src=\"https:\/\/www.europesays.com\/no\/wp-content\/uploads\/2025\/09\/cf9d2326-1cb7-464a-9099-e37ffefb8989\"  style=\"object-position:59.45312499999999% 45.520833333333336%\" width=\"1280\"\/><\/p>\n<p class=\"_paragraph_ew2ao_4 _paragraph_xtcu6_10 layout-component text-serif-m layout-normal text-serif-m layout-padded\">For Abood fikk en brutal start krigen for snart to \u00e5r siden. <\/p>\n<p>Halve familien drept<\/p>\n<p class=\"_paragraph_ew2ao_4 _paragraph_xtcu6_10 layout-component text-serif-m layout-normal text-serif-m layout-padded\">14. oktober 2023 er storfamilien samlet. Abood, foreldrene og hans fire s\u00f8sken har reist til huset til tanten. De vurderte at det var tryggere enn \u00e5 bli hjemme hos seg selv. <\/p>\n<p class=\"_paragraph_ew2ao_4 _paragraph_xtcu6_10 layout-component text-serif-m layout-normal text-serif-m layout-padded\">Det er bare en uke siden 7. oktober, og Israels angrep p\u00e5 Gaza-stripen har begynt for fullt. Det siste d\u00f8gnet har <a href=\"https:\/\/www.theguardian.com\/world\/live\/2023\/oct\/14\/israel-hamas-war-live-un-says-tens-of-thousands-have-fled-south-in-gaza-israel-strikes-hezbollah-target-in-lebanon-says-idf?filterKeyEvents=false&amp;page=with%3Ablock-652a99498f081db0948412cd\" class=\"_link_ew2ao_39\" rel=\"nofollow noopener\" target=\"_blank\">300 palestinere blitt drept<\/a>. <\/p>\n<p><img alt=\"\" class=\"_image_qp4xg_65 layout-component layout-normal\" data-fullscreen- data-track-element-type=\"Article image fullscreen\" data-track-name=\"ImageFullscreen\" decoding=\"async\" loading=\"lazy\" height=\"503\" itemprop=\"image\"  src=\"https:\/\/www.europesays.com\/no\/wp-content\/uploads\/2025\/09\/12a70470-c242-45ec-a728-029f2b281167\"  style=\"object-position:0% 0%\" width=\"828\"\/><\/p>\n<p class=\"_paragraph_ew2ao_4 _paragraph_xtcu6_10 layout-component text-serif-m layout-normal text-serif-m layout-padded\">Likevel husker Abood det som en fin dag. <\/p>\n<p class=\"_paragraph_ew2ao_4 _paragraph_xtcu6_10 layout-component text-serif-m layout-normal text-serif-m layout-padded\">\u2013 Det var en dag vi hadde v\u00e6rt sammen og ledd mye. Det var en lykkelig dag for oss, sier han.  <\/p>\n<p class=\"_paragraph_ew2ao_4 _paragraph_xtcu6_10 layout-component text-serif-m layout-normal text-serif-m layout-padded\">N\u00e5r de skal legge seg fordeler de 32 familiemedlemmene seg mellom husets tre etasjer. Det er vanlig at kvinner og barn sover i f\u00f8rsteetasje, mens mennene sover i etasjene over. <\/p>\n<p class=\"_paragraph_ew2ao_4 _paragraph_xtcu6_10 layout-component text-serif-m layout-normal text-serif-m layout-padded\">Like f\u00f8r midnatt, treffer et missil f\u00f8rsteetasjen, if\u00f8lge Abood. <\/p>\n<p><img alt=\"\" class=\"_image_qp4xg_65 layout-component layout-normal\" data-fullscreen- data-track-element-type=\"Article image fullscreen\" data-track-name=\"ImageFullscreen\" decoding=\"async\" loading=\"lazy\" height=\"619\" itemprop=\"image\"  src=\"https:\/\/www.europesays.com\/no\/wp-content\/uploads\/2025\/09\/663eff3f-49c4-47e4-b5be-c189850998ea\"  style=\"object-position:0% 0%\" width=\"828\"\/><\/p>\n<p class=\"_paragraph_ew2ao_4 _paragraph_xtcu6_10 layout-component text-serif-m layout-normal text-serif-m layout-padded\"><strong class=\"_strong_ew2ao_25\">Alle kvinnene og barna i familien ble drept \u2013 totalt 16 av de 32 familiemedlemmene som var i huset, forteller Abood.<\/strong><\/p>\n<p class=\"_paragraph_ew2ao_4 _paragraph_xtcu6_10 layout-component text-serif-m layout-normal text-serif-m layout-padded\">Deriblant Aboods mor Lina, to s\u00f8stre Besan og Marah, og syv \u00e5r gamle lillebror, Omar.<\/p>\n<p class=\"_paragraph_ew2ao_4 _paragraph_xtcu6_10 layout-component text-serif-m layout-normal text-serif-m layout-padded\">S\u00f8steren Besan Helasa (19) var medisinstudent. Kun noen dager f\u00f8r hun ble drept, <a href=\"https:\/\/www.independent.co.uk\/news\/world\/middle-east\/gaza-doctor-israel-hamas-war-b2431150.html\" class=\"_link_ew2ao_39\" rel=\"nofollow noopener\" target=\"_blank\">skrev hun sin siste post p\u00e5 X<\/a>:  <\/p>\n<p class=\"_paragraph_ew2ao_4 _paragraph_xtcu6_10 layout-component text-serif-m layout-normal text-serif-m layout-padded\">\u00abJeg har dr\u00f8mmer jeg enn\u00e5 ikke har oppn\u00e5dd. Jeg har et liv jeg ikke har levd fullt ut.\u00bb <\/p>\n<p><img alt=\"Aboods s\u00f8ster Besan Helasa (19) ble drept 14. oktober 2023.\" class=\"_image_qp4xg_65 layout-component layout-normal\" data-fullscreen- data-track-element-type=\"Article image fullscreen\" data-track-name=\"ImageFullscreen\" decoding=\"async\" loading=\"lazy\" height=\"733\" itemprop=\"image\"  src=\"https:\/\/www.europesays.com\/no\/wp-content\/uploads\/2025\/09\/9a7b61d9-09c9-4fae-ad76-653f4c8edc4c\"  style=\"object-position:0% 0%\" width=\"733\"\/>Aboods s\u00f8ster Besan Helasa (19) ble drept 14. oktober 2023.<\/p>\n<p class=\"_paragraph_ew2ao_4 _paragraph_xtcu6_10 layout-component text-serif-m layout-normal text-serif-m layout-padded\">Abood gikk i sjokk etter at han mistet familien. <\/p>\n<p class=\"_paragraph_ew2ao_4 _paragraph_xtcu6_10 layout-component text-serif-m layout-normal text-serif-m layout-padded\">\u2013 Jeg klarte ikke \u00e5 gr\u00e5te. Det f\u00f8ltes ut som t\u00e5rene mine hadde t\u00f8rket opp. S\u00e5 jeg fikk utl\u00f8p for det som er inni meg ved \u00e5 skrive.<\/p>\n<p class=\"_paragraph_ew2ao_4 _paragraph_xtcu6_10 layout-component text-serif-m layout-normal text-serif-m layout-padded\">\u00abDu sa ikke hade til meg. Du sa ikke \u2019Ta vare p\u00e5 deg selv\u2019. Du ga meg ikke en siste klem. Men jeg kan f\u00f8le deg.\u00bb<\/p>\n<p class=\"_paragraph_ew2ao_4 _paragraph_xtcu6_10 layout-component text-serif-m layout-normal text-serif-m layout-padded\">\u00abJeg f\u00f8ler at du fortsatt er rundt meg, i en ber\u00f8ring fra vinden, og stemmen din som er risset inn i hjertet.\u00bb<\/p>\n<p class=\"_paragraph_ew2ao_4 _paragraph_xtcu6_10 layout-component text-serif-m layout-normal text-serif-m layout-padded\">\u00abAvskjeden din var ikke et farvel, men et l\u00f8fte.\u00bb <\/p>\n<p class=\"_paragraph_ew2ao_4 _paragraph_xtcu6_10 layout-component text-serif-m layout-normal text-serif-m layout-padded\">\u00abEt l\u00f8fte om at hver gang vi h\u00f8rer navnet ditt, l\u00f8fter vi hodet og sier: Det er min mor.\u00bb <\/p>\n<p class=\"_paragraph_ew2ao_4 _paragraph_xtcu6_10 layout-component text-serif-m layout-normal text-serif-m layout-padded\">\u00abIkke bare en mor, men et fedreland.\u00bb <\/p>\n<p class=\"_paragraph_ew2ao_4 _paragraph_xtcu6_10 layout-component text-serif-m layout-normal text-serif-m layout-padded\">\u2013 Alt jeg skriver er ekte historier, ting som faktisk har skjedd med meg. Det er ikke fantasi, sier Abood. <\/p>\n<p class=\"_paragraph_ew2ao_4 _paragraph_xtcu6_10 layout-component text-serif-m layout-normal text-serif-m layout-padded\">Det er en m\u00e5te for han \u00e5 bearbeide, men ogs\u00e5 slippe unna, krigen p\u00e5. <\/p>\n<p class=\"_paragraph_ew2ao_4 _paragraph_xtcu6_10 layout-component text-serif-m layout-normal text-serif-m layout-padded\"><strong class=\"_strong_ew2ao_25\">\u2013 Jeg tror fortsatt at blekk er sterkere enn kuler. <\/strong><\/p>\n<p>Studier p\u00e5 flukt<\/p>\n<p class=\"_paragraph_ew2ao_4 _paragraph_xtcu6_10 layout-component text-serif-m layout-normal text-serif-m layout-padded\">Etter angrepet p\u00e5 familiens hus, har Abood m\u00e5tte flykte tre ganger rundt i Gaza. Alle stedene har han tatt frem skoleb\u00f8kene. <\/p>\n<p class=\"_paragraph_ew2ao_4 _paragraph_xtcu6_10 layout-component text-serif-m layout-normal text-serif-m layout-padded\">Han har bodd i telt i Deir al-Balah, i en mosk\u00e9 og i gangene p\u00e5 et sykehus. Der kunne han h\u00f8re hva som skjedde p\u00e5 en av operasjonssalene. <\/p>\n<p class=\"_paragraph_ew2ao_4 _paragraph_xtcu6_10 layout-component text-serif-m layout-normal text-serif-m layout-padded\">\u2013 Jeg studerte mens jeg h\u00f8rte dem skrike og jamre seg. De fleste d\u00f8de, mens jeg satt der og studerte.<\/p>\n<p class=\"_paragraph_ew2ao_4 _paragraph_xtcu6_10 layout-component text-serif-m layout-normal text-serif-m layout-padded\">Motivasjonen for \u00e5 studere, er s\u00f8strene og broren. De var alle flinke p\u00e5 skolen, men fikk aldri muligheten til \u00e5 studere ferdig. <\/p>\n<ul class=\"_gallery_1qa3s_23\" tabindex=\"0\">\n<li class=\"_item_1qa3s_37\" data-index=\"0\"><img decoding=\"async\" class=\"_image_foru8_23 _articleGallery_foru8_39\" data-fullscreen- width=\"960\" height=\"957\" itemprop=\"image\" loading=\"lazy\"  src=\"https:\/\/www.europesays.com\/no\/wp-content\/uploads\/2025\/09\/b9bc86b3-e217-4b9a-8469-75124ec8122f\"  style=\"object-position:50% 50%;aspect-ratio:var(--gallery-aspect-ratio, 16 \/ 9)\"\/>Lillebror Omar ble bare syv \u00e5r gammel. <\/li>\n<li class=\"_item_1qa3s_37\" data-index=\"1\"><img decoding=\"async\" class=\"_image_foru8_23 _articleGallery_foru8_39\" data-fullscreen- width=\"739\" height=\"1600\" itemprop=\"image\" loading=\"lazy\"  src=\"https:\/\/www.europesays.com\/no\/wp-content\/uploads\/2025\/09\/c75cdb92-6602-432f-b4e7-2072e417b2e1\"  style=\"object-position:50% 50%;aspect-ratio:var(--gallery-aspect-ratio, 16 \/ 9)\"\/>S\u00f8steren Besan (19) var medisinstudent p\u00e5 tredje\u00e5ret, da hun ble drept.  Foto: Privat \/ Privat<\/li>\n<\/ul>\n<p>Lillebror Omar ble bare syv \u00e5r gammel. <\/p>\n<p class=\"_paragraph_ew2ao_4 _paragraph_xtcu6_10 layout-component text-serif-m layout-normal text-serif-m layout-padded\">N\u00e5 har han kommet tilbake til familiens hjem, som fortsatt st\u00e5r, sentralt i Gaza. <\/p>\n<p class=\"_paragraph_ew2ao_4 _paragraph_xtcu6_10 layout-component text-serif-m layout-normal text-serif-m layout-padded\">\u2013 Du er p\u00e5 et trygt sted n\u00e5? <\/p>\n<p class=\"_paragraph_ew2ao_4 _paragraph_xtcu6_10 layout-component text-serif-m layout-normal text-serif-m layout-padded\">\u2013 Det finnes ikke noe sted p\u00e5 Gaza-stripen som er trygt, svarer han.<\/p>\n<p>G\u00e5tt ned 13 kilo<\/p>\n<p class=\"_paragraph_ew2ao_4 _paragraph_xtcu6_10 layout-component text-serif-m layout-normal text-serif-m layout-padded\">F\u00f8r krigen, beskriver Abood seg selv som lystig og morsom \u00e5 v\u00e6re rundt. <\/p>\n<p class=\"_paragraph_ew2ao_4 _paragraph_xtcu6_10 layout-component text-serif-m layout-normal text-serif-m layout-padded\">\u2013 Under krigen er det mer en blanding av tristhet og motstand, fordi du m\u00e5 klare deg gjennom det.  <\/p>\n<ul class=\"_gallery_1qa3s_23\" tabindex=\"0\">\n<li class=\"_item_1qa3s_37\" data-index=\"0\"><img decoding=\"async\" class=\"_image_foru8_23 _articleGallery_foru8_39\" data-fullscreen- width=\"960\" height=\"1280\" itemprop=\"image\" loading=\"lazy\"  src=\"https:\/\/www.europesays.com\/no\/wp-content\/uploads\/2025\/09\/3d7e1282-5a32-42ae-a55d-6bf80d6b3ff0\"  style=\"object-position:50% 50%;aspect-ratio:var(--gallery-aspect-ratio, 16 \/ 9)\"\/>Abood i august 2023 \u2013 to m\u00e5neder f\u00f8r krigen bryter ut.<\/li>\n<li class=\"_item_1qa3s_37\" data-index=\"1\"><img decoding=\"async\" class=\"_image_foru8_23 _articleGallery_foru8_39\" data-fullscreen- width=\"959\" height=\"1280\" itemprop=\"image\" loading=\"lazy\"  src=\"https:\/\/www.europesays.com\/no\/wp-content\/uploads\/2025\/09\/06d3baa8-a81b-4b6f-b418-78b8a6b2d06d\"  style=\"object-position:50% 50%;aspect-ratio:var(--gallery-aspect-ratio, 16 \/ 9)\"\/>Slik ser han ut syv m\u00e5neder senere. <\/li>\n<\/ul>\n<p>Abood i august 2023 \u2013 to m\u00e5neder f\u00f8r krigen bryter ut.<\/p>\n<p class=\"_paragraph_ew2ao_4 _paragraph_xtcu6_10 layout-component text-serif-m layout-normal text-serif-m layout-padded\">Han har g\u00e5tt ned 13 kilo i vekt. Han forteller at han stort sett bare f\u00e5r spist et m\u00e5ltid hver dag. <\/p>\n<p class=\"_paragraph_ew2ao_4 _paragraph_xtcu6_10 layout-component text-serif-m layout-normal text-serif-m layout-padded\">Han vil ikke dra til matk\u00f8ene \u2013 det er for farlig, sier han.  <\/p>\n<p class=\"_paragraph_ew2ao_4 _paragraph_xtcu6_10 layout-component text-serif-m layout-normal text-serif-m layout-padded\">I starten av august meldte FN at <a href=\"https:\/\/www.theguardian.com\/world\/ng-interactive\/2025\/aug\/09\/a-deadly-scheme-palestinians-face-indiscriminate-gunfire-at-food-sites?utm_source=chatgpt.com\" class=\"_link_ew2ao_39\" rel=\"nofollow noopener\" target=\"_blank\">minst 1373 palestinere har blitt drept<\/a> mens de har pr\u00f8vd \u00e5 f\u00e5 tak i mat, siden slutten av mai. De fleste har st\u00e5tt i matk\u00f8. Tallene har steget ytterligere siden den gang.<\/p>\n<p class=\"_paragraph_ew2ao_4 _paragraph_xtcu6_10 layout-component text-serif-m layout-normal text-serif-m layout-padded\">\u2013 Hvem skylder du p\u00e5 for situasjonen? <\/p>\n<p class=\"_paragraph_ew2ao_4 _paragraph_xtcu6_10 layout-component text-serif-m layout-normal text-serif-m layout-padded\">\u2013 Jeg skylder ikke p\u00e5 noen. Jeg er ikke en politisk person. F\u00f8r krigen sa jeg aldri noe som helst om det. Jeg var jo fortsatt et barn. <\/p>\n<p class=\"_paragraph_ew2ao_4 _paragraph_xtcu6_10 layout-component text-serif-m layout-normal text-serif-m layout-padded\">Abood skriver p\u00e5 Facebook: <\/p>\n<p class=\"_paragraph_ew2ao_4 _paragraph_xtcu6_10 layout-component text-serif-m layout-normal text-serif-m layout-padded\">\u00abJeg trenger ikke \u00e5 lese om NakbaNakbaPalestinerne kaller 1948-krigen og fordrivelsen av palestinere for &laquo;Nakba&raquo;.  Krigen begynte da staten Israel ble opprettet 14. mai samme \u00e5r. Ordet er arabisk og betyr &laquo;katastrofen&raquo;. -en i b\u00f8ker. Den bor i huset mitt, sitter ved siden av meg ved bordet av t\u00f8rt br\u00f8d. Den sover med meg i rommet som ikke lenger har et tak.\u00bb<\/p>\n<p class=\"_paragraph_ew2ao_4 _paragraph_xtcu6_10 layout-component text-serif-m layout-normal text-serif-m layout-padded\">\u00abI Gaza er ikke Nakba-en et minne; Vi lever i den.\u00bb<\/p>\n<p>   Et lite h\u00e5p<\/p>\n<p class=\"_paragraph_ew2ao_4 _paragraph_xtcu6_10 layout-component text-serif-m layout-normal text-serif-m layout-padded\">VG har holdt kontakt med Abood gjennom sommeren. I august kom endelig beskjeden han hadde ventet p\u00e5: Hans kull er tatt opp til eksamen. <\/p>\n<p class=\"_paragraph_ew2ao_4 _paragraph_xtcu6_10 layout-component text-serif-m layout-normal text-serif-m layout-padded\">F\u00f8rste eksamenen ble avholdt forrige helg. Selv om beboere i nabolaget hans er blant har blitt bedt om \u00e5 evakuere, har han bestemt seg for \u00e5 bli, for \u00e5 fullf\u00f8re eksamen.<\/p>\n<p class=\"_paragraph_ew2ao_4 _paragraph_xtcu6_10 layout-component text-serif-m layout-normal text-serif-m layout-padded\">\u2013 Jeg er heldig, sier han og viser til at han f\u00e5r l\u00e5ne farens PC for \u00e5 ta eksamen. <\/p>\n<p class=\"_paragraph_ew2ao_4 _paragraph_xtcu6_10 layout-component text-serif-m layout-normal text-serif-m layout-padded\">Eksamenene avvikles nemlig digitalt. Ettersom alle skoler og eksamenslokaler er \u00f8delagt i krigen, har utdanningsdepartementet p\u00e5 Gaza <a href=\"https:\/\/english.wafa.ps\/Pages\/Details\/159397\" class=\"_link_ew2ao_39\" rel=\"nofollow noopener\" target=\"_blank\">lansert et digitalt program<\/a> elevene kan bruke for \u00e5 gjennomf\u00f8re eksamen. <\/p>\n<p class=\"_paragraph_ew2ao_4 _paragraph_xtcu6_10 layout-component text-serif-m layout-normal text-serif-m layout-padded\">Aboods dr\u00f8m er \u00e5 studere i utlandet. Han vil enten bli tannlege eller ingeni\u00f8r. Det er ikke s\u00e5 viktig hvor det er, s\u00e5 lenge det er fred, sier han. <\/p>\n<p class=\"_paragraph_ew2ao_4 _paragraph_xtcu6_10 layout-component text-serif-m layout-normal text-serif-m layout-padded\">\u2013 Det kan v\u00e6re et hvilket som helst land som vil respektere meg. Da skal jeg vise meg verdig det landets tillit, inshallahinshallaharabisk uttrykk som betyr \u00abhvis Gud vil\u00bb. Uttrykket viser til Gud som herre over alt som skjer, ogs\u00e5 over alt som mennesket planlegger og \u00f8nsker. I arabisk-talende land brukes uttrykket i dagligtale n\u00e5r det er snakk om forventede og \u00f8nskede hendelser.. <\/p>\n<p><img alt=\"\" class=\"_image_qp4xg_65 layout-component layout-normal\" data-fullscreen- data-track-element-type=\"Article image fullscreen\" data-track-name=\"ImageFullscreen\" decoding=\"async\" loading=\"lazy\" height=\"1125\" itemprop=\"image\"  src=\"https:\/\/www.europesays.com\/no\/wp-content\/uploads\/2025\/09\/6a4bd52b-a4a7-4b3c-baa1-abcbad09add1\"  style=\"object-position:0% 0%\" width=\"900\"\/><\/p>\n<p class=\"_paragraph_ew2ao_4 _paragraph_xtcu6_10 layout-component text-serif-m layout-normal text-serif-m layout-padded\">Som mange muslimer, tror han at skjebnen er forutbestemt. Det finner han tr\u00f8st i. <\/p>\n<p class=\"_paragraph_ew2ao_4 _paragraph_xtcu6_10 layout-component text-serif-m layout-normal text-serif-m layout-padded\">\u2013 Hvis en kopp falt p\u00e5 gulvet og knuste, ville den kommet tilbake om du gr\u00e5t, sp\u00f8r han VGs journalist. Han besvarer sp\u00f8rsm\u00e5let selv: <\/p>\n<p class=\"_paragraph_ew2ao_4 _paragraph_xtcu6_10 layout-component text-serif-m layout-normal text-serif-m layout-padded\">\u2013 Selvf\u00f8lgelig ikke. S\u00e5nn er det med krigen ogs\u00e5 og til n\u00e5 har vi trosset omstendighetene. \u00c5 gr\u00e5te vil ikke f\u00f8re til noe som helst, avslutter Abood. <\/p>\n<p class=\"_paragraph_ew2ao_4 _paragraph_xtcu6_10 layout-component text-serif-m layout-normal text-serif-m layout-padded\">Han m\u00e5 tilbake til skoleb\u00f8kene. <\/p>\n","protected":false},"excerpt":{"rendered":"Abood (19) er en av omtrent 70.000 videreg\u00e5ende-elever i Gaza. Han pr\u00f8ver \u00e5 studere tre til fire timer&hellip;\n","protected":false},"author":2,"featured_media":36194,"comment_status":"","ping_status":"","sticky":false,"template":"","format":"standard","meta":{"footnotes":""},"categories":[12],"tags":[20,21,24,25,53,15,22,23,13,30,28,29,14,16,26,27,42,43,44,45],"class_list":{"0":"post-36193","1":"post","2":"type-post","3":"status-publish","4":"format-standard","5":"has-post-thumbnail","7":"category-verden","8":"tag-breaking-news","9":"tag-breakingnews","10":"tag-featured-news","11":"tag-featurednews","12":"tag-gaza","13":"tag-headlines","14":"tag-latest-news","15":"tag-latestnews","16":"tag-news","17":"tag-no","18":"tag-norge","19":"tag-norway","20":"tag-nyheter","21":"tag-overskrifter","22":"tag-top-stories","23":"tag-topstories","24":"tag-verden","25":"tag-world","26":"tag-world-news","27":"tag-worldnews"},"share_on_mastodon":{"url":"","error":""},"_links":{"self":[{"href":"https:\/\/www.europesays.com\/no\/wp-json\/wp\/v2\/posts\/36193","targetHints":{"allow":["GET"]}}],"collection":[{"href":"https:\/\/www.europesays.com\/no\/wp-json\/wp\/v2\/posts"}],"about":[{"href":"https:\/\/www.europesays.com\/no\/wp-json\/wp\/v2\/types\/post"}],"author":[{"embeddable":true,"href":"https:\/\/www.europesays.com\/no\/wp-json\/wp\/v2\/users\/2"}],"replies":[{"embeddable":true,"href":"https:\/\/www.europesays.com\/no\/wp-json\/wp\/v2\/comments?post=36193"}],"version-history":[{"count":0,"href":"https:\/\/www.europesays.com\/no\/wp-json\/wp\/v2\/posts\/36193\/revisions"}],"wp:featuredmedia":[{"embeddable":true,"href":"https:\/\/www.europesays.com\/no\/wp-json\/wp\/v2\/media\/36194"}],"wp:attachment":[{"href":"https:\/\/www.europesays.com\/no\/wp-json\/wp\/v2\/media?parent=36193"}],"wp:term":[{"taxonomy":"category","embeddable":true,"href":"https:\/\/www.europesays.com\/no\/wp-json\/wp\/v2\/categories?post=36193"},{"taxonomy":"post_tag","embeddable":true,"href":"https:\/\/www.europesays.com\/no\/wp-json\/wp\/v2\/tags?post=36193"}],"curies":[{"name":"wp","href":"https:\/\/api.w.org\/{rel}","templated":true}]}}