{"id":36215,"date":"2025-09-15T17:41:11","date_gmt":"2025-09-15T17:41:11","guid":{"rendered":"https:\/\/www.europesays.com\/no\/36215\/"},"modified":"2025-09-15T17:41:11","modified_gmt":"2025-09-15T17:41:11","slug":"constance-marten-og-mark-gordon-domt-for-drap-pa-nyfodt-datter","status":"publish","type":"post","link":"https:\/\/www.europesays.com\/no\/36215\/","title":{"rendered":"Constance Marten og Mark Gordon d\u00f8mt for drap p\u00e5 nyf\u00f8dt datter"},"content":{"rendered":"<p class=\"kicker \" style=\"\">Foreldre d\u00f8mt:\u00a0<\/p>\n<p>  De levde i skjul med spedbarnet sitt. N\u00e5 har retten avsagt dommen i den rystende saken.<\/p>\n<p>\n    ARISTOKRAT-DATTER: Constance Marten og hennes partner Mark Gordon har n\u00e5 f\u00e5tt sin dom etter at de drepte sitt felles barn. Foto: Handout\n  <\/p>\n<p> Aristokratdatter Constance Marten (38) og kj\u00e6resten Mark Gordon (51) forsvant med sin nyf\u00f8dte datter i det som utviklet seg til en av Storbritannias mest omtalte menneskejakter. Da politiet til slutt fant dem, var babyen borte &#8211; og det som fulgte, sjokkerte en hel nasjon.\u00a0<\/p>\n<p>N\u00e5 er dommen mot paret klar. Det melder <a href=\"https:\/\/news.sky.com\/story\/constance-marten-and-mark-gordon-jailed-for-total-of-28-years-after-killing-their-newborn-daughter-13428154\" rel=\"nofollow noopener\" target=\"_blank\">Sky News<\/a>.\u00a0<\/p>\n<p>          <img loading=\"lazy\" decoding=\"async\" src=\"https:\/\/www.europesays.com\/no\/wp-content\/uploads\/2025\/09\/83596898.webp\" width=\"980\" height=\"559\" title=\"P\u00c5 R\u00d8MMEN: Paret observert i London 01.07.2023. Foto: Handout\" alt=\"\" class=\"\" style=\"--aspect-ratio-image: 1.75; \"\/><\/p>\n<p>\n          P\u00c5 R\u00d8MMEN: Paret observert i London 01.07.2023. Foto: Handout\n      <\/p>\n<p>Dumpet i handlepose\t<\/p>\n<p>Babyen Victoria var bare noen dager gammel da Marten og Gordon tok henne med p\u00e5 flukt i januar 2023. Bakgrunnen var at Marten fryktet at ogs\u00e5 dette barnet ville bli tatt fra henne av sosialtjenesten, etter at hun tidligere hadde blitt fratatt fire barn.<\/p>\n<p>          <img loading=\"lazy\" decoding=\"async\" src=\"https:\/\/www.europesays.com\/no\/wp-content\/uploads\/2025\/09\/83596878.webp\" width=\"686\" height=\"584\" title=\"PAPPAEN: Varetektsbildet av Mark Gordon 14.juli 2025. Foto: Handout\" alt=\"\" class=\"\" style=\"--aspect-ratio-image: 1.17; \"\/><\/p>\n<p>\n          PAPPAEN: Varetektsbildet av Mark Gordon 14.juli 2025. Foto: Handout\n      <\/p>\n<p>I stedet for \u00e5 s\u00f8ke hjelp, reiste paret landet rundt i drosjer, overnattet i telt og fors\u00f8kte \u00e5 holde seg skjult i bitende britisk vinterkulde.\u00a0De var p\u00e5 r\u00f8mmen i 54 dager f\u00f8r de ble p\u00e5grepet. <\/p>\n<p>I retten hevdet Marten at hun \u00f8nsket \u00e5 beskytte datteren fra staten.<\/p>\n<p>&#8211; Det var ikke snakk om at jeg skulle skilles fra mitt barn, sa hun i vitneboksen, if\u00f8lge Sky News.<\/p>\n<p class=\"font-weight-bold m-font-weight-bold\" data-lab-font_weight=\"font-weight-bold\">Den 1. mars 2023 &#8211; to dager etter at paret ble arrestert i Brighton &#8211; ble Victorias kropp funnet. Hun l\u00e5 i en plastpose fra Lidl, sammen med s\u00f8ppel, i et hj\u00f8rne av en hage.<\/p>\n<p>    <a itemprop=\"url\" href=\"https:\/\/www.dagbladet.no\/nyheter\/arrestert-spedbarn-fortsatt-savnet\/78614743\" rel=\"nofollow noopener\" target=\"_blank\"><\/p>\n<p>      <img loading=\"lazy\" decoding=\"async\" src=\"https:\/\/www.europesays.com\/no\/wp-content\/uploads\/2025\/09\/78614809.webp\" width=\"147\" height=\"98\" title=\"Arrestert - spedbarn fortsatt savnet\" alt=\"\" class=\"lazyload\" style=\"--aspect-ratio-image: 1.50; \"\/><\/p>\n<p>        Arrestert &#8211; spedbarn fortsatt savnet<\/p>\n<p>    <\/a><\/p>\n<p>Rystende\t<\/p>\n<p>Retten fikk h\u00f8re at babyen var if\u00f8rt lite kl\u00e6r og at Marten bar henne under frakken mens hun selv var gjennomv\u00e5t. Aktoratet mener Victoria enten fr\u00f8s i hjel eller d\u00f8de av kvelning mens hun sov tett inntil moren.<\/p>\n<p>Paret ble mandag d\u00f8mt i Old Bailey i London for grovt uaktsomt drap, etter en rettssak som har rystet Storbritannia.<\/p>\n<p class=\"font-weight-bold m-font-weight-bold\" data-lab-font_weight=\"font-weight-bold\">N\u00e5 m\u00e5 paret sone 14 \u00e5r i fengsel hver.\u00a0<\/p>\n<p>&#8211; Dere tenkte knapt, om i det hele tatt, p\u00e5 omsorgen og velferden til babyen deres. Dere fokuserte p\u00e5 dere selv, sa dommer Mark Lucraft under straffeutm\u00e5lingen, if\u00f8lge avisa.<\/p>\n<p>Han la til:<\/p>\n<p class=\"font-weight-bold m-font-weight-bold\" data-lab-font_weight=\"font-weight-bold\">&#8211; Ingen av dere har vist noe reell anger.\u00a0Selv om dere flere ganger har gitt uttrykk for sorg over d\u00f8dsfallet, har dere hele tiden fors\u00f8kt \u00e5 legge skylden p\u00e5 alle andre enn dere selv.<\/p>\n<p>Han beskrev hvordan paret etter d\u00f8dsfallet forlot kroppen i skjul og at de ikke ga politiet informasjon om hvor hun befant seg.<\/p>\n<p>    <a itemprop=\"url\" href=\"https:\/\/www.dagbladet.no\/nyheter\/avslorer-dodsarsak-grusom-utfordring\/79123543\" rel=\"nofollow noopener\" target=\"_blank\"><\/p>\n<p>      <img loading=\"lazy\" decoding=\"async\" src=\"https:\/\/www.europesays.com\/no\/wp-content\/uploads\/2025\/09\/72565829.webp\" width=\"147\" height=\"98\" title=\"Avsl\u00f8rer d\u00f8ds\u00e5rsak: - Grusom utfordring\" alt=\"\" class=\"lazyload\" style=\"--aspect-ratio-image: 1.50; \"\/><\/p>\n<p>        Avsl\u00f8rer d\u00f8ds\u00e5rsak: &#8211; Grusom utfordring<\/p>\n<p>    <\/a><\/p>\n<p>Vil anke\t<\/p>\n<p>Retten brukte nesten 33 uker p\u00e5 \u00e5 behandle saken &#8211; etter en f\u00f8rste rettsrunde der juryen ikke klarte \u00e5 enes om skyldsp\u00f8rsm\u00e5let.\u00a0<\/p>\n<p>I tillegg til uaktsomt drap, ble paret tidligere d\u00f8mt for \u00e5 ha skjult f\u00f8dselen, for barnemishandling og for \u00e5 ha forvrengt rettsprosessen.<\/p>\n<p>Marten har allerede fors\u00f8kt \u00e5 anke dommen for mishandling, men fikk avslag i februar. N\u00e5 s\u00f8ker hun om \u00e5 anke ogs\u00e5 dommen for uaktsomt drap.<\/p>\n","protected":false},"excerpt":{"rendered":"Foreldre d\u00f8mt:\u00a0 De levde i skjul med spedbarnet sitt. N\u00e5 har retten avsagt dommen i den rystende saken.&hellip;\n","protected":false},"author":2,"featured_media":36216,"comment_status":"","ping_status":"","sticky":false,"template":"","format":"standard","meta":{"footnotes":""},"categories":[59],"tags":[30,28,29,14,83,82,412],"class_list":{"0":"post-36215","1":"post","2":"type-post","3":"status-publish","4":"format-standard","5":"has-post-thumbnail","7":"category-sport","8":"tag-no","9":"tag-norge","10":"tag-norway","11":"tag-nyheter","12":"tag-sport","13":"tag-sports","14":"tag-utenriks"},"share_on_mastodon":{"url":"","error":""},"_links":{"self":[{"href":"https:\/\/www.europesays.com\/no\/wp-json\/wp\/v2\/posts\/36215","targetHints":{"allow":["GET"]}}],"collection":[{"href":"https:\/\/www.europesays.com\/no\/wp-json\/wp\/v2\/posts"}],"about":[{"href":"https:\/\/www.europesays.com\/no\/wp-json\/wp\/v2\/types\/post"}],"author":[{"embeddable":true,"href":"https:\/\/www.europesays.com\/no\/wp-json\/wp\/v2\/users\/2"}],"replies":[{"embeddable":true,"href":"https:\/\/www.europesays.com\/no\/wp-json\/wp\/v2\/comments?post=36215"}],"version-history":[{"count":0,"href":"https:\/\/www.europesays.com\/no\/wp-json\/wp\/v2\/posts\/36215\/revisions"}],"wp:featuredmedia":[{"embeddable":true,"href":"https:\/\/www.europesays.com\/no\/wp-json\/wp\/v2\/media\/36216"}],"wp:attachment":[{"href":"https:\/\/www.europesays.com\/no\/wp-json\/wp\/v2\/media?parent=36215"}],"wp:term":[{"taxonomy":"category","embeddable":true,"href":"https:\/\/www.europesays.com\/no\/wp-json\/wp\/v2\/categories?post=36215"},{"taxonomy":"post_tag","embeddable":true,"href":"https:\/\/www.europesays.com\/no\/wp-json\/wp\/v2\/tags?post=36215"}],"curies":[{"name":"wp","href":"https:\/\/api.w.org\/{rel}","templated":true}]}}