{"id":36234,"date":"2025-09-15T18:08:13","date_gmt":"2025-09-15T18:08:13","guid":{"rendered":"https:\/\/www.europesays.com\/no\/36234\/"},"modified":"2025-09-15T18:08:13","modified_gmt":"2025-09-15T18:08:13","slug":"nrk-eksperter-satt-ut","status":"publish","type":"post","link":"https:\/\/www.europesays.com\/no\/36234\/","title":{"rendered":"NRK-eksperter satt ut"},"content":{"rendered":"<p>  Karsten Warholm (29) startet gulljakten i VM i Tokyo p\u00e5 rolig vis. Konkurrent Rai Benjamin (28) overrasket NRKs kommentatorer.<\/p>\n<p>\n    VIDERE: Karsten Warholm er klar for semifinale p\u00e5 400 meter hekk. Foto: Heiko Junge \/ NTB\n  <\/p>\n<p>TOKYO\/OSLO (Dagbladet): Karsten Warholm var tilbake p\u00e5 banen der han satte verdensrekord p\u00e5 400 meter hekk (45,94). Det skjedde under OL for fire \u00e5r siden.<\/p>\n<p>    <a itemprop=\"url\" href=\"https:\/\/www.dagbladet.no\/sport\/trobbel-tar-grep\/83592929\" rel=\"nofollow noopener\" target=\"_blank\"><\/p>\n<p>      <img loading=\"lazy\" decoding=\"async\" src=\"https:\/\/www.europesays.com\/no\/wp-content\/uploads\/2025\/09\/83593467.webp\" width=\"980\" height=\"441\" title=\"Tr\u00f8bbel: Tar grep\" alt=\"\" class=\"lazyload\" style=\"--aspect-ratio-image: 2.22; \"\/><\/p>\n<p>        Tr\u00f8bbel: Tar grep<\/p>\n<p>    <\/a><\/p>\n<p>Mandag ettermiddag norsk tid l\u00f8p Warholm inn til 3.-plass p\u00e5 kvalifiseringen p\u00e5 400 meter hekk i VM. Nordmannen sparte p\u00e5 kreftene gjennom hele l\u00f8pet.<\/p>\n<p class=\"font-weight-bold m-font-weight-bold\" data-lab-font_weight=\"font-weight-bold\">&#8211; Han tok det ekstremt rolig, p\u00e5pekte NRK-kommentator Jann Post.<\/p>\n<p> &#8211; Jeg trodde han ville jage litt mer mot slutten for \u00e5 f\u00e5 en bedre bane i semifinalen, men han fikk det billig, sier NRK-ekspert Vebj\u00f8rn Rodal.<\/p>\n<p>Etter m\u00e5lgang forklarte Warholm:<\/p>\n<p>&#8211; Jeg har l\u00e6rt fra fjor\u00e5ret at jeg ikke skal springe s\u00e5 raskt tidlig. N\u00e5 har jeg spart mer enn konkurrentene, sa Warholm til NRK.<\/p>\n<p class=\"italic m-italic\" data-lab-italic=\"italic\">&#8211; Hvorfor pr\u00f8vde du ikke \u00e5 bli topp to? sp\u00f8r Dagbladet.<\/p>\n<p class=\"font-weight-bold m-font-weight-bold\" data-lab-font_weight=\"font-weight-bold\">&#8211; Det har jeg gjort s\u00e5 mange ganger f\u00f8r. Det er dumt. Men jeg tror ikke jeg hadde f\u00e5tt noe igjen hvis jeg hadde blitt topp to?<\/p>\n<p class=\"italic m-italic\" data-lab-italic=\"italic\">&#8211; Banemessig?<\/p>\n<p>&#8211; Jo, kanskje. Jeg tror det her kommer til \u00e5 g\u00e5 helt fint, svarer Warholm.<\/p>\n<p>Det var trener Leif Olav Alnes enig i:<\/p>\n<p>&#8211; Det var nok fornuftig det der. Det er ikke s\u00e5 mye \u00e5 ta fra dette l\u00f8pet, men jeg vet at han er i bra slag, sa Alnes til statskanalen.<\/p>\n<p>Warholm l\u00f8per i bane fire i den f\u00f8rste semifinalen onsdag. Der slipper han \u00e5 m\u00f8te sine t\u00f8ffeste konkurrenter, Rai Benjamin og Alison dos Santos.\u00a0<\/p>\n<p>Hans t\u00f8ffeste konkurrent blir trolig Abderrahman Samba. To g\u00e5r direkte videre til finalen.<\/p>\n<p>          <img loading=\"lazy\" decoding=\"async\" src=\"https:\/\/www.europesays.com\/no\/wp-content\/uploads\/2025\/09\/83595088.webp\" width=\"686\" height=\"501\" title=\"VIDERE: Karsten Warholm i Tokyo. Foto: Heiko Junge \/ NTB\" alt=\"\" class=\"\" style=\"--aspect-ratio-image: 1.37; \"\/><\/p>\n<p>\n          VIDERE: Karsten Warholm i Tokyo. Foto: Heiko Junge \/ NTB\n      <\/p>\n<p>          <img loading=\"lazy\" decoding=\"async\" src=\"https:\/\/www.europesays.com\/no\/wp-content\/uploads\/2025\/09\/83595086.webp\" width=\"686\" height=\"536\" title=\"FIKK DET BILLIG: Karsten Warholm under kvalifiseringen. Foto: Heiko Junge \/ NTB\" alt=\"\" class=\"\" style=\"--aspect-ratio-image: 1.28; \"\/><\/p>\n<p>\n          FIKK DET BILLIG: Karsten Warholm under kvalifiseringen. Foto: Heiko Junge \/ NTB\n      <\/p>\n<p>Warholm l\u00f8p i heat tre, mens hans to st\u00f8rste konkurrenter Alison dos Santos og Rai Benjamin l\u00f8p i henholdsvis heat to og fire.<\/p>\n<p>I hvert sitt heat tok trioen seg videre til semifinale:<\/p>\n<ul class=\"font-weight-bold m-font-weight-bold\" data-lab-font_weight=\"font-weight-bold\">\n<li class=\"lab-bodytext-line\">Alison dos Santos: 2.-plass med tida tida 48.48<\/li>\n<li class=\"lab-bodytext-line\">Karsten Warholm: 3.-plass med tida 48.56<\/li>\n<li class=\"lab-bodytext-line\">Rai Benjamin: 1.-plass med tida 48.15<\/li>\n<\/ul>\n<p class=\"no_italic m-no_italic\" data-lab-italic=\"\">NRK-ekspertene ble n\u00e6rmest satt ut av Benjamins l\u00f8p. Amerikaneren jogget mer eller mindre inn til f\u00f8rsteplassen.<\/p>\n<p class=\"font-weight-bold m-font-weight-bold\" data-lab-font_weight=\"font-weight-bold\">&#8211; Et skremmeskudd fra Benjamin, sa Christina Vukicevic Demidov.<\/p>\n<p>&#8211; Han jogger nesten. Usedvanlig god tegn, mente Post.<\/p>\n<p>&#8211; Vi trenger ikke \u00e5 lure p\u00e5 om han er i form, poengterte Rodal.<\/p>\n<p class=\"no_italic m-no_italic\" data-lab-italic=\"\">Dagbladet sp\u00f8r Dos Santos om viktigheten av \u00e5 komme topp to &#8211; etter at Warholm alts\u00e5 endte p\u00e5 tredjeplass.<\/p>\n<p class=\"no_italic m-no_italic\" data-lab-italic=\"\">&#8211; Alle har sin egen strategi. Det beste er \u00e5 vinne, men vi l\u00f8per. Du kan ikke kontrollere hva som skjer i de andre banene. Vi l\u00f8per for oss selv, og \u00f8nsker \u00e5 v\u00e6re mest mulig uthvilt til neste runde, sier Dos Santos til Dagbladet.<\/p>\n<p class=\"no_italic m-no_italic\" data-lab-italic=\"\">Onsdag ettermiddag er det klart for semifinale.<\/p>\n<p>    <a itemprop=\"url\" href=\"https:\/\/www.dagbladet.no\/sport\/tror-de-kjente-pa-den\/83585883\" rel=\"nofollow noopener\" target=\"_blank\"><\/p>\n<p>      <img loading=\"lazy\" decoding=\"async\" src=\"https:\/\/www.europesays.com\/no\/wp-content\/uploads\/2025\/09\/83585988.webp\" width=\"147\" height=\"98\" title=\"- Tror de kjente p\u00e5 den\" alt=\"\" class=\"lazyload\" style=\"--aspect-ratio-image: 1.50; \"\/><\/p>\n<p>        &#8211; Tror de kjente p\u00e5 den<\/p>\n<p>    <\/a><\/p>\n","protected":false},"excerpt":{"rendered":"Karsten Warholm (29) startet gulljakten i VM i Tokyo p\u00e5 rolig vis. Konkurrent Rai Benjamin (28) overrasket NRKs&hellip;\n","protected":false},"author":2,"featured_media":36235,"comment_status":"","ping_status":"","sticky":false,"template":"","format":"standard","meta":{"footnotes":""},"categories":[5],"tags":[5788,20,21,24,25,423,15,19,2196,22,23,17,18,13,30,28,29,14,16,83,26,27],"class_list":{"0":"post-36234","1":"post","2":"type-post","3":"status-publish","4":"format-standard","5":"has-post-thumbnail","7":"category-overskrifter","8":"tag-400-meter-hekk","9":"tag-breaking-news","10":"tag-breakingnews","11":"tag-featured-news","12":"tag-featurednews","13":"tag-friidrett","14":"tag-headlines","15":"tag-hovedoppslag","16":"tag-karsten-warholm","17":"tag-latest-news","18":"tag-latestnews","19":"tag-main-news","20":"tag-mainnews","21":"tag-news","22":"tag-no","23":"tag-norge","24":"tag-norway","25":"tag-nyheter","26":"tag-overskrifter","27":"tag-sport","28":"tag-top-stories","29":"tag-topstories"},"share_on_mastodon":{"url":"","error":""},"_links":{"self":[{"href":"https:\/\/www.europesays.com\/no\/wp-json\/wp\/v2\/posts\/36234","targetHints":{"allow":["GET"]}}],"collection":[{"href":"https:\/\/www.europesays.com\/no\/wp-json\/wp\/v2\/posts"}],"about":[{"href":"https:\/\/www.europesays.com\/no\/wp-json\/wp\/v2\/types\/post"}],"author":[{"embeddable":true,"href":"https:\/\/www.europesays.com\/no\/wp-json\/wp\/v2\/users\/2"}],"replies":[{"embeddable":true,"href":"https:\/\/www.europesays.com\/no\/wp-json\/wp\/v2\/comments?post=36234"}],"version-history":[{"count":0,"href":"https:\/\/www.europesays.com\/no\/wp-json\/wp\/v2\/posts\/36234\/revisions"}],"wp:featuredmedia":[{"embeddable":true,"href":"https:\/\/www.europesays.com\/no\/wp-json\/wp\/v2\/media\/36235"}],"wp:attachment":[{"href":"https:\/\/www.europesays.com\/no\/wp-json\/wp\/v2\/media?parent=36234"}],"wp:term":[{"taxonomy":"category","embeddable":true,"href":"https:\/\/www.europesays.com\/no\/wp-json\/wp\/v2\/categories?post=36234"},{"taxonomy":"post_tag","embeddable":true,"href":"https:\/\/www.europesays.com\/no\/wp-json\/wp\/v2\/tags?post=36234"}],"curies":[{"name":"wp","href":"https:\/\/api.w.org\/{rel}","templated":true}]}}