{"id":36266,"date":"2025-09-15T18:38:24","date_gmt":"2025-09-15T18:38:24","guid":{"rendered":"https:\/\/www.europesays.com\/no\/36266\/"},"modified":"2025-09-15T18:38:24","modified_gmt":"2025-09-15T18:38:24","slug":"trendy-comeback-i-hostens-mote","status":"publish","type":"post","link":"https:\/\/www.europesays.com\/no\/36266\/","title":{"rendered":"Trendy comeback i h\u00f8stens mote"},"content":{"rendered":"<p class=\"kicker \" style=\"\">Mote:<\/p>\n<p>  Fuskepelsen gj\u00f8r comeback.<\/p>\n<p>\n    H\u00d8ST I VENTE: Snart h\u00f8st, og p\u00e5 med fuskepelsen. Foto: Noor-u-nisa Khan.\n  <\/p>\n<p>Det ser ut til at motehusene har en evig kj\u00e6rlighetshistorie med<br \/>\nfuskepels. Denne sesongen dukket materialet opp p\u00e5 langt mer enn<br \/>\nbare yttert\u00f8y. Vesker, skjerf, skj\u00f8rt og luer var kledd i dyrenes ytre \u2013 ofte<br \/>\nkombinert i ett og samme antrekk. Vi ser ogs\u00e5 en tydelig bevegelse<br \/>\nbort fra de n\u00f8ytrale fargene.<\/p>\n<p class=\"font-weight-bold m-font-weight-bold\" data-lab-font_weight=\"font-weight-bold\">\u2013 Men de klassiske, for eksempel i h\u00f8stens store trendfarge; brun, er med. Det er bare \u00e5 finne fuskepelsen frem igjen, sier Ida Elise Eide Einarsd\u00f3ttir, moteansvarlig i KK om trenden.<\/p>\n<p>\u00a0Fuskepels er dessuten perfekt \u00e5 kombinere med de andre store<br \/>\ntrendene fra catwalken i \u00e5r. I punkbildet dukker den opp igjen og igjen,<br \/>\nog tilf\u00f8rer antrekket en ekstra rock\u2019n\u2019roll-vibe. Og liker du blonder, er<br \/>\nfuskepels den ideelle kontrasten, den gir looken en dose glam.<\/p>\n<p>F\u00e5 stilenDet lille ekstra<\/p>\n<p>En fluffy veske er perfekt<br \/>\nfor h\u00f8stgarderoben. Velger<br \/>\ndu dyreprint, f\u00e5r du<br \/>\nsamtidig sneket inn en<br \/>\nmikrotrend i\u00a0antrekket. <\/p>\n<p>V\u00e5r favoritt<\/p>\n<p>          <img loading=\"lazy\" decoding=\"async\" src=\"https:\/\/www.europesays.com\/no\/wp-content\/uploads\/2025\/09\/83526398.webp\" width=\"579\" height=\"742\" title=\"Hvit fuskepels&#10;(kr 25 000, Filippa K).\" alt=\"\" class=\"\" style=\"--aspect-ratio-image: 0.78; \"\/><\/p>\n","protected":false},"excerpt":{"rendered":"Mote: Fuskepelsen gj\u00f8r comeback. H\u00d8ST I VENTE: Snart h\u00f8st, og p\u00e5 med fuskepelsen. Foto: Noor-u-nisa Khan. Det ser&hellip;\n","protected":false},"author":2,"featured_media":36267,"comment_status":"","ping_status":"","sticky":false,"template":"","format":"standard","meta":{"footnotes":""},"categories":[58],"tags":[71,5792,4621,2968,4024,30,28,29,4415,5624,72],"class_list":{"0":"post-36266","1":"post","2":"type-post","3":"status-publish","4":"format-standard","5":"has-post-thumbnail","7":"category-underholdning","8":"tag-entertainment","9":"tag-fuskepels","10":"tag-ida-elise-eide-einarsdottir","11":"tag-klaer","12":"tag-mote","13":"tag-no","14":"tag-norge","15":"tag-norway","16":"tag-shopping","17":"tag-trender","18":"tag-underholdning"},"share_on_mastodon":{"url":"","error":""},"_links":{"self":[{"href":"https:\/\/www.europesays.com\/no\/wp-json\/wp\/v2\/posts\/36266","targetHints":{"allow":["GET"]}}],"collection":[{"href":"https:\/\/www.europesays.com\/no\/wp-json\/wp\/v2\/posts"}],"about":[{"href":"https:\/\/www.europesays.com\/no\/wp-json\/wp\/v2\/types\/post"}],"author":[{"embeddable":true,"href":"https:\/\/www.europesays.com\/no\/wp-json\/wp\/v2\/users\/2"}],"replies":[{"embeddable":true,"href":"https:\/\/www.europesays.com\/no\/wp-json\/wp\/v2\/comments?post=36266"}],"version-history":[{"count":0,"href":"https:\/\/www.europesays.com\/no\/wp-json\/wp\/v2\/posts\/36266\/revisions"}],"wp:featuredmedia":[{"embeddable":true,"href":"https:\/\/www.europesays.com\/no\/wp-json\/wp\/v2\/media\/36267"}],"wp:attachment":[{"href":"https:\/\/www.europesays.com\/no\/wp-json\/wp\/v2\/media?parent=36266"}],"wp:term":[{"taxonomy":"category","embeddable":true,"href":"https:\/\/www.europesays.com\/no\/wp-json\/wp\/v2\/categories?post=36266"},{"taxonomy":"post_tag","embeddable":true,"href":"https:\/\/www.europesays.com\/no\/wp-json\/wp\/v2\/tags?post=36266"}],"curies":[{"name":"wp","href":"https:\/\/api.w.org\/{rel}","templated":true}]}}