{"id":36272,"date":"2025-09-15T18:44:08","date_gmt":"2025-09-15T18:44:08","guid":{"rendered":"https:\/\/www.europesays.com\/no\/36272\/"},"modified":"2025-09-15T18:44:08","modified_gmt":"2025-09-15T18:44:08","slug":"alpinist-matteo-franzoso-dode-etter-stygt-fall-pa-trening-i-chile","status":"publish","type":"post","link":"https:\/\/www.europesays.com\/no\/36272\/","title":{"rendered":"Alpinist Matteo Franzoso d\u00f8de etter stygt fall p\u00e5 trening i Chile"},"content":{"rendered":"\n<p class=\"_lead_ew2ao_2 _lead_xtcu6_50 layout-component text-serif-m layout-normal text-serif-l layout-component layout-wide layout-padded _wide_17hqh_1 layout-padded\">Den italienske alpinisten Matteo Franzoso d\u00f8de mandag p\u00e5 sykehus etter \u00e5 ha krasjet stygt p\u00e5 trening i Chile. Han ble 25 \u00e5r gammel.<\/p>\n<p><img alt=\"Matteo Franzoso i aksjon i verdenscupen i Beaver Creek i 2022.  Foto: Robert F. Bukaty \/ AP \/ NTB\" class=\"_image_qp4xg_65 layout-component layout-wide\" data-fullscreen- data-track-element-type=\"Article image fullscreen\" data-track-name=\"ImageFullscreen\" fetchpriority=\"high\" decoding=\"sync\" loading=\"eager\" height=\"1789\" itemprop=\"image\"  src=\"https:\/\/www.europesays.com\/no\/wp-content\/uploads\/2025\/09\/bad08dac-4650-43d7-8329-1a242b67fc07\"  style=\"object-position:0% 0%\" width=\"2683\"\/>Matteo Franzoso i aksjon i verdenscupen i Beaver Creek i 2022.  Foto: Robert F. Bukaty \/ AP \/ NTB<\/p>\n<ul aria-hidden=\"true\" class=\"_images_1y6fe_106\">\n<li><a class=\"_link_1y6fe_111\" href=\"https:\/\/www.vg.no\/forfatter\/ntb\" style=\"z-index:1\" title=\"NTB\" rel=\"nofollow noopener\" target=\"_blank\"><img alt=\"Bilde av NTB\" class=\"_image_1y6fe_88\" fetchpriority=\"low\" loading=\"lazy\" decoding=\"async\" itemprop=\"image\"  src=\"https:\/\/www.europesays.com\/no\/wp-content\/uploads\/2025\/09\/1757961848_387_c33980b0-5d07-4027-84a1-813f90a7c8d6\"  width=\"480\"\/><\/a><\/li>\n<\/ul>\n<p> Oppdatert mandag 15. september kl. 20:31     <\/p>\n<p class=\"_paragraph_ew2ao_4 _paragraph_xtcu6_10 layout-component text-serif-m layout-normal text-serif-m layout-padded\"> Det opplyser Italias vintersportsforbund, <a href=\"https:\/\/www.fisi.org\/matteo-franzoso-si-e-spento-a-santiago-del-cile-gli-sport-invernali-sono-in-lutto\/\" class=\"_link_ew2ao_39\" rel=\"nofollow noopener\" target=\"_blank\">Fisi<\/a> , mandag kveld.<\/p>\n<p class=\"_paragraph_ew2ao_4 _paragraph_xtcu6_10 layout-component text-serif-m layout-normal text-serif-m layout-padded\">Ulykken skjedde l\u00f8rdag p\u00e5 trening i La Parva-bakken, omtrent 50 kilometer fra Chiles hovedstad Santiago. Franzoso ble lagt i kunstig koma med hodeskade etter fallet, men livet hans sto ikke til \u00e5 redde, opplyser Fisi.<\/p>\n<p class=\"_paragraph_ew2ao_4 _paragraph_xtcu6_10 layout-component text-serif-m layout-normal text-serif-m layout-padded\">If\u00f8lge Gazzetta dello Sport skal ulykken ha skjedd etter et hopp. <\/p>\n<p class=\"_paragraph_ew2ao_4 _paragraph_xtcu6_10 layout-component text-serif-m layout-normal text-serif-m layout-padded\">\u2013 Dette er en tragedie for familien og for idretten v\u00e5r. En tragedie som bringer oss tilbake til traumet vi opplevde for litt under et \u00e5r siden, da Matilde Lorenzi gikk bort, sier Fisi-president Flavio Roda.<\/p>\n<p class=\"_paragraph_ew2ao_4 _paragraph_xtcu6_10 layout-component text-serif-m layout-normal text-serif-m layout-padded\">Han legger til:<\/p>\n<p class=\"_paragraph_ew2ao_4 _paragraph_xtcu6_10 layout-component text-serif-m layout-normal text-serif-m layout-padded\">\u2013 Det er helt avgj\u00f8rende \u00e5 gj\u00f8re alt som er mulig for \u00e5 sikre at slike hendelser aldri skjer igjen. I dette smertefulle \u00f8yeblikket \u00f8nsker jeg \u00e5 si til alle ut\u00f8vere og trenere \u2013 fra alle idretter \u2013 at forbundet er ved deres side, og at de skal f\u00e5 all st\u00f8tten de trenger.<\/p>\n<p class=\"_paragraph_ew2ao_4 _paragraph_xtcu6_10 layout-component text-serif-m layout-normal text-serif-m layout-padded\">Franzoso kom fra Fiamme Gialle og vokste opp med skikj\u00f8ring i Sestriere.<\/p>\n<p class=\"_paragraph_ew2ao_4 _paragraph_xtcu6_10 layout-component text-serif-m layout-normal text-serif-m layout-padded\">Han kj\u00f8rte sitt siste verdenscuprenn i Kvitfjell i mars. Blant hans beste resultater er en 4.-plass i utfor fra junior-VM i Narvik i 2020.<\/p>\n","protected":false},"excerpt":{"rendered":"Den italienske alpinisten Matteo Franzoso d\u00f8de mandag p\u00e5 sykehus etter \u00e5 ha krasjet stygt p\u00e5 trening i Chile.&hellip;\n","protected":false},"author":2,"featured_media":36273,"comment_status":"","ping_status":"","sticky":false,"template":"","format":"standard","meta":{"footnotes":""},"categories":[59],"tags":[249,30,28,29,83,82],"class_list":{"0":"post-36272","1":"post","2":"type-post","3":"status-publish","4":"format-standard","5":"has-post-thumbnail","7":"category-sport","8":"tag-alpint","9":"tag-no","10":"tag-norge","11":"tag-norway","12":"tag-sport","13":"tag-sports"},"share_on_mastodon":{"url":"","error":""},"_links":{"self":[{"href":"https:\/\/www.europesays.com\/no\/wp-json\/wp\/v2\/posts\/36272","targetHints":{"allow":["GET"]}}],"collection":[{"href":"https:\/\/www.europesays.com\/no\/wp-json\/wp\/v2\/posts"}],"about":[{"href":"https:\/\/www.europesays.com\/no\/wp-json\/wp\/v2\/types\/post"}],"author":[{"embeddable":true,"href":"https:\/\/www.europesays.com\/no\/wp-json\/wp\/v2\/users\/2"}],"replies":[{"embeddable":true,"href":"https:\/\/www.europesays.com\/no\/wp-json\/wp\/v2\/comments?post=36272"}],"version-history":[{"count":0,"href":"https:\/\/www.europesays.com\/no\/wp-json\/wp\/v2\/posts\/36272\/revisions"}],"wp:featuredmedia":[{"embeddable":true,"href":"https:\/\/www.europesays.com\/no\/wp-json\/wp\/v2\/media\/36273"}],"wp:attachment":[{"href":"https:\/\/www.europesays.com\/no\/wp-json\/wp\/v2\/media?parent=36272"}],"wp:term":[{"taxonomy":"category","embeddable":true,"href":"https:\/\/www.europesays.com\/no\/wp-json\/wp\/v2\/categories?post=36272"},{"taxonomy":"post_tag","embeddable":true,"href":"https:\/\/www.europesays.com\/no\/wp-json\/wp\/v2\/tags?post=36272"}],"curies":[{"name":"wp","href":"https:\/\/api.w.org\/{rel}","templated":true}]}}