{"id":36295,"date":"2025-09-15T19:22:13","date_gmt":"2025-09-15T19:22:13","guid":{"rendered":"https:\/\/www.europesays.com\/no\/36295\/"},"modified":"2025-09-15T19:22:13","modified_gmt":"2025-09-15T19:22:13","slug":"saft-sjokk-varsler-grep","status":"publish","type":"post","link":"https:\/\/www.europesays.com\/no\/36295\/","title":{"rendered":"Saft-sjokk: Varsler grep"},"content":{"rendered":"<p class=\"kicker bg-cyan color_mobile_bg-cyan text-black hasTextPadding mobile-hasTextPadding\" style=\"\">Fun Light julebrus:<\/p>\n<p>  Saft-hypen som smaker julebrus er tilbake. N\u00e5 lover produsenten at butikkene for f\u00f8rste gang ikke skal bli utsolgt.<\/p>\n<p>\n    SAFT SUSE!: Fun Light med smak av julebrus er allerede tilbake i butikkene. Foto: Ingrid Treborg \/ Dagbladet\n  <\/p>\n<p>    Kort fortalt<\/p>\n<ul lang=\"nb-NO\">\n<li>Rema 1000 har allerede lansert juleprodukter i september, inkludert Fun Light med smak av julebrus.<\/li>\n<li>Den tidlige lanseringen har skapt reaksjoner, men ogs\u00e5 glede blant saftens fans.<\/li>\n<li>Orkla opplevde stor ettersp\u00f8rsel da de lanserte julebrussaften i 2020, med flasker som raskt forsvant fra butikkene.<\/li>\n<li>Til tross for \u00f8kt produksjon, ble en Rema 1000-butikk utsolgt p\u00e5 to dager i 2022.<\/li>\n<\/ul>\n<p class=\"italic ai-disclaimer\" data-lab-italic=\"italic\">Sammendraget er laget av ChatGPT og godkjent av DinSide.<\/p>\n<p>      Vis mer<br \/>\n      Vis mindre<\/p>\n<p>Vi er kanskje bare midt i september, men hos Rema 1000 er det jul allerede.<\/p>\n<p>Mandag ble Fun Light med smak av julebrus blitt rullet ut i flere av deres butikker &#8211; trolig til stor glede for saftens mange hengivne fans.<\/p>\n<p class=\"italic m-italic\" data-lab-italic=\"italic\">&#8211; Dette var jo j\u00e6kla tidlig, Rema 1000?<\/p>\n<p>&#8211;\u00a0Vanligvis begynner vi sakte men sikkert \u00e5 ta<br \/>\ninn julevarer fra uke 41, og julebrus og Fun Light med smak av julebrus er som<br \/>\nregel f\u00f8rst ut, svarer Rema 1000 leder for kommunikasjon, Hege Rognlien.<\/p>\n<p>Best i vest\t<\/p>\n<p>Julesaftens tilhengere har l\u00f8pt til butikkene, forteller kommunikasjonssjefen.<\/p>\n<p>&#8211; Vi kan melde om en god start, spesielt i vest, sier hun.<\/p>\n<p>P\u00e5 sp\u00f8rsm\u00e5l fra Dagbladet om hvorfor julesaften har havnet i butikkene s\u00e5 tidlig, forteller Rognlien at den uansett har lang holdbarhetstid.<\/p>\n<p>    <a itemprop=\"url\" href=\"https:\/\/dinside.dagbladet.no\/okonomi\/klar-oppfordring-slutt\/83562361\" rel=\"nofollow noopener\" target=\"_blank\"><\/p>\n<p>      <img loading=\"lazy\" decoding=\"async\" src=\"https:\/\/www.europesays.com\/no\/wp-content\/uploads\/2025\/09\/1757964129_799_83562448.webp\" width=\"980\" height=\"441\" title=\"Klar oppfordring: - Slutt!\" alt=\"\" class=\"lazyload\" style=\"--aspect-ratio-image: 2.22; \"\/><\/p>\n<p>        Klar oppfordring: &#8211; Slutt!<\/p>\n<p>    <\/a><\/p>\n<p class=\"font-weight-bold m-font-weight-bold\" data-lab-font_weight=\"font-weight-bold\">&#8211; Dersom kundene vil ha den allerede n\u00e5, er det ingen grunn til \u00e5 la den st\u00e5 p\u00e5<br \/>\nlager, sier hun, og legger til:<\/p>\n<p>&#8211; Vi m\u00e5 likevel presisere at de aller fleste Rema 1000-butikker ikke<br \/>\ntilbyr denne s\u00e5 tidlig.<\/p>\n<p>          <img loading=\"lazy\" decoding=\"async\" src=\"https:\/\/www.europesays.com\/no\/wp-content\/uploads\/2025\/09\/83593380.webp\" width=\"686\" height=\"913\" title=\"P\u00c5 PLASS: Fun Light-julesaften i all sin prakt p\u00e5 Rema 1000 Sinsen mandag morgen. Foto: Ingrid Treborg \/ Dagbladet\" alt=\"\" class=\"\" style=\"--aspect-ratio-image: 0.75; \"\/><\/p>\n<p>\n          P\u00c5 PLASS: Fun Light-julesaften i all sin prakt p\u00e5 Rema 1000 Sinsen mandag morgen. Foto: Ingrid Treborg \/ Dagbladet\n      <\/p>\n<p>Forsvant p\u00e5 to dager\t<\/p>\n<p>Da saften ble lansert av Orkla i 2020, ble ettersp\u00f8rselen var s\u00e5 stor at 80 000 flasker forsvant fra butikkene i rekordfart.<\/p>\n<p>Dagbladet har tidligere skrevet at enkelte saftflasker <a href=\"https:\/\/dinside.dagbladet.no\/fritid\/krever-1000-kroner\/77354306\" rel=\"nofollow noopener\" target=\"_blank\">havnet p\u00e5 Finn.no til priser mellom 100 og 1000 kroner per stykk<\/a>.<\/p>\n<p>          <img loading=\"lazy\" decoding=\"async\" src=\"https:\/\/www.europesays.com\/no\/wp-content\/uploads\/2025\/09\/83593968.webp\" width=\"686\" height=\"453\" title=\"BLODPRIS: En Finn.no-selger skulle ha 1000 kroner for seks flasker julebrussaft. Foto: Skjermdump\" alt=\"\" class=\"\" style=\"--aspect-ratio-image: 1.51; \"\/><\/p>\n<p>\n          BLODPRIS: En Finn.no-selger skulle ha 1000 kroner for seks flasker julebrussaft. Foto: Skjermdump\n      <\/p>\n<p>\u00c5ret etter mangedoblet Orkla produksjonen, mens de i 2022 laget rundt \u00e9n million flasker.\u00a0\u00a0<\/p>\n<p>Til tross for millionproduksjonen:\u00a0<a href=\"https:\/\/www.karmoynytt.no\/kundene-kaster-seg-over-vi-var-utsolgt-pa-to-dager\/s\/25-161-45085?utm_source=chatgpt.com\" rel=\"nofollow noopener\" target=\"_blank\">Karm\u00f8ynytt<\/a>\u00a0kunne melde at en Rema 1000-butikk ble utsolgt p\u00e5 bare to dager etter at flaskene kom tilbake i hyllene.<\/p>\n<p>    <a itemprop=\"url\" href=\"https:\/\/borsen.dagbladet.no\/nyheter\/trues-av-ny-saft-smell\/74512553\" rel=\"nofollow noopener\" target=\"_blank\"><\/p>\n<p>      <img loading=\"lazy\" decoding=\"async\" src=\"https:\/\/www.europesays.com\/no\/wp-content\/uploads\/2025\/09\/73077584.webp\" width=\"980\" height=\"441\" title=\"Trues av ny saft-smell\" alt=\"\" class=\"lazyload\" style=\"--aspect-ratio-image: 2.22; \"\/><\/p>\n<p>        Trues av ny saft-smell<\/p>\n<p>    <\/a><\/p>\n<p>I \u00e5r tar Orkla grep for \u00e5 sikre at alle skal f\u00e5 julesaft.<\/p>\n<p>&#8211; Vi har produsert<br \/>\nnok til alle, lover kommunikasjonssjef H\u00e5vard Selby Ebbestad overfor Dagbladet.<\/p>\n<p>Han sier at Orkla har store forventninger til \u00e5rets salg av julesaft.<\/p>\n<p class=\"font-weight-normal m-font-weight-normal\" data-lab-font_weight=\"font-weight-normal\">&#8211; Den er en av v\u00e5re mest popul\u00e6re<br \/>\nsmaker og vi forventer nok en bra sesong. For mange blir det ikke jul uten!<\/p>\n<p>P\u00e5 sp\u00f8rsm\u00e5l om hvorfor det er julesaft i butikkene allerede midt i september, svarer Selby Ebbestad at saften faktisk blir lansert uke 38 &#8211; alts\u00e5 denne uka &#8211; hvert eneste \u00e5r.<\/p>\n<p class=\"font-weight-bold m-font-weight-bold\" data-lab-font_weight=\"font-weight-bold\">&#8211; Noen liker at jula begynner tidlig, andre liker \u00e5 vente litt &#8211; men det er nok<br \/>\njulebrussaft til alle!<\/p>\n<p>    <a itemprop=\"url\" href=\"https:\/\/dinside.dagbladet.no\/fritid\/na-er-jula-her\/83590163\" rel=\"nofollow noopener\" target=\"_blank\"><\/p>\n<p>      <img loading=\"lazy\" decoding=\"async\" src=\"https:\/\/www.europesays.com\/no\/wp-content\/uploads\/2025\/09\/83590169.webp\" width=\"147\" height=\"98\" title=\"N\u00e5 er jula her\" alt=\"\" class=\"lazyload\" style=\"--aspect-ratio-image: 1.50; \"\/><\/p>\n<p>        N\u00e5 er jula her<\/p>\n<p>    <\/a><\/p>\n<p>Jul p\u00e5 Skeidar ogs\u00e5<\/p>\n<p>Dagbladet skrev s\u00f8ndag at ogs\u00e5 julekuler, julestr\u00f8mper, r\u00f8de pyntesl\u00f8yfer og glitterengler <a href=\"https:\/\/dinside.dagbladet.no\/fritid\/na-er-jula-her\/83590163\" rel=\"nofollow noopener\" target=\"_blank\">har meldt sin ankomst p\u00e5 Skeidar<\/a>.\u00a0<\/p>\n<p>Nils Houge, sortimentsdirekt\u00f8r for Skeidar, bekreftet at butikkene allerede n\u00e5 byr p\u00e5 julevarer.\u00a0<\/p>\n<p>&#8211;\u00a0Vi har denne uken mottatt julevarer i butikk, og p\u00e5begynt omstilling fra sommer, til h\u00f8st\/vinter hos flere butikker, sa han.<\/p>\n","protected":false},"excerpt":{"rendered":"Fun Light julebrus: Saft-hypen som smaker julebrus er tilbake. N\u00e5 lover produsenten at butikkene for f\u00f8rste gang ikke&hellip;\n","protected":false},"author":2,"featured_media":36296,"comment_status":"","ping_status":"","sticky":false,"template":"","format":"standard","meta":{"footnotes":""},"categories":[56],"tags":[60,61,728,62,30,28,29],"class_list":{"0":"post-36295","1":"post","2":"type-post","3":"status-publish","4":"format-standard","5":"has-post-thumbnail","7":"category-naeringsliv","8":"tag-business","9":"tag-economy","10":"tag-fritid","11":"tag-naeringsliv","12":"tag-no","13":"tag-norge","14":"tag-norway"},"share_on_mastodon":{"url":"","error":""},"_links":{"self":[{"href":"https:\/\/www.europesays.com\/no\/wp-json\/wp\/v2\/posts\/36295","targetHints":{"allow":["GET"]}}],"collection":[{"href":"https:\/\/www.europesays.com\/no\/wp-json\/wp\/v2\/posts"}],"about":[{"href":"https:\/\/www.europesays.com\/no\/wp-json\/wp\/v2\/types\/post"}],"author":[{"embeddable":true,"href":"https:\/\/www.europesays.com\/no\/wp-json\/wp\/v2\/users\/2"}],"replies":[{"embeddable":true,"href":"https:\/\/www.europesays.com\/no\/wp-json\/wp\/v2\/comments?post=36295"}],"version-history":[{"count":0,"href":"https:\/\/www.europesays.com\/no\/wp-json\/wp\/v2\/posts\/36295\/revisions"}],"wp:featuredmedia":[{"embeddable":true,"href":"https:\/\/www.europesays.com\/no\/wp-json\/wp\/v2\/media\/36296"}],"wp:attachment":[{"href":"https:\/\/www.europesays.com\/no\/wp-json\/wp\/v2\/media?parent=36295"}],"wp:term":[{"taxonomy":"category","embeddable":true,"href":"https:\/\/www.europesays.com\/no\/wp-json\/wp\/v2\/categories?post=36295"},{"taxonomy":"post_tag","embeddable":true,"href":"https:\/\/www.europesays.com\/no\/wp-json\/wp\/v2\/tags?post=36295"}],"curies":[{"name":"wp","href":"https:\/\/api.w.org\/{rel}","templated":true}]}}