{"id":36311,"date":"2025-09-15T19:41:08","date_gmt":"2025-09-15T19:41:08","guid":{"rendered":"https:\/\/www.europesays.com\/no\/36311\/"},"modified":"2025-09-15T19:41:08","modified_gmt":"2025-09-15T19:41:08","slug":"sport-loping-et-sinne-jeg-ikke-klarer-a-holde-inne","status":"publish","type":"post","link":"https:\/\/www.europesays.com\/no\/36311\/","title":{"rendered":"Sport, L\u00f8ping | \u2013 Et sinne jeg ikke klarer \u00e5 holde inne"},"content":{"rendered":"\n<p>I et <a rel=\"noopener nofollow\" href=\"https:\/\/www.instagram.com\/elisabethassers\/p\/DOoAVdhjPJs\/?hl=nb\" target=\"_blank\">Instagram-innlegg<\/a> mandag lufter hun sin frustrasjon over den portugisiske l\u00f8perens uttalelser om at han f\u00f8ler seg diskriminert fordi Gjert Ingebrigtsen ikke fikk akkreditering til mesterskapet i Japan.<\/p>\n<p>Pinto har hevdet at Portugals friidrettsforbund \u00f8nsket \u00e5 gi den omdiskuterte treneren akkreditering, men at Det internasjonale friidrettsforbundet (WA) sa nei. Det har WA tilbakevist.<\/p>\n<p>\u2013 Jeg hadde gledet meg til dette mesterskapet. Jeg hadde h\u00e5pet at vi endelig skulle f\u00e5 et mesterskap som handler om idrett. Men igjen har jeg g\u00e5tt rundt med en konstant klump i magen og en frykt for hva noen kan finne p\u00e5, skriver Elisabeth Asserson Ingebrigtsen og fortsetter:<\/p>\n<p>\u2013 N\u00e5r jeg i g\u00e5r m\u00e5 lese at en portugisisk ut\u00f8ver f\u00f8ler seg diskriminert fordi Gjert ikke f\u00e5r akkreditering, kjenner jeg p\u00e5 en enorm frustrasjon og et sinne jeg ikke klarer \u00e5 holde inne.<\/p>\n<p>Det ble f\u00f8r mesterskapet avklart at Gjert Ingebrigtsen ikke ville f\u00e5 noen VM-akkreditering av Norges Friidrettsforbund. Han er trener for VM-ut\u00f8verne Pinto, Narve Gilje Nord\u00e5s og Kieran Lumb (Canada).<\/p>\n<p>Treneren reiste hjem fra VM-byen Tokyo f\u00f8r helgen fordi han ikke fikk akkreditering.<\/p>\n<p>Elisabeth Asserson Ingebrigtsen gj\u00f8r det klart at hun er forn\u00f8yd med at svigerfaren ikke fikk v\u00e6re til stede p\u00e5 VM-arenaen.<\/p>\n<p>\u2013 Det finnes heldigvis noen voksne i rommet, skriver hun.<\/p>\n<p><script async src=\"\/\/www.instagram.com\/embed.js\"><\/script><\/p>\n","protected":false},"excerpt":{"rendered":"I et Instagram-innlegg mandag lufter hun sin frustrasjon over den portugisiske l\u00f8perens uttalelser om at han f\u00f8ler seg&hellip;\n","protected":false},"author":2,"featured_media":36312,"comment_status":"","ping_status":"","sticky":false,"template":"","format":"standard","meta":{"footnotes":""},"categories":[5],"tags":[36,20,21,5799,24,25,1620,15,19,422,22,23,727,17,18,13,30,28,29,14,16,83,1510,26,27],"class_list":{"0":"post-36311","1":"post","2":"type-post","3":"status-publish","4":"format-standard","5":"has-post-thumbnail","7":"category-overskrifter","8":"tag-art","9":"tag-breaking-news","10":"tag-breakingnews","11":"tag-elisabeth-asserson-ingrebrigsten","12":"tag-featured-news","13":"tag-featurednews","14":"tag-gjert-ingebrigtsen","15":"tag-headlines","16":"tag-hovedoppslag","17":"tag-jakob-ingebrigtsen","18":"tag-latest-news","19":"tag-latestnews","20":"tag-loping","21":"tag-main-news","22":"tag-mainnews","23":"tag-news","24":"tag-no","25":"tag-norge","26":"tag-norway","27":"tag-nyheter","28":"tag-overskrifter","29":"tag-sport","30":"tag-story","31":"tag-top-stories","32":"tag-topstories"},"share_on_mastodon":{"url":"","error":""},"_links":{"self":[{"href":"https:\/\/www.europesays.com\/no\/wp-json\/wp\/v2\/posts\/36311","targetHints":{"allow":["GET"]}}],"collection":[{"href":"https:\/\/www.europesays.com\/no\/wp-json\/wp\/v2\/posts"}],"about":[{"href":"https:\/\/www.europesays.com\/no\/wp-json\/wp\/v2\/types\/post"}],"author":[{"embeddable":true,"href":"https:\/\/www.europesays.com\/no\/wp-json\/wp\/v2\/users\/2"}],"replies":[{"embeddable":true,"href":"https:\/\/www.europesays.com\/no\/wp-json\/wp\/v2\/comments?post=36311"}],"version-history":[{"count":0,"href":"https:\/\/www.europesays.com\/no\/wp-json\/wp\/v2\/posts\/36311\/revisions"}],"wp:featuredmedia":[{"embeddable":true,"href":"https:\/\/www.europesays.com\/no\/wp-json\/wp\/v2\/media\/36312"}],"wp:attachment":[{"href":"https:\/\/www.europesays.com\/no\/wp-json\/wp\/v2\/media?parent=36311"}],"wp:term":[{"taxonomy":"category","embeddable":true,"href":"https:\/\/www.europesays.com\/no\/wp-json\/wp\/v2\/categories?post=36311"},{"taxonomy":"post_tag","embeddable":true,"href":"https:\/\/www.europesays.com\/no\/wp-json\/wp\/v2\/tags?post=36311"}],"curies":[{"name":"wp","href":"https:\/\/api.w.org\/{rel}","templated":true}]}}