{"id":36328,"date":"2025-09-15T20:02:08","date_gmt":"2025-09-15T20:02:08","guid":{"rendered":"https:\/\/www.europesays.com\/no\/36328\/"},"modified":"2025-09-15T20:02:08","modified_gmt":"2025-09-15T20:02:08","slug":"kritikken-hagler-etter-mega-flopp","status":"publish","type":"post","link":"https:\/\/www.europesays.com\/no\/36328\/","title":{"rendered":"Kritikken hagler etter mega-flopp"},"content":{"rendered":"<p class=\"kicker \" style=\"\">Prinsesse Madeleine:<\/p>\n<p>  L\u00f8rdag var en stor dag for den svenske prinsessen. Den endte trolig som en skuffelse.<\/p>\n<p>\n    BLAMASJE: Prinsesse Madeleines nyeste prosjekt ligger ikke an til \u00e5 bli en suksess. Foto: SplashNews.com \/ NTB\n  <\/p>\n<p>L\u00f8rdag var det endelig duket for lanseringen av prinsesse Madeleines (43) eget hudpleiemerke MinLen.<\/p>\n<p>Produktene kan f\u00e5s kj\u00f8pt hos Lyko-butikkene i Sverige, men interessen ser <a href=\"https:\/\/www.seher.no\/kongelig\/fiasko\/83589574\" target=\"_blank\" rel=\"nofollow noopener\">forel\u00f8pig ut til \u00e5 v\u00e6re lav.<\/a><\/p>\n<p>    <a itemprop=\"url\" href=\"https:\/\/www.seher.no\/kjendis\/raser-frekt\/83593927\" rel=\"nofollow noopener\" target=\"_blank\"><\/p>\n<p>      <img loading=\"lazy\" decoding=\"async\" src=\"https:\/\/www.europesays.com\/no\/wp-content\/uploads\/2025\/09\/83595769.webp\" width=\"980\" height=\"441\" title=\"Raser: - Frekt!\" alt=\"\" class=\"lazyload\" style=\"--aspect-ratio-image: 2.22; \"\/><\/p>\n<p>        Raser: &#8211; Frekt!<\/p>\n<p>    <\/a><\/p>\n<p>&#8211; Jeg trodde det ville v\u00e6re flere folk der, det f\u00f8ltes som om det var s\u00e5 f\u00e5 folk i k\u00f8en og inne. Jeg trodde det kanskje ville bli mer som et arrangement, men folk gikk inn i butikken som vanlig, sier en bes\u00f8kende til <a href=\"https:\/\/www.hant.se\/kungligt\/prinsessan-madeleines-lansering-levde-inte-upp-till-forvantingarna\/11023432\" target=\"_blank\" rel=\"nofollow noopener\">H\u00e4nt<\/a>.<\/p>\n<p>&#8211; Folk virker up\u00e5virket, legger en annen til.<\/p>\n<p>        Prinsesse Madeleines eldste datter vekker oppsikt. Video: Se og H\u00f8r. <\/p>\n<p>Hudpleiemerket har tidligere m\u00f8tt kritikk av ulike \u00e5rsaker. MinLen ble lansert i samarbeid med Weleda, som har blitt kritisert for \u00e5 v\u00e6re et useri\u00f8st selskap.<\/p>\n<p>    <a itemprop=\"url\" href=\"https:\/\/www.seher.no\/kjendis\/beklager-sjokk-kommentar\/83594281\" rel=\"nofollow noopener\" target=\"_blank\"><\/p>\n<p>      <img loading=\"lazy\" decoding=\"async\" src=\"https:\/\/www.europesays.com\/no\/wp-content\/uploads\/2025\/09\/1757966528_872_83593058.webp\" width=\"980\" height=\"441\" title=\"Beklager sjokk-utspill\" alt=\"\" class=\"lazyload\" style=\"--aspect-ratio-image: 2.22; \"\/><\/p>\n<p>        Beklager sjokk-utspill<\/p>\n<p>    <\/a><\/p>\n<p>Madeleine har ogs\u00e5 f\u00e5tt kritikk for \u00e5 ha brukt sin kongelige Instagram-konto til \u00e5 promotere selskapet uten \u00e5 markere innlegget som reklame. Dette har f\u00f8rt til anmeldelser mot prinsessen til b\u00e5de Reklameombudet og Forbrukertilsynet, if\u00f8lge H\u00e4nt.\u00a0<\/p>\n<p>        PROVOSERER: Traileren til M\u00e4rtha Louise og Durek Verretts bryllupsdokumentar har satt sinnene i kok. Video: Netflix \/ Trailer: \u00abRebel Royals: An Unlikely Love Story\u00bb \/\/ Reporter: H\u00e5vard Bj\u00f8rnerem<\/p>\n<p>Underholdningsreporter Nathalie\u00a0Mourad mener hun ser en klar grunn til hvorfor lanseringen ble en flopp.<\/p>\n<p> &#8211; N\u00e5r influensere har \u00e5pnet en butikk i byen, har unge jenter st\u00e5tt i k\u00f8 i timevis for \u00e5 v\u00e6re de f\u00f8rste til \u00e5 komme inn i butikken og m\u00f8te idolet sitt. Jeg tror man trodde det samme ville skje under Madeleines lansering, sier hun til\u00a0<a href=\"https:\/\/www.svenskdam.se\/kungligt\/forklaringen-bakom-madeleines-fiasko-darfor-dok-folk-inte-upp\/11024933\" rel=\"nofollow noopener\" target=\"_blank\">Svensk Damtidning<\/a>\u00a0og legger til:<\/p>\n<p>&#8211; Problemet er at det er en veldig spesifikk m\u00e5lgruppe som har dette engasjementet, og selv om Madeleine selvf\u00f8lgelig er godt kjent p\u00e5 grunn av sin posisjon i kongefamilien \u2013 er hun ikke et idol i den forstand. Hun g\u00e5r rett og slett glipp av denne mektige og m\u00e5lrettede m\u00e5lgruppen, og folk tok feil da de forventet hysteri rundt lanseringen.<\/p>\n<p>Den svenske prinsessen har forel\u00f8pig ikke uttalt seg om kritikken etter lanseringen.<\/p>\n<p>        SJELDEN BLEMME: N\u00e5r kronprins Haakon og kronprinsesse Victoria skulle hjem fra \u00e5pningen av felles norsk-svensk politistasjon, stokket det seg helt for f\u00f8rstnevnte. Video: H\u00e5vard Bj\u00f8rnerem \/\/ Reporter: Caroline Vagle<\/p>\n","protected":false},"excerpt":{"rendered":"Prinsesse Madeleine: L\u00f8rdag var en stor dag for den svenske prinsessen. Den endte trolig som en skuffelse. BLAMASJE:&hellip;\n","protected":false},"author":2,"featured_media":36329,"comment_status":"","ping_status":"","sticky":false,"template":"","format":"standard","meta":{"footnotes":""},"categories":[12],"tags":[20,21,24,25,15,479,22,23,13,30,28,29,14,16,26,27,42,43,44,45],"class_list":{"0":"post-36328","1":"post","2":"type-post","3":"status-publish","4":"format-standard","5":"has-post-thumbnail","7":"category-verden","8":"tag-breaking-news","9":"tag-breakingnews","10":"tag-featured-news","11":"tag-featurednews","12":"tag-headlines","13":"tag-kjendis","14":"tag-latest-news","15":"tag-latestnews","16":"tag-news","17":"tag-no","18":"tag-norge","19":"tag-norway","20":"tag-nyheter","21":"tag-overskrifter","22":"tag-top-stories","23":"tag-topstories","24":"tag-verden","25":"tag-world","26":"tag-world-news","27":"tag-worldnews"},"share_on_mastodon":{"url":"","error":""},"_links":{"self":[{"href":"https:\/\/www.europesays.com\/no\/wp-json\/wp\/v2\/posts\/36328","targetHints":{"allow":["GET"]}}],"collection":[{"href":"https:\/\/www.europesays.com\/no\/wp-json\/wp\/v2\/posts"}],"about":[{"href":"https:\/\/www.europesays.com\/no\/wp-json\/wp\/v2\/types\/post"}],"author":[{"embeddable":true,"href":"https:\/\/www.europesays.com\/no\/wp-json\/wp\/v2\/users\/2"}],"replies":[{"embeddable":true,"href":"https:\/\/www.europesays.com\/no\/wp-json\/wp\/v2\/comments?post=36328"}],"version-history":[{"count":0,"href":"https:\/\/www.europesays.com\/no\/wp-json\/wp\/v2\/posts\/36328\/revisions"}],"wp:featuredmedia":[{"embeddable":true,"href":"https:\/\/www.europesays.com\/no\/wp-json\/wp\/v2\/media\/36329"}],"wp:attachment":[{"href":"https:\/\/www.europesays.com\/no\/wp-json\/wp\/v2\/media?parent=36328"}],"wp:term":[{"taxonomy":"category","embeddable":true,"href":"https:\/\/www.europesays.com\/no\/wp-json\/wp\/v2\/categories?post=36328"},{"taxonomy":"post_tag","embeddable":true,"href":"https:\/\/www.europesays.com\/no\/wp-json\/wp\/v2\/tags?post=36328"}],"curies":[{"name":"wp","href":"https:\/\/api.w.org\/{rel}","templated":true}]}}