{"id":36354,"date":"2025-09-15T20:38:09","date_gmt":"2025-09-15T20:38:09","guid":{"rendered":"https:\/\/www.europesays.com\/no\/36354\/"},"modified":"2025-09-15T20:38:09","modified_gmt":"2025-09-15T20:38:09","slug":"tre-drept-i-nok-et-amerikansk-angrep-pa-smuglerbat","status":"publish","type":"post","link":"https:\/\/www.europesays.com\/no\/36354\/","title":{"rendered":"Tre drept i nok et amerikansk angrep p\u00e5 smuglerb\u00e5t"},"content":{"rendered":"\n<p class=\"_lead_ew2ao_2 _lead_xtcu6_50 layout-component text-serif-m layout-normal text-serif-l layout-component layout-wide layout-padded _wide_17hqh_1 layout-padded\">Den venezuelanske b\u00e5ten skal ha v\u00e6rt p\u00e5 vei til USA. Det er det andre d\u00f8delige angrepet mot det som if\u00f8lge Trump er voldelige narkokarteller. <\/p>\n<p> <img class=\"_image_qp4xg_65 layout-component layout-wide\" data-fullscreen- data-track-element-type=\"Article image fullscreen\" data-track-name=\"ImageFullscreen\" fetchpriority=\"high\" decoding=\"sync\" loading=\"eager\" height=\"181\" itemprop=\"image\"  src=\"https:\/\/www.europesays.com\/no\/wp-content\/uploads\/2025\/09\/fb60a14ab143df08fb0f395aa70214a5.jpg\"  style=\"object-position:50% 50%;aspect-ratio:1.75;height:auto;object-fit:cover;width:100%\" width=\"102\"\/>  <\/p>\n<ul aria-hidden=\"true\" class=\"_images_1y6fe_106\">\n<li><a class=\"_link_1y6fe_111\" href=\"https:\/\/www.vg.no\/forfatter\/nora-holm-aftret\" style=\"z-index:1\" title=\"Nora Holm Aftret\" rel=\"nofollow noopener\" target=\"_blank\"><img alt=\"Bilde av Nora Holm Aftret\" class=\"_image_1y6fe_88\" fetchpriority=\"low\" loading=\"lazy\" decoding=\"async\" itemprop=\"image\"  src=\"https:\/\/www.europesays.com\/no\/wp-content\/uploads\/2025\/09\/1757968688_729_f305139e-f923-41c4-8052-e05527fc0152\"  width=\"480\"\/><\/a><\/li>\n<\/ul>\n<p> Oppdatert mandag 15. september kl. 22:30     <\/p>\n<p class=\"_paragraph_ew2ao_4 _paragraph_xtcu6_10 layout-component text-serif-m layout-normal text-serif-m layout-padded\">Det melder Trump p\u00e5 Truth Social.<\/p>\n<p class=\"_paragraph_ew2ao_4 _paragraph_xtcu6_10 layout-component text-serif-m layout-normal text-serif-m layout-padded\">Angrepet skal ha skjedd i internasjonalt farvann, skriver den amerikanske presidenten i innlegget. <\/p>\n<p class=\"_paragraph_ew2ao_4 _paragraph_xtcu6_10 layout-component text-serif-m layout-normal text-serif-m layout-padded\">Trump opplyser videre at angrepet skjedde denne morgenen p\u00e5 hans ordre. Ingen amerikanske soldater skal ha blitt skadet, sier han. <\/p>\n<p class=\"_paragraph_ew2ao_4 _paragraph_xtcu6_10 layout-component text-serif-m layout-normal text-serif-m layout-padded\"><a href=\"https:\/\/www.vg.no\/nyheter\/i\/63bEXr\/trump-amerikanske-styrker-drepte-11-i-angrep-paa-narkobaat\" data-track-element-type=\"Link\" data-track-id=\"link:63bEXr\" class=\"_link_ew2ao_39\" rel=\"nofollow noopener\" target=\"_blank\">Tidligere i september gjennomf\u00f8rte det amerikanske milit\u00e6ret et angrep mot et annet fart\u00f8y<\/a> fra Venezuela som angivelig fraktet narkotika. Da ble 11 personer drept, og Trump meldte ogs\u00e5 om angrepet i ettertid.  <\/p>\n<p class=\"_paragraph_ew2ao_4 _paragraph_xtcu6_10 layout-component text-serif-m layout-normal text-serif-m layout-padded\">If\u00f8lge Trump var det nye angrepet mandag rettet mot det han omtaler som \u00abekstremt voldelige narkotikakarteller\u00bb p\u00e5 South Com-omr\u00e5det, som er et av de ni felles hovedkommandoene i det amerikanske forsvarsdepartmenetet. <\/p>\n<p class=\"_paragraph_ew2ao_4 _paragraph_xtcu6_10 layout-component text-serif-m layout-normal text-serif-m layout-padded\">\u2013 Disse ekstremt voldelige narkotikasmugler-kartellene utgj\u00f8r en trussel mot amerikansk nasjonal sikkerhet, utenrikspolitikk og amerikanske interesser, skriver Trump i innlegget. <\/p>\n<p class=\"_paragraph_ew2ao_4 _paragraph_xtcu6_10 layout-component text-serif-m layout-normal text-serif-m layout-padded\">Han har ogs\u00e5 publisert en video av angrepet. <\/p>\n<p><img alt=\"Foto: Truth Social \/ Trump\" class=\"_image_qp4xg_65 layout-component layout-normal\" data-fullscreen- data-track-element-type=\"Article image fullscreen\" data-track-name=\"ImageFullscreen\" decoding=\"async\" loading=\"lazy\" height=\"1276\" itemprop=\"image\"  src=\"https:\/\/www.europesays.com\/no\/wp-content\/uploads\/2025\/09\/c6e20910-4dea-4974-aeb3-b2e6a270b619\"  style=\"object-position:0% 0%\" width=\"2294\"\/>Foto: Truth Social \/ Trump    <\/p>\n","protected":false},"excerpt":{"rendered":"Den venezuelanske b\u00e5ten skal ha v\u00e6rt p\u00e5 vei til USA. Det er det andre d\u00f8delige angrepet mot det&hellip;\n","protected":false},"author":2,"featured_media":36355,"comment_status":"","ping_status":"","sticky":false,"template":"","format":"standard","meta":{"footnotes":""},"categories":[12],"tags":[20,21,24,25,15,22,23,13,30,28,29,14,16,26,27,50,95,42,43,44,45],"class_list":{"0":"post-36354","1":"post","2":"type-post","3":"status-publish","4":"format-standard","5":"has-post-thumbnail","7":"category-verden","8":"tag-breaking-news","9":"tag-breakingnews","10":"tag-featured-news","11":"tag-featurednews","12":"tag-headlines","13":"tag-latest-news","14":"tag-latestnews","15":"tag-news","16":"tag-no","17":"tag-norge","18":"tag-norway","19":"tag-nyheter","20":"tag-overskrifter","21":"tag-top-stories","22":"tag-topstories","23":"tag-usa","24":"tag-venezuela","25":"tag-verden","26":"tag-world","27":"tag-world-news","28":"tag-worldnews"},"share_on_mastodon":{"url":"","error":""},"_links":{"self":[{"href":"https:\/\/www.europesays.com\/no\/wp-json\/wp\/v2\/posts\/36354","targetHints":{"allow":["GET"]}}],"collection":[{"href":"https:\/\/www.europesays.com\/no\/wp-json\/wp\/v2\/posts"}],"about":[{"href":"https:\/\/www.europesays.com\/no\/wp-json\/wp\/v2\/types\/post"}],"author":[{"embeddable":true,"href":"https:\/\/www.europesays.com\/no\/wp-json\/wp\/v2\/users\/2"}],"replies":[{"embeddable":true,"href":"https:\/\/www.europesays.com\/no\/wp-json\/wp\/v2\/comments?post=36354"}],"version-history":[{"count":0,"href":"https:\/\/www.europesays.com\/no\/wp-json\/wp\/v2\/posts\/36354\/revisions"}],"wp:featuredmedia":[{"embeddable":true,"href":"https:\/\/www.europesays.com\/no\/wp-json\/wp\/v2\/media\/36355"}],"wp:attachment":[{"href":"https:\/\/www.europesays.com\/no\/wp-json\/wp\/v2\/media?parent=36354"}],"wp:term":[{"taxonomy":"category","embeddable":true,"href":"https:\/\/www.europesays.com\/no\/wp-json\/wp\/v2\/categories?post=36354"},{"taxonomy":"post_tag","embeddable":true,"href":"https:\/\/www.europesays.com\/no\/wp-json\/wp\/v2\/tags?post=36354"}],"curies":[{"name":"wp","href":"https:\/\/api.w.org\/{rel}","templated":true}]}}