{"id":36413,"date":"2025-09-15T22:00:12","date_gmt":"2025-09-15T22:00:12","guid":{"rendered":"https:\/\/www.europesays.com\/no\/36413\/"},"modified":"2025-09-15T22:00:12","modified_gmt":"2025-09-15T22:00:12","slug":"greta-thunberg-seiler-igjen-nok-en-gang-pa-vei-mot-gaza","status":"publish","type":"post","link":"https:\/\/www.europesays.com\/no\/36413\/","title":{"rendered":"Greta Thunberg seiler igjen \u2013 nok en gang p\u00e5 vei mot Gaza"},"content":{"rendered":"<p><strong>En ny flotilje med n\u00f8dhjelp og aktivister satte mandag kursen mot Gaza i et fors\u00f8k p\u00e5 \u00e5 bryte Israels blokade, melder <a href=\"https:\/\/globalsumudflotilla.org\/\" rel=\"nofollow noopener\" target=\"_blank\">Global Sumud Flotilla<\/a>.<\/strong><\/p>\n<p>Skipene forlot Tunisia mandag, etter at flere b\u00e5ter tidligere har lagt ut fra Italia og Hellas i helgen. Aktivistene opplyser at de ulike fart\u00f8yene skal m\u00f8tes p\u00e5 havet og fortsette samlet.<\/p>\n<p>\u2013 Vi fors\u00f8ker \u00e5 sende et budskap til Gazas befolkning om at verden ikke har glemt dem, sa Greta Thunberg f\u00f8r hun gikk om bord i ett av skipene i den tunisiske byen Bizerte, if\u00f8lge <a href=\"https:\/\/www.france24.com\/en\/live-news\/20250915-gaza-aid-flotilla-sets-sail-from-tunisia\" rel=\"nofollow noopener\" target=\"_blank\">AFP<\/a>.<\/p>\n<p>Flotiljen hevder de nylig ble angrepet av droner to netter p\u00e5 rad, noe tunisiske myndigheter har avvist. Myndighetene sier likevel at hendelsen vil bli unders\u00f8kt, if\u00f8lge <a href=\"https:\/\/www.france24.com\/en\/live-news\/20250915-gaza-aid-flotilla-sets-sail-from-tunisia\" rel=\"nofollow noopener\" target=\"_blank\">AFP<\/a><\/p>\n<p><strong>Den svenske klimaaktivisten har tidligere blitt p\u00e5grepet og utvist fra Israel etter \u00e5 ha deltatt p\u00e5 en lignende seilas i sommer.<\/strong><\/p>\n<p><strong>Les ogs\u00e5: <a href=\"https:\/\/inyheter.no\/09\/09\/2025\/greta-thunbergs-bat-skal-ha-blitt-truffet-av-drone\/\" rel=\"nofollow noopener\" target=\"_blank\">Greta Thunbergs b\u00e5t skal ha blitt truffet av drone<\/a><\/strong><a href=\"https:\/\/inyheter.no\/09\/09\/2025\/greta-thunbergs-bat-skal-ha-blitt-truffet-av-drone\/\" rel=\"nofollow noopener\" target=\"_blank\"><\/p>\n<p>Israelske myndigheter har uttalt at disse seilasene ofte ses p\u00e5 som provokasjoner, og at landets marinerede blokkade mot Gaza anses som essensiell for \u00e5 hindre v\u00e5pentransport til Hamas.<\/p>\n<p>Flotiljen fortsetter seilasen med m\u00e5l om \u00e5 levere n\u00f8dhjelp, mens Israel fastholder at blokaden skal h\u00e5ndheves \u2013 utfallet av konfrontasjonen p\u00e5 havet er dermed fortsatt uvisst.<\/p>\n<p><strong>Flotiljen omtaler seilasen som humanit\u00e6r, men kritikerne peker p\u00e5 at slike aksjoner i praksis f\u00f8rst og fremst fungerer som politiske markeringer og provokasjoner mot Israel \u2013 uten \u00e5 gi reell hjelp til befolkningen i Gaza.<\/strong><\/p>\n","protected":false},"excerpt":{"rendered":"En ny flotilje med n\u00f8dhjelp og aktivister satte mandag kursen mot Gaza i et fors\u00f8k p\u00e5 \u00e5 bryte&hellip;\n","protected":false},"author":2,"featured_media":36414,"comment_status":"","ping_status":"","sticky":false,"template":"","format":"standard","meta":{"footnotes":""},"categories":[12],"tags":[20,21,24,25,5815,53,1167,15,52,22,23,13,30,28,29,14,16,261,26,27,42,43,44,45],"class_list":{"0":"post-36413","1":"post","2":"type-post","3":"status-publish","4":"format-standard","5":"has-post-thumbnail","7":"category-verden","8":"tag-breaking-news","9":"tag-breakingnews","10":"tag-featured-news","11":"tag-featurednews","12":"tag-flotilla","13":"tag-gaza","14":"tag-greta-thunberg","15":"tag-headlines","16":"tag-israel","17":"tag-latest-news","18":"tag-latestnews","19":"tag-news","20":"tag-no","21":"tag-norge","22":"tag-norway","23":"tag-nyheter","24":"tag-overskrifter","25":"tag-palestina","26":"tag-top-stories","27":"tag-topstories","28":"tag-verden","29":"tag-world","30":"tag-world-news","31":"tag-worldnews"},"share_on_mastodon":{"url":"","error":""},"_links":{"self":[{"href":"https:\/\/www.europesays.com\/no\/wp-json\/wp\/v2\/posts\/36413","targetHints":{"allow":["GET"]}}],"collection":[{"href":"https:\/\/www.europesays.com\/no\/wp-json\/wp\/v2\/posts"}],"about":[{"href":"https:\/\/www.europesays.com\/no\/wp-json\/wp\/v2\/types\/post"}],"author":[{"embeddable":true,"href":"https:\/\/www.europesays.com\/no\/wp-json\/wp\/v2\/users\/2"}],"replies":[{"embeddable":true,"href":"https:\/\/www.europesays.com\/no\/wp-json\/wp\/v2\/comments?post=36413"}],"version-history":[{"count":0,"href":"https:\/\/www.europesays.com\/no\/wp-json\/wp\/v2\/posts\/36413\/revisions"}],"wp:featuredmedia":[{"embeddable":true,"href":"https:\/\/www.europesays.com\/no\/wp-json\/wp\/v2\/media\/36414"}],"wp:attachment":[{"href":"https:\/\/www.europesays.com\/no\/wp-json\/wp\/v2\/media?parent=36413"}],"wp:term":[{"taxonomy":"category","embeddable":true,"href":"https:\/\/www.europesays.com\/no\/wp-json\/wp\/v2\/categories?post=36413"},{"taxonomy":"post_tag","embeddable":true,"href":"https:\/\/www.europesays.com\/no\/wp-json\/wp\/v2\/tags?post=36413"}],"curies":[{"name":"wp","href":"https:\/\/api.w.org\/{rel}","templated":true}]}}