{"id":36417,"date":"2025-09-15T22:10:09","date_gmt":"2025-09-15T22:10:09","guid":{"rendered":"https:\/\/www.europesays.com\/no\/36417\/"},"modified":"2025-09-15T22:10:09","modified_gmt":"2025-09-15T22:10:09","slug":"sport-friidrett-thomas-mardal-er-klar-for-vm-finale-men-vekker-oppsikt-for-noko-anna","status":"publish","type":"post","link":"https:\/\/www.europesays.com\/no\/36417\/","title":{"rendered":"Sport, Friidrett | Thomas Mardal er klar for VM-finale, men vekker oppsikt for noko anna"},"content":{"rendered":"\n<p>F\u00f8r friidretts-VM i Tokyo i det heile starta fekk sleggekastar Thomas Mardal fr\u00e5 Gloppen og fleire andre norske ut\u00f8varar kjendisstatus p\u00e5 gatene i den japanske hovudstaden, <a href=\"https:\/\/www.nrk.no\/friidrettsvm\/vm-i-friidrett-i-tokyo-2025_-norske-utovarar-blir-stoppa-pa-gata-i-japan-pa-grunn-av-storrelsen-1.17566185\" rel=\"Follow nofollow noopener\" target=\"_blank\">skriv NRK<\/a>.<\/p>\n<p><b>\u00c5rsaka er ofte like enkel som den er uventa: H\u00f8gda deira. <\/b><\/p>\n<p>Med ei gjennomsnittsh\u00f8gd p\u00e5 1,72 meter for menn i Japan, mot Mardals 1,86 (og kraftige kropp), er det ikkje rart at han og dei andre norske ut\u00f8varane vekker oppsikt:<\/p>\n<p><b>\u2013 Vi gjer alt vi kan for \u00e5 ikkje skilje oss ut, men det er umogleg n\u00e5r alle andre n\u00e5r oss opp til skuldrene, seier Mardal til <a href=\"https:\/\/www.nrk.no\/friidrettsvm\/vm-i-friidrett-i-tokyo-2025_-norske-utovarar-blir-stoppa-pa-gata-i-japan-pa-grunn-av-storrelsen-1.17566185\" rel=\"Follow nofollow noopener\" target=\"_blank\">NRK.<\/a><\/b><\/p>\n<p>Tysdag klokka 14.00 stiller han i si f\u00f8rste VM-finale, etter \u00e5 ha sikra plassen med eit kast p\u00e5 77,34 meter.<\/p>\n<p>Merksemda blir derimot tatt godt i mot:<\/p>\n<p>\u2013 Det er litt uvanleg, men du f\u00e5r bra sj\u00f8lvkjensle av det. Du kjenner deg liksom stor og sterk, seier Mardal til statskanalen.<\/p>\n<p><b>Natt til m\u00e5ndag var Mardal i aksjon for \u00e5 pr\u00f8ve \u00e5 kvalifisere seg til VM-finalen tysdag. <\/b><\/p>\n<p>Sleggekastaren leverte eit kast p\u00e5 77,34 meter, noko som var godt nok til \u00e5 sikre finaleplassen.<\/p>\n<p>Dette blir Glopparens f\u00f8rste finale i eit verdsmeisterskap.<\/p>\n<p>  <a href=\"https:\/\/www.firda.no\/5-15-1938179\" class=\"related-teaser has-image default-story-teaser article--c-eRUmMG article--c-eRUmMG-jKCPdD-design-default\" rel=\"nofollow noopener\" target=\"_blank\"><\/p>\n<p>    <img decoding=\"async\" loading=\"lazy\"  src=\"https:\/\/www.europesays.com\/no\/wp-content\/uploads\/2025\/09\/NTB_d2CxkscR11c.jpg\" alt=\"\" class=\"brick-c-cFOWSL\" style=\"\"\/><\/p>\n<p>\n            Les ogs\u00e5<\/p>\n<p>              Thomas Mardal teken ut til VM\n        <\/p>\n<p>  <\/a><\/p>\n<p>  <a href=\"https:\/\/www.firda.no\/5-15-1860838\" class=\"related-teaser has-image default-story-teaser article--c-eRUmMG article--c-eRUmMG-jKCPdD-design-default\" rel=\"nofollow noopener\" target=\"_blank\"><\/p>\n<p>    <img decoding=\"async\" loading=\"lazy\"  src=\"https:\/\/www.europesays.com\/no\/wp-content\/uploads\/2025\/09\/NTB_hcejSF-FZTQ.jpg\" alt=\"\" class=\"brick-c-cFOWSL\" style=\"\"\/><\/p>\n<p>\n            Les ogs\u00e5<\/p>\n<p>              Sesongopna med pallplass\n        <\/p>\n<p>  <\/a><\/p>\n<p>Les meir om: artikkelemnene<\/p>\n","protected":false},"excerpt":{"rendered":"F\u00f8r friidretts-VM i Tokyo i det heile starta fekk sleggekastar Thomas Mardal fr\u00e5 Gloppen og fleire andre norske&hellip;\n","protected":false},"author":2,"featured_media":36418,"comment_status":"","ping_status":"","sticky":false,"template":"","format":"standard","meta":{"footnotes":""},"categories":[59],"tags":[36,423,5225,30,28,29,83,82,1510],"class_list":{"0":"post-36417","1":"post","2":"type-post","3":"status-publish","4":"format-standard","5":"has-post-thumbnail","7":"category-sport","8":"tag-art","9":"tag-friidrett","10":"tag-gloppen","11":"tag-no","12":"tag-norge","13":"tag-norway","14":"tag-sport","15":"tag-sports","16":"tag-story"},"share_on_mastodon":{"url":"","error":""},"_links":{"self":[{"href":"https:\/\/www.europesays.com\/no\/wp-json\/wp\/v2\/posts\/36417","targetHints":{"allow":["GET"]}}],"collection":[{"href":"https:\/\/www.europesays.com\/no\/wp-json\/wp\/v2\/posts"}],"about":[{"href":"https:\/\/www.europesays.com\/no\/wp-json\/wp\/v2\/types\/post"}],"author":[{"embeddable":true,"href":"https:\/\/www.europesays.com\/no\/wp-json\/wp\/v2\/users\/2"}],"replies":[{"embeddable":true,"href":"https:\/\/www.europesays.com\/no\/wp-json\/wp\/v2\/comments?post=36417"}],"version-history":[{"count":0,"href":"https:\/\/www.europesays.com\/no\/wp-json\/wp\/v2\/posts\/36417\/revisions"}],"wp:featuredmedia":[{"embeddable":true,"href":"https:\/\/www.europesays.com\/no\/wp-json\/wp\/v2\/media\/36418"}],"wp:attachment":[{"href":"https:\/\/www.europesays.com\/no\/wp-json\/wp\/v2\/media?parent=36417"}],"wp:term":[{"taxonomy":"category","embeddable":true,"href":"https:\/\/www.europesays.com\/no\/wp-json\/wp\/v2\/categories?post=36417"},{"taxonomy":"post_tag","embeddable":true,"href":"https:\/\/www.europesays.com\/no\/wp-json\/wp\/v2\/tags?post=36417"}],"curies":[{"name":"wp","href":"https:\/\/api.w.org\/{rel}","templated":true}]}}