{"id":36419,"date":"2025-09-15T22:17:13","date_gmt":"2025-09-15T22:17:13","guid":{"rendered":"https:\/\/www.europesays.com\/no\/36419\/"},"modified":"2025-09-15T22:17:13","modified_gmt":"2025-09-15T22:17:13","slug":"elisabeth-asserson-ingebrigtsen-gjert-ingebrigtsen-2","status":"publish","type":"post","link":"https:\/\/www.europesays.com\/no\/36419\/","title":{"rendered":"Elisabeth asserson ingebrigtsen, Gjert Ingebrigtsen"},"content":{"rendered":"<p> (<a href=\"https:\/\/www.nettavisen.no\" rel=\"nofollow noopener\" target=\"_blank\">Nettavisen<\/a>) <\/p>\n<p>   <img decoding=\"async\" width=\"1200\" height=\"352\" fetchpriority=\"low\"  loading=\"lazy\"  src=\"https:\/\/www.europesays.com\/no\/wp-content\/uploads\/2025\/09\/Nettavisen+Simen+LB8nning+Oda+Karlsen+Bekkestad+i+Tokyo+byline_1.jpg\" alt=\"\" class=\"brick-c-cFOWSL\" style=\"--brick-image-ratio: 1200 \/ 352;\"\/><\/p>\n<p>TOKYO\/OSLO (Nettavisen): Elisabeth Asserson Ingebrigtsen har ankommet den japanske hovedstaden for \u00e5 f\u00f8lge sin ektemann gjennom VM. Mandag deler hun enorm frustrasjon rundt b\u00e5de Gjert Ingebrigtsen og hans elev Jos\u00e9 Carlos Pinto.<\/p>\n<p>I et lengre innlegg p\u00e5 Instagram hevder hun at sistnevnte mangler empati og virkelighetsforst\u00e5else.<\/p>\n<p>\u00abJeg hadde gledet meg til dette mesterskapet. Jeg hadde h\u00e5pet at vi endelig skulle f\u00e5 et mesterskap som handler om idrett. Men igjen har jeg g\u00e5tt rundt med en konstant klump i magen, og en frykt for hva noen kan finne p\u00e5\u00bb, skriver hun i innlegget og fortsetter:<\/p>\n<p>\u00abN\u00e5r jeg i g\u00e5r m\u00e5 lese at en portugisisk ut\u00f8ver f\u00f8ler seg diskriminert, fordi Gjert ikke f\u00e5r akkreditering, kjenner jeg p\u00e5 en enorm frustrasjon og et sinne jeg ikke klarer \u00e5 holde inne.\u00bb<\/p>\n<p>\u2013 Jeg vil ikke vite om problemene hennes<\/p>\n<p>Pinto uttaler seg mandag kveld til Nettavisen og svarer p\u00e5 p\u00e5standene fra Asserson Ingebrigtsen.<\/p>\n<p>\u2013 Jeg har fortsatt den samme f\u00f8lelsen som jeg uttalte tidligere. Jeg f\u00f8ler meg diskriminert, jeg vil ikke vite om problemene hennes. Jeg \u00f8nsker bare \u00e5 fokusere p\u00e5 meg selv og hvordan jeg kan prestere bedre. Derfor trenger jeg treneren min. Poenget ved det jeg har sagt st\u00e5r, sier portugiseren til Nettavisen.<\/p>\n<p>   <img decoding=\"async\" width=\"3840\" height=\"2560\" fetchpriority=\"low\"  loading=\"lazy\"  src=\"https:\/\/www.europesays.com\/no\/wp-content\/uploads\/2025\/09\/DSCF6554_1.JPG\" alt=\"\" class=\"brick-c-cFOWSL\" style=\"--brick-image-ratio: 3840 \/ 2560;\"\/><\/p>\n<p>    SVARER: Jos\u00e9 Carlos Pinto.<br \/>\n    Foto: Simen L\u00f8nning (Nettavisen)\n  <\/p>\n<p>Det var s\u00f8ndag at Pinto <a href=\"https:\/\/www.nettavisen.no\/sport\/gjert-ingebrigtsens-elev-tordner-foler-meg-diskriminert\/s\/5-95-2618499\" rel=\"Follow nofollow noopener\" target=\"_blank\">uttalte til Nettavisen at han f\u00f8lte seg diskriminert<\/a> av Det internasjonale friidrettsforbundet. Det fordi hans trener Gjert Ingebrigtsen ikke hadde f\u00e5tt akkreditering til mesterskapet.<\/p>\n<p>Han p\u00e5pekte da at nordmannen har ansvaret for tre ut\u00f8vere som stilte til start i fors\u00f8ksheatet p\u00e5 1500 meter. Narve Gilje Nord\u00e5s og Kieran Lumb trenes ogs\u00e5 av nordmannen. Derfor mente han at Ingebrigtsen burde v\u00e6rt til stede.<\/p>\n<p>Det mener imidlertid ikke Elisabeth.<\/p>\n<p>   <img decoding=\"async\" width=\"5354\" height=\"3571\" fetchpriority=\"low\"  loading=\"lazy\"  src=\"https:\/\/www.europesays.com\/no\/wp-content\/uploads\/2025\/09\/1757971512_158_NTB_dWETY2f0Z9A.jpg\" alt=\"Ask\u00f8y 20250801. &#10;Gjert Ingebrigsten under NM i friidrett p\u00e5 Ravnanger Idrettspark.&#10;Foto: Paul S. Amundsen \/ NTB\" class=\"brick-c-cFOWSL\" style=\"--brick-image-ratio: 5354 \/ 3571;\"\/><\/p>\n<p>    F\u00c5R H\u00d8RE DET: Gjert Ingebrigsten.<br \/>\n    Foto: Paul S. Amundsen\n  <\/p>\n<p>Nettavisen har fors\u00f8kt \u00e5 komme i kontakt med Ingebrigtsen, forel\u00f8pig uten \u00e5 lykkes.<\/p>\n<p>Glad for forbundets beslutning<\/p>\n<p>I innlegget p\u00e5 Instagram skriver hun blant annet at hun er glad det norske forbundet valgte \u00e5 ikke gi Ingebrigtsen akkreditering.<\/p>\n<p>\u00abAt de faktisk sier h\u00f8yt at det finnes etiske grenser for hva som er greit i idretten. Vold mot mindre\u00e5rige er ikke det. Trusler er heller ikke det\u00bb, skriver hun.<\/p>\n<p>Nettavisen har stilt flere sp\u00f8rsm\u00e5l skriftlig til Asserson Ingebrigtsen, blant annet om hennes p\u00e5stander om at Gjert tyr til \u00abusannheter og utskjelling\u00bb n\u00e5r ting ikke g\u00e5r hans vei.<\/p>\n<p>Hun har forel\u00f8pig ikke respondert eller utdypet dette n\u00e6rmere. <\/p>\n<p>Jakob Ingebrigtsens kone sikter blant annet til rettssaken mot Gjert tidligere i \u00e5r. Han ble <a rel=\"Follow nofollow noopener\" href=\"https:\/\/www.nettavisen.no\/norsk-debatt\/24-rettsdager-41-vitner-om-gjert-ingebrigtsen-star-ressursbruken-i-denne-saken-i-stil\/s\/5-95-2486475\" target=\"_blank\">frifunnet for mishandling i n\u00e6re relasjoner og d\u00f8mt til betinget fengsel i 15 dager<\/a> for \u00e5 ha sl\u00e5tt datteren med et v\u00e5tt h\u00e5ndkle.<\/p>\n<p>Gjert Ingebrigtsens advokat, John Christian Elden, har f\u00f8lgende \u00e5 si om Instagram-innlegget:<\/p>\n<p>\u00abHun m\u00e5 f\u00e5 lov til \u00e5 ha sine frustrasjoner, men en gratulasjon til Narve og hans trener hadde ikke v\u00e6rt av veien n\u00e5r man skal vurdere sportslig\u00bb, skriver han i en melding til Nettavisen.<\/p>\n<p>Nettavisen har ogs\u00e5 v\u00e6rt i kontakt med Norges Friidrettsforbund. De er kjent med innlegget, men \u00f8nsker ikke \u00e5 kommentere.<\/p>\n<p>Pinto r\u00f8k ut i semifinalen p\u00e5 1500 meter.<\/p>\n","protected":false},"excerpt":{"rendered":"(Nettavisen) TOKYO\/OSLO (Nettavisen): Elisabeth Asserson Ingebrigtsen har ankommet den japanske hovedstaden for \u00e5 f\u00f8lge sin ektemann gjennom VM.&hellip;\n","protected":false},"author":2,"featured_media":36385,"comment_status":"","ping_status":"","sticky":false,"template":"","format":"standard","meta":{"footnotes":""},"categories":[59],"tags":[36,5729,423,1620,422,30,28,29,83,82,3640,1510,5131],"class_list":{"0":"post-36419","1":"post","2":"type-post","3":"status-publish","4":"format-standard","5":"has-post-thumbnail","7":"category-sport","8":"tag-art","9":"tag-elisabeth-asserson-ingebrigtsen","10":"tag-friidrett","11":"tag-gjert-ingebrigtsen","12":"tag-jakob-ingebrigtsen","13":"tag-no","14":"tag-norge","15":"tag-norway","16":"tag-sport","17":"tag-sports","18":"tag-sportsvarsel","19":"tag-story","20":"tag-vm-i-friidrett"},"share_on_mastodon":{"url":"","error":""},"_links":{"self":[{"href":"https:\/\/www.europesays.com\/no\/wp-json\/wp\/v2\/posts\/36419","targetHints":{"allow":["GET"]}}],"collection":[{"href":"https:\/\/www.europesays.com\/no\/wp-json\/wp\/v2\/posts"}],"about":[{"href":"https:\/\/www.europesays.com\/no\/wp-json\/wp\/v2\/types\/post"}],"author":[{"embeddable":true,"href":"https:\/\/www.europesays.com\/no\/wp-json\/wp\/v2\/users\/2"}],"replies":[{"embeddable":true,"href":"https:\/\/www.europesays.com\/no\/wp-json\/wp\/v2\/comments?post=36419"}],"version-history":[{"count":0,"href":"https:\/\/www.europesays.com\/no\/wp-json\/wp\/v2\/posts\/36419\/revisions"}],"wp:featuredmedia":[{"embeddable":true,"href":"https:\/\/www.europesays.com\/no\/wp-json\/wp\/v2\/media\/36385"}],"wp:attachment":[{"href":"https:\/\/www.europesays.com\/no\/wp-json\/wp\/v2\/media?parent=36419"}],"wp:term":[{"taxonomy":"category","embeddable":true,"href":"https:\/\/www.europesays.com\/no\/wp-json\/wp\/v2\/categories?post=36419"},{"taxonomy":"post_tag","embeddable":true,"href":"https:\/\/www.europesays.com\/no\/wp-json\/wp\/v2\/tags?post=36419"}],"curies":[{"name":"wp","href":"https:\/\/api.w.org\/{rel}","templated":true}]}}