{"id":36426,"date":"2025-09-15T22:31:18","date_gmt":"2025-09-15T22:31:18","guid":{"rendered":"https:\/\/www.europesays.com\/no\/36426\/"},"modified":"2025-09-15T22:31:18","modified_gmt":"2025-09-15T22:31:18","slug":"glimt-brann-han-er-verdt-100-millioner-kroner","status":"publish","type":"post","link":"https:\/\/www.europesays.com\/no\/36426\/","title":{"rendered":"Glimt, Brann | \u2013 Han er verdt 100 millioner kroner"},"content":{"rendered":"\n<p>Felix Horn Myhre ytret et \u00f8nske om en overgang til Glimt, men Brann avslo budet p\u00e5 <a href=\"https:\/\/www.tv2.no\/sport\/tv-2-erfarer-brann-avslo-sjokkbud-pa-felix-horn-myhre\/18054445\/\" rel=\"nofollow noopener\" target=\"_blank\">rundt 40 millioner kroner.<\/a><\/p>\n<p><a href=\"https:\/\/www.tv2.no\/sport\/topp-fem-liga-120-millioner\/18097514\/?utm_term=Autofeed&amp;utm_medium=Social&amp;utm_source=Facebook&amp;fbclid=IwY2xjawM0wsJleHRuA2FlbQIxMABicmlkETFQVzM0VGZEZkRwRW5saGFQAR5hrlW6J_BbJ_JF9OMgrRGiRNVggi8AHMgvR6PQT4Ap_b9wZkCJ6bxUxlwQoQ_aem_mnrrrvxyhHB1P9LYRsVoYg#Echobox=1757929287\" rel=\"Follow nofollow noopener\" target=\"_blank\">TV 2<\/a> spurte Brann-trener Freyr Alexandersson hva Horn Myhre er verdt.<\/p>\n<p>\u2013 Det er vanskelig \u00e5 si, man skal tenke p\u00e5 hvor mye man han igjen av kontrakten og hvor gammel du er. Men kun med tanke p\u00e5 kvalitet og erfaring s\u00e5 vil jeg sette han til omkring 100 millioner kroner. Kontrakten til Horn Myhre strekker seg til 31. desember 2027, if\u00f8lge <a href=\"https:\/\/www.transfermarkt.com\/felix-horn-myhre\/profil\/spieler\/367274\" rel=\"nofollow noopener\" target=\"_blank\">Transfermarkt<\/a>. <\/p>\n<p>TV 2s fotballekspert Jesper Mathisen er enig med Brann-treneren:<\/p>\n<p>\u2013 Etter landskampene og det kremmerhuset i dag finnes det garantert klubber som er villige til \u00e5 betale opp mot 100 millioner hvis han fortsetter \u00e5 levere p\u00e5 sitt beste niv\u00e5, sier han til egen <a href=\"https:\/\/www.tv2.no\/sport\/topp-fem-liga-120-millioner\/18097514\/?utm_term=Autofeed&amp;utm_medium=Social&amp;utm_source=Facebook&amp;fbclid=IwY2xjawM0wsJleHRuA2FlbQIxMABicmlkETFQVzM0VGZEZkRwRW5saGFQAR5hrlW6J_BbJ_JF9OMgrRGiRNVggi8AHMgvR6PQT4Ap_b9wZkCJ6bxUxlwQoQ_aem_mnrrrvxyhHB1P9LYRsVoYg#Echobox=1757929287\" rel=\"Follow nofollow noopener\" target=\"_blank\">kanal<\/a>.<\/p>\n<p>Til sammenlikning; MLS-klubben Chicago Fire b\u00f8d if\u00f8lge TV 2 og Nettavisen rundt 120 millioner kroner (10 millioner euro) for Bod\u00f8\/Glimts Patrick Berg i juli 2025, men Bod\u00f8\/Glimt krevde ytterligere \u00e9n million euro.<\/p>\n<p>Les mer om: artikkelemnene<\/p>\n","protected":false},"excerpt":{"rendered":"Felix Horn Myhre ytret et \u00f8nske om en overgang til Glimt, men Brann avslo budet p\u00e5 rundt 40&hellip;\n","protected":false},"author":2,"featured_media":36427,"comment_status":"","ping_status":"","sticky":false,"template":"","format":"standard","meta":{"footnotes":""},"categories":[59],"tags":[36,367,799,30,28,29,83,82,1510],"class_list":{"0":"post-36426","1":"post","2":"type-post","3":"status-publish","4":"format-standard","5":"has-post-thumbnail","7":"category-sport","8":"tag-art","9":"tag-brann","10":"tag-glimt","11":"tag-no","12":"tag-norge","13":"tag-norway","14":"tag-sport","15":"tag-sports","16":"tag-story"},"share_on_mastodon":{"url":"","error":""},"_links":{"self":[{"href":"https:\/\/www.europesays.com\/no\/wp-json\/wp\/v2\/posts\/36426","targetHints":{"allow":["GET"]}}],"collection":[{"href":"https:\/\/www.europesays.com\/no\/wp-json\/wp\/v2\/posts"}],"about":[{"href":"https:\/\/www.europesays.com\/no\/wp-json\/wp\/v2\/types\/post"}],"author":[{"embeddable":true,"href":"https:\/\/www.europesays.com\/no\/wp-json\/wp\/v2\/users\/2"}],"replies":[{"embeddable":true,"href":"https:\/\/www.europesays.com\/no\/wp-json\/wp\/v2\/comments?post=36426"}],"version-history":[{"count":0,"href":"https:\/\/www.europesays.com\/no\/wp-json\/wp\/v2\/posts\/36426\/revisions"}],"wp:featuredmedia":[{"embeddable":true,"href":"https:\/\/www.europesays.com\/no\/wp-json\/wp\/v2\/media\/36427"}],"wp:attachment":[{"href":"https:\/\/www.europesays.com\/no\/wp-json\/wp\/v2\/media?parent=36426"}],"wp:term":[{"taxonomy":"category","embeddable":true,"href":"https:\/\/www.europesays.com\/no\/wp-json\/wp\/v2\/categories?post=36426"},{"taxonomy":"post_tag","embeddable":true,"href":"https:\/\/www.europesays.com\/no\/wp-json\/wp\/v2\/tags?post=36426"}],"curies":[{"name":"wp","href":"https:\/\/api.w.org\/{rel}","templated":true}]}}