{"id":36434,"date":"2025-09-15T23:06:17","date_gmt":"2025-09-15T23:06:17","guid":{"rendered":"https:\/\/www.europesays.com\/no\/36434\/"},"modified":"2025-09-15T23:06:17","modified_gmt":"2025-09-15T23:06:17","slug":"gjert-ingebrigtsen-jose-carlos-pinto-3","status":"publish","type":"post","link":"https:\/\/www.europesays.com\/no\/36434\/","title":{"rendered":"Gjert Ingebrigtsen, Jos\u00e9 Carlos Pinto"},"content":{"rendered":"<p> (<a href=\"https:\/\/www.nettavisen.no\" rel=\"nofollow noopener\" target=\"_blank\">Nettavisen<\/a>) <\/p>\n<p>   <img decoding=\"async\" width=\"1500\" height=\"440\" fetchpriority=\"low\"  loading=\"lazy\"  src=\"https:\/\/www.europesays.com\/no\/wp-content\/uploads\/2025\/09\/1757977577_435_Nettavisen+Simen+L%C3%B8nning+Oda+Karlsen+Bekkestad+i+Tokyo+byline.jpg\" alt=\"\" class=\"brick-c-cFOWSL\" style=\"--brick-image-ratio: 1500 \/ 440;\"\/><\/p>\n<p>TOKYO (Nettavisen): Mandagens semifinale p\u00e5 1500 meter i <a href=\"https:\/\/www.nettavisen.no\/sport\/sjokk-narve-gilje-nordas-ute-av-vm\/s\/5-95-2620339\" rel=\"Follow nofollow noopener\" target=\"_blank\">VM endte med nedtur for Narve Gilje Nord\u00e5s<\/a>.<\/p>\n<p>Heller ikke lagkameratene Jos\u00e9 Carlos Pinto og Kieran Lumb klarte \u00e5 ta seg videre til VM-finalen p\u00e5 distansen. Pinto r\u00f8k ut i mandagens semifinale, mens Lumb takket for seg allerede etter fors\u00f8ket.<\/p>\n<p>Dermed er alle av Gjert Ingebrigtsens ut\u00f8vere ute av kampen om et gull p\u00e5 1500 meter i Tokyo.<\/p>\n<p><b>Les ogs\u00e5: <a href=\"https:\/\/www.nettavisen.no\/sport\/program-for-vm-i-friidrett-2025\/s\/5-95-2591059\" rel=\"Follow nofollow noopener\" target=\"_blank\">Program for VM i friidrett 2025<\/a><\/b><\/p>\n<p>\u2013 Jeg hadde forventninger om \u00e5 komme meg til finalen. \u00c5ttendeplass, jeg gjorde for mange taktiske feil. Det er ikke akseptabelt p\u00e5 det niv\u00e5et jeg er p\u00e5 n\u00e5, sier Pinto til Nettavisen etter mandagens konkurranse i den japanske hovedstaden.<\/p>\n<p>Avsl\u00f8rer: \u2013 Flytter til Sandnes<\/p>\n<p>Portugiseren, som har v\u00e6rt en del av Ingebrigtsens treningsgruppe \u00abViking Athletics\u00bb siden mai, kunne imidlertid avsl\u00f8re at han n\u00e5 tar grep for \u00e5 komme n\u00e6rmere den norske friidrettstreneren og v\u00e6re bedre rustet for \u00e5 prestere i framtiden.<\/p>\n<p>\u2013 Jeg flytter til Sandnes. Det gir ikke mening at jeg skal trene videre i Portugal, sier han til pressen i Tokyo.<\/p>\n<p><b>Les ogs\u00e5: <a href=\"https:\/\/www.nettavisen.no\/sport\/motet-med-gjert-ingebrigtsen-endret-alt-jeg-kan-ikke-forklare-det\/s\/5-95-2618538\" rel=\"Follow nofollow noopener\" target=\"_blank\">M\u00f8tet med Gjert endret alt: \u2013 Jeg kan ikke forklare det<\/a><\/b><\/p>\n<p>\u2013 Vi har v\u00e6rt sammen siden mai, men n\u00e5 gir det ikke mening \u00e5 trene alene, sier l\u00f8peren videre.<\/p>\n<p>Han understreker at klimaet i Norge trolig ikke blir noe stort problem for hans del.<\/p>\n<p>\u2013 Nei, det er ikke det. Jeg er fra Portugal, men fra et av de st\u00f8rste fjellomr\u00e5dene. Det er ikke den samme kulden, men det blir ikke noe problem, forteller portugiseren.<\/p>\n<p>\u2013 Jeg flytter til Norge i slutten av september eller midten av oktober. Da er jeg der.<\/p>\n<p>Pinto kan ogs\u00e5 avsl\u00f8re at han skal bo sammen med lagkamerat Lumb n\u00e5r han er p\u00e5 plass i Sandnes.<\/p>\n<p>\u2013 Vi skal bo sammen. Vi har v\u00e6rt sammen de to siste m\u00e5nedene p\u00e5 treningsleir. Det har v\u00e6rt fint, sier han.<\/p>\n<p><b>Les ogs\u00e5: <a href=\"https:\/\/www.nettavisen.no\/sport\/sjokk-narve-gilje-nordas-ute-av-vm\/s\/5-95-2620339\" rel=\"Follow nofollow noopener\" target=\"_blank\">Fullt VM-drama for Nord\u00e5s: \u2013 Han skulle stupt <\/a><\/b><\/p>\n<p>Fikk r\u00e5d av Gjert Ingebrigtsen<\/p>\n<p>Overfor Nettavisen avsl\u00f8rer l\u00f8peren hvilke r\u00e5d han fikk fra trener Gjert Ingebrigtsen f\u00f8r mandagens l\u00f8p.<\/p>\n<p>Ingebrigtsen var i forrige uke p\u00e5 plass i Tokyo, men valgte \u00e5 reise hjem til Norge.<\/p>\n<p>\u2013 Det f\u00f8rste r\u00e5det jeg fikk var \u00e5 ikke v\u00e6re nerv\u00f8s. Dette er jo det f\u00f8rste store mesterskapet for meg. Jeg skulle nyte \u00e5 v\u00e6re her, og det gjorde jeg. Det var en god erfaring for meg, men jeg er ikke forn\u00f8yd. Vi lever og l\u00e6rer, sier portugiseren.<\/p>\n<p><a href=\"https:\/\/www.nettavisen.no\/sport\/motet-med-gjert-ingebrigtsen-endret-alt-jeg-kan-ikke-forklare-det\/s\/5-95-2618538\" rel=\"Follow nofollow noopener\" target=\"_blank\">Da Nettavisen m\u00f8tte Pinto tidligere under VM<\/a>, \u00e5pnet han opp om hvor viktig Ingebrigtsen har v\u00e6rt for ham.<\/p>\n<p>\u2013 Det har v\u00e6rt en stor forandring \u00e5 trene med Gjert, det er en ny verden. Jeg kan ikke forklare det en gang, sa portugiseren.<\/p>\n<p>\u2013 Han er skikkelig \u00e5lreit, han fors\u00f8ker alltid \u00e5 hjelpe og jeg trenger ikke tenke p\u00e5 noe. Jeg trenger ikke \u00e5 tenke p\u00e5 hvor jeg skal konkurrere eller hvor jeg skal dra p\u00e5 treningsleir. Vi avtaler, booker og s\u00e5 drar vi, det er overraskende enkelt.<\/p>\n<p>Ogs\u00e5 Lumb var full av lovord om milj\u00f8et den norske treneren har skapt i \u00abViking Athletics\u00bb.<\/p>\n<p>\u2013 Vi bor omtrent sammen, om sommeren, de er som en familie nummer to. N\u00e5r du er p\u00e5 tur s\u00e5 lenge, s\u00e5 blir det s\u00e5nn. Det er de man spiser hvert m\u00e5ltid med og de man trener med, det er et spesielt brorskap, sa Lumb.<\/p>\n","protected":false},"excerpt":{"rendered":"(Nettavisen) TOKYO (Nettavisen): Mandagens semifinale p\u00e5 1500 meter i VM endte med nedtur for Narve Gilje Nord\u00e5s. Heller&hellip;\n","protected":false},"author":2,"featured_media":36012,"comment_status":"","ping_status":"","sticky":false,"template":"","format":"standard","meta":{"footnotes":""},"categories":[59],"tags":[36,423,1620,5690,5819,30,28,29,83,82,3640,1510,5820,5131,5689],"class_list":{"0":"post-36434","1":"post","2":"type-post","3":"status-publish","4":"format-standard","5":"has-post-thumbnail","7":"category-sport","8":"tag-art","9":"tag-friidrett","10":"tag-gjert-ingebrigtsen","11":"tag-jose-carlos-pinto","12":"tag-kieran-lumb","13":"tag-no","14":"tag-norge","15":"tag-norway","16":"tag-sport","17":"tag-sports","18":"tag-sportsvarsel","19":"tag-story","20":"tag-tokyo-vm-2025","21":"tag-vm-i-friidrett","22":"tag-vm-i-friidrett-2025"},"share_on_mastodon":{"url":"","error":""},"_links":{"self":[{"href":"https:\/\/www.europesays.com\/no\/wp-json\/wp\/v2\/posts\/36434","targetHints":{"allow":["GET"]}}],"collection":[{"href":"https:\/\/www.europesays.com\/no\/wp-json\/wp\/v2\/posts"}],"about":[{"href":"https:\/\/www.europesays.com\/no\/wp-json\/wp\/v2\/types\/post"}],"author":[{"embeddable":true,"href":"https:\/\/www.europesays.com\/no\/wp-json\/wp\/v2\/users\/2"}],"replies":[{"embeddable":true,"href":"https:\/\/www.europesays.com\/no\/wp-json\/wp\/v2\/comments?post=36434"}],"version-history":[{"count":0,"href":"https:\/\/www.europesays.com\/no\/wp-json\/wp\/v2\/posts\/36434\/revisions"}],"wp:featuredmedia":[{"embeddable":true,"href":"https:\/\/www.europesays.com\/no\/wp-json\/wp\/v2\/media\/36012"}],"wp:attachment":[{"href":"https:\/\/www.europesays.com\/no\/wp-json\/wp\/v2\/media?parent=36434"}],"wp:term":[{"taxonomy":"category","embeddable":true,"href":"https:\/\/www.europesays.com\/no\/wp-json\/wp\/v2\/categories?post=36434"},{"taxonomy":"post_tag","embeddable":true,"href":"https:\/\/www.europesays.com\/no\/wp-json\/wp\/v2\/tags?post=36434"}],"curies":[{"name":"wp","href":"https:\/\/api.w.org\/{rel}","templated":true}]}}