{"id":36468,"date":"2025-09-16T02:49:27","date_gmt":"2025-09-16T02:49:27","guid":{"rendered":"https:\/\/www.europesays.com\/no\/36468\/"},"modified":"2025-09-16T02:49:27","modified_gmt":"2025-09-16T02:49:27","slug":"nyheter-okonomi-fra-i-neste-uke-kan-du-velge-norgespris-pa-strom","status":"publish","type":"post","link":"https:\/\/www.europesays.com\/no\/36468\/","title":{"rendered":"Nyheter, \u00d8konomi | Fra i neste uke kan du velge norgespris p\u00e5 str\u00f8m"},"content":{"rendered":"\n<p>I forrige uke opplyste regjeringen at man kan velge ordningen fra uke 39. N\u00e5 er selve datoen klar \u2013 24. september, opplyser regjeringen i en <a href=\"https:\/\/www.regjeringen.no\/no\/aktuelt\/norgespris-apner-for-bestilling-snart\/id3118702\/\" rel=\"nofollow noopener\" target=\"_blank\">pressemelding<\/a>.<\/p>\n<p>Bestilling av norgespris p\u00e5 str\u00f8m gj\u00f8res via minside.elhub.no med elektronisk ID.<\/p>\n<p>Allerede fra 16. september kan str\u00f8mkunder logge seg inn p\u00e5 elhub.no for \u00e5 se hvordan norgespris ville p\u00e5virket str\u00f8mregningen tidligere \u00e5r, sammenlignet med str\u00f8mst\u00f8nad.<\/p>\n<p>  <a href=\"https:\/\/www.rb.no\/5-43-2558697\" class=\"related-teaser has-image default-story-teaser article--c-eRUmMG article--c-eRUmMG-jKCPdD-design-default\" rel=\"nofollow noopener\" target=\"_blank\"><\/p>\n<p>    <img decoding=\"async\" loading=\"lazy\"  src=\"https:\/\/www.europesays.com\/no\/wp-content\/uploads\/2025\/09\/signal-2025-01-19-12-12-15-478.jpg\" alt=\"\" class=\"brick-c-cFOWSL\" style=\"\"\/><\/p>\n<p>\n            Les ogs\u00e5<\/p>\n<p>              Angrepet p\u00e5 tur: \u2013 Rakk ikke \u00e5 bli redd\n        <\/p>\n<p>  <\/a><br \/>\n  Bindingstid ut 2026<\/p>\n<p>\u2013 Folk har behov for forutsigbarhet i str\u00f8mregningen, og dette har v\u00e6rt drivkraften bak innf\u00f8ringen av norgespris, sier energiminister Terje Aasland (Ap) til <a href=\"https:\/\/www.vg.no\/nyheter\/i\/LM2eMq\/tidspunktet-er-klart-snart-kan-du-velge-norgespris-paa-stroem\" rel=\"nofollow noopener\" target=\"_blank\">VG<\/a>.<\/p>\n<p>Norgespris er et tilbud om fastpris p\u00e5 str\u00f8m p\u00e5 40 \u00f8re per kilowattime pluss moms. Bindingstiden er ut 2026, uansett hva den markedsstyrte spotprisen blir.<\/p>\n<p>\u2013 Det er lang bindingstid, men det skyldes at str\u00f8mprisene svinger gjennom \u00e5ret, sier Aasland.<\/p>\n<p>Bindingstiden skal hindre at forbrukerne kun benytter ordningen i vinterhalv\u00e5ret, n\u00e5r str\u00f8mmen som regel er dyrest, og melder seg ut i sommerhalv\u00e5ret.<\/p>\n<p>\u2013 M\u00e5let er \u00e5 skape stabilitet for b\u00e5de forbrukere og kraftsystemet, sier Aasland.<\/p>\n<p>  <a href=\"https:\/\/www.rb.no\/5-43-2552746\" class=\"related-teaser has-image default-story-teaser article--c-eRUmMG article--c-eRUmMG-jKCPdD-design-default\" rel=\"nofollow noopener\" target=\"_blank\"><\/p>\n<p>    <img decoding=\"async\" loading=\"lazy\"  src=\"https:\/\/www.europesays.com\/no\/wp-content\/uploads\/2025\/09\/Vannskader_28082510.jpg\" alt=\"\" class=\"brick-c-cFOWSL\" style=\"\"\/><\/p>\n<p>\n            Les ogs\u00e5<\/p>\n<p>              \u2013 Omfattende \u00f8deleggelser\n        <\/p>\n<p>  <\/a><br \/>\n  Avtalen er knyttet til boligen<\/p>\n<p>Den nye ordningen innf\u00f8res fra 1. oktober og kan bestilles n\u00e5r som helst i l\u00f8pet av \u00e5ret. Den er et frivillig alternativ til dagens str\u00f8mst\u00f8tte.<\/p>\n<p>Avtalen er knyttet til boligen, ikke person. Dersom man selger boligen eller g\u00e5r bort, overtar den nye eieren avtalen.<\/p>\n<p>Moms og p\u00e5slag til str\u00f8mselskap kommer i tillegg. Ordningen gjelder husholdninger og fritidsboliger, men ikke n\u00e6ringsliv og offentlig virksomhet.<\/p>\n<p>Niv\u00e5et p\u00e5 norgesprisen skal justeres \u00e5rlig fra og med 1. januar 2027.<\/p>\n<p>(\u00a9NTB)<\/p>\n<p>  <a href=\"https:\/\/www.rb.no\/5-43-2555694\" class=\"related-teaser has-image default-story-teaser article--c-eRUmMG article--c-eRUmMG-jKCPdD-design-default\" rel=\"nofollow noopener\" target=\"_blank\"><\/p>\n<p>    <img decoding=\"async\" loading=\"lazy\"  src=\"https:\/\/www.europesays.com\/no\/wp-content\/uploads\/2025\/09\/Skifteretten.jpg\" alt=\"\" class=\"brick-c-cFOWSL\" style=\"\"\/><\/p>\n<p>\n            Les ogs\u00e5<\/p>\n<p>              Konkurs for 16. gang\n        <\/p>\n<p>  <\/a><\/p>\n","protected":false},"excerpt":{"rendered":"I forrige uke opplyste regjeringen at man kan velge ordningen fra uke 39. N\u00e5 er selve datoen klar&hellip;\n","protected":false},"author":2,"featured_media":36469,"comment_status":"","ping_status":"","sticky":false,"template":"","format":"standard","meta":{"footnotes":""},"categories":[10],"tags":[36,20,21,24,25,15,22,23,13,30,28,3333,29,14,16,572,1510,243,1500,26,27],"class_list":{"0":"post-36468","1":"post","2":"type-post","3":"status-publish","4":"format-standard","5":"has-post-thumbnail","7":"category-norge","8":"tag-art","9":"tag-breaking-news","10":"tag-breakingnews","11":"tag-featured-news","12":"tag-featurednews","13":"tag-headlines","14":"tag-latest-news","15":"tag-latestnews","16":"tag-news","17":"tag-no","18":"tag-norge","19":"tag-norgespris","20":"tag-norway","21":"tag-nyheter","22":"tag-overskrifter","23":"tag-okonomi","24":"tag-story","25":"tag-strom","26":"tag-stromstotte","27":"tag-top-stories","28":"tag-topstories"},"share_on_mastodon":{"url":"","error":""},"_links":{"self":[{"href":"https:\/\/www.europesays.com\/no\/wp-json\/wp\/v2\/posts\/36468","targetHints":{"allow":["GET"]}}],"collection":[{"href":"https:\/\/www.europesays.com\/no\/wp-json\/wp\/v2\/posts"}],"about":[{"href":"https:\/\/www.europesays.com\/no\/wp-json\/wp\/v2\/types\/post"}],"author":[{"embeddable":true,"href":"https:\/\/www.europesays.com\/no\/wp-json\/wp\/v2\/users\/2"}],"replies":[{"embeddable":true,"href":"https:\/\/www.europesays.com\/no\/wp-json\/wp\/v2\/comments?post=36468"}],"version-history":[{"count":0,"href":"https:\/\/www.europesays.com\/no\/wp-json\/wp\/v2\/posts\/36468\/revisions"}],"wp:featuredmedia":[{"embeddable":true,"href":"https:\/\/www.europesays.com\/no\/wp-json\/wp\/v2\/media\/36469"}],"wp:attachment":[{"href":"https:\/\/www.europesays.com\/no\/wp-json\/wp\/v2\/media?parent=36468"}],"wp:term":[{"taxonomy":"category","embeddable":true,"href":"https:\/\/www.europesays.com\/no\/wp-json\/wp\/v2\/categories?post=36468"},{"taxonomy":"post_tag","embeddable":true,"href":"https:\/\/www.europesays.com\/no\/wp-json\/wp\/v2\/tags?post=36468"}],"curies":[{"name":"wp","href":"https:\/\/api.w.org\/{rel}","templated":true}]}}