{"id":36485,"date":"2025-09-16T04:21:32","date_gmt":"2025-09-16T04:21:32","guid":{"rendered":"https:\/\/www.europesays.com\/no\/36485\/"},"modified":"2025-09-16T04:21:32","modified_gmt":"2025-09-16T04:21:32","slug":"vi-ma-slutte-med-dette","status":"publish","type":"post","link":"https:\/\/www.europesays.com\/no\/36485\/","title":{"rendered":"\u2013 Vi m\u00e5 slutte med dette"},"content":{"rendered":"<p class=\"kicker \" style=\"\">Emmy Awards 2025<\/p>\n<p>  P\u00e5 tide \u00e5 legge \u00abtradisjonen\u00bb d\u00f8d, mener KKs moteansvarlig.<\/p>\n<p>\n    TONED\u00d8VT: Kjendisene m\u00e5 under lupen hver gang de har g\u00e5tt p\u00e5d en r\u00f8de l\u00f8peren. Er det egentlig greit? Foto: NTB.\n  <\/p>\n<p>Nattens Emmy Awards er en snakkis i morgentimene mandag; Tv-bransjens svar p\u00e5 Oscar-utdelingen.<\/p>\n<p>Hit str\u00f8mmer stjernene, for \u00e5 ta imot priser, for \u00e5 heie p\u00e5 de som vinner og ikke minst for \u00e5 g\u00e5 p\u00e5 den r\u00f8de l\u00f8peren.\u00a0<\/p>\n<p>For enten man liker det eller ikke er den r\u00f8de l\u00f8peren etter hvert blitt en mer eller mindre integrert del av prisutdelingene.<\/p>\n<p>    <a itemprop=\"url\" href=\"https:\/\/www.kk.no\/mote\/det-er-for-lite-for-sent\/83553082\" rel=\"nofollow noopener\" target=\"_blank\"><\/p>\n<p>      <img loading=\"lazy\" decoding=\"async\" src=\"https:\/\/www.europesays.com\/no\/wp-content\/uploads\/2025\/09\/83553281.webp\" width=\"980\" height=\"441\" title=\"\u2013 F\u00f8les helt feil\" alt=\"\" class=\"lazyload\" style=\"--aspect-ratio-image: 2.22; \"\/><\/p>\n<p>        \u2013 F\u00f8les helt feil<\/p>\n<p>    <\/a><\/p>\n<p class=\"font-weight-bold m-font-weight-bold\" data-lab-font_weight=\"font-weight-bold\">Det er en viktig arena, ikke bare for stjernene selv, men minst like mye for designerne og motehusene som kler de.<\/p>\n<p class=\"font-weight-bold m-font-weight-bold\" data-lab-font_weight=\"font-weight-bold\">Det er rett og slett blitt \u00abbig business\u00bb.<\/p>\n<p class=\"font-weight-bold m-font-weight-bold\" data-lab-font_weight=\"font-weight-bold\">Det er ogs\u00e5 blitt stor underholdning.<\/p>\n<p>          <img loading=\"lazy\" decoding=\"async\" src=\"https:\/\/www.europesays.com\/no\/wp-content\/uploads\/2025\/09\/83594006.webp\" width=\"980\" height=\"1470\" title=\"NIKK TILBAKE: Jenna Ortegas antrekk under nattens Emmy Awards var et nikk til filmen \u00abD\u00f8den kler henne\u00bb fra 1992. Foto: NTB.\" alt=\"\" class=\"\" style=\"--aspect-ratio-image: 0.67; \"\/><\/p>\n<p>\n          NIKK TILBAKE: Jenna Ortegas antrekk under nattens Emmy Awards var et nikk til filmen \u00abD\u00f8den kler henne\u00bb fra 1992. Foto: NTB.\n      <\/p>\n<p class=\"font-weight-bold m-font-weight-bold\" data-lab-font_weight=\"font-weight-bold\">Ikke bare \u00e5 skrive og snakke om hva stjernene har p\u00e5 seg, men ogs\u00e5 \u00e5 plukke det fra hverandre \u2013 p\u00e5 godt og vondt.\u00a0<\/p>\n<p class=\"font-weight-bold m-font-weight-bold\" data-lab-font_weight=\"font-weight-bold\">For kl\u00e6r er mer enn bare kl\u00e6r, og dersom vi l\u00f8fter blikket kan vi se kl\u00e6r som nettopp noe st\u00f8rre enn seg selv.<\/p>\n<p>    <a itemprop=\"url\" href=\"https:\/\/www.kk.no\/mote\/zara-far-reklame-nekt-for-usunt-tynne-modeller\/83434757\" rel=\"nofollow noopener\" target=\"_blank\"><\/p>\n<p>      <img loading=\"lazy\" decoding=\"async\" src=\"https:\/\/www.europesays.com\/no\/wp-content\/uploads\/2025\/09\/83434773.webp\" width=\"980\" height=\"441\" title=\"Zara f\u00e5r reklame-nekt for \u00abusunt tynne\u00bb modeller\" alt=\"\" class=\"lazyload\" style=\"--aspect-ratio-image: 2.22; \"\/><\/p>\n<p>        Zara f\u00e5r reklame-nekt for \u00abusunt tynne\u00bb modeller<\/p>\n<p>    <\/a><\/p>\n<p class=\"font-weight-bold m-font-weight-bold\" data-lab-font_weight=\"font-weight-bold\">Motens viktigste oppgave er \u00e5 speile samtiden, og p\u00e5 sitt beste er den ogs\u00e5 en til tider noks\u00e5 treffende kommentar.\u00a0<\/p>\n<p class=\"font-weight-bold m-font-weight-bold\" data-lab-font_weight=\"font-weight-bold\">Kl\u00e6r er kommunikasjon og kl\u00e6r er makt.<\/p>\n<p class=\"font-weight-bold m-font-weight-bold\" data-lab-font_weight=\"font-weight-bold\">\u00c5 se bak det \u00e5penbare kan nemlig v\u00e6re sv\u00e6rt interessant. For la det v\u00e6re sagt:<\/p>\n<p class=\"font-weight-bold m-font-weight-bold\" data-lab-font_weight=\"font-weight-bold\">Det er ikke tilfeldig hva de har p\u00e5 seg.\u00a0<\/p>\n<p>          <img loading=\"lazy\" decoding=\"async\" src=\"https:\/\/www.europesays.com\/no\/wp-content\/uploads\/2025\/09\/83594005.webp\" width=\"980\" height=\"1470\" title=\"P\u00c5 R\u00d8D L\u00d8PER: Michelle Williams dukket opp p\u00e5 den r\u00f8de l\u00f8peren i vintage Chanel. Foto: NTB.\" alt=\"\" class=\"\" style=\"--aspect-ratio-image: 0.67; \"\/><\/p>\n<p>\n          P\u00c5 R\u00d8D L\u00d8PER: Michelle Williams dukket opp p\u00e5 den r\u00f8de l\u00f8peren i vintage Chanel. Foto: NTB.\n      <\/p>\n<p class=\"font-weight-bold m-font-weight-bold\" data-lab-font_weight=\"font-weight-bold\">S\u00e5 derfor b\u00f8r man sp\u00f8rre \u2013 og grave:<\/p>\n<p class=\"font-weight-bold m-font-weight-bold\" data-lab-font_weight=\"font-weight-bold\">Hvilke signaler sender antrekket?\u00a0<\/p>\n<p class=\"font-weight-bold m-font-weight-bold\" data-lab-font_weight=\"font-weight-bold\">Hva med valget av designer og merke?\u00a0<\/p>\n<p>    <a itemprop=\"url\" href=\"https:\/\/www.kk.no\/mote\/det-utskjelte-undertoysshowet-er-tilbake\/83410203\" rel=\"nofollow noopener\" target=\"_blank\"><\/p>\n<p>      <img loading=\"lazy\" decoding=\"async\" src=\"https:\/\/www.europesays.com\/no\/wp-content\/uploads\/2025\/09\/83410235.webp\" width=\"980\" height=\"441\" title=\"Det utskjelte undert\u00f8ysshowet er tilbake\" alt=\"\" class=\"lazyload\" style=\"--aspect-ratio-image: 2.22; \"\/><\/p>\n<p>        Det utskjelte undert\u00f8ysshowet er tilbake <\/p>\n<p>    <\/a><\/p>\n<p class=\"font-weight-bold m-font-weight-bold\" data-lab-font_weight=\"font-weight-bold\">Har de g\u00e5tt i arkivene? Er det vintage? Gjenbruk? Har vi sett det f\u00f8r? Er det et nikk til noen, til fordums tider, en hyllest til en d\u00f8d designer? Hva med detaljene? Tilbeh\u00f8ret? H\u00e5ret? Sminken?\u00a0<\/p>\n<p class=\"font-weight-bold m-font-weight-bold\" data-lab-font_weight=\"font-weight-bold\">\u00c5 se n\u00e6rmere p\u00e5 moteh\u00f8ydepunktene.<\/p>\n<p class=\"font-weight-normal m-font-weight-normal\" data-lab-font_weight=\"font-weight-normal\">\u00c5 k\u00e5re eller rangere \u00abbest kledde\u00bb kan utvilsomt v\u00e6re problematisk. Jeg ser den.<\/p>\n<p>          <img loading=\"lazy\" decoding=\"async\" src=\"https:\/\/www.europesays.com\/no\/wp-content\/uploads\/2025\/09\/83594000.webp\" width=\"980\" height=\"1657\" title=\"STJERNEKLART: Kathy Bastes p\u00e5 r\u00f8d l\u00f8per under nattens prisutdeling. Foto: NTB.\" alt=\"\" class=\"\" style=\"--aspect-ratio-image: 0.59; \"\/><\/p>\n<p>\n          STJERNEKLART: Kathy Bastes p\u00e5 r\u00f8d l\u00f8per under nattens prisutdeling. Foto: NTB.\n      <\/p>\n<p class=\"font-weight-bold m-font-weight-bold\" data-lab-font_weight=\"font-weight-bold\">Men vet du hva som er langt verre?<\/p>\n<p class=\"font-weight-bold m-font-weight-bold\" data-lab-font_weight=\"font-weight-bold\">\u00c5 k\u00e5re de som ikke var like heldige.\u00a0<\/p>\n<p class=\"font-weight-bold m-font-weight-bold\" data-lab-font_weight=\"font-weight-bold\">Verst kledde-lister var en lenge en tradisjon i internasjonal motepresse.<\/p>\n<p>    <a itemprop=\"url\" href=\"https:\/\/www.kk.no\/mote\/leserstorm-vanskelig-a-skille-det-ekte-fra-det-uekte\/83400559\" rel=\"nofollow noopener\" target=\"_blank\"><\/p>\n<p>      <img loading=\"lazy\" decoding=\"async\" src=\"https:\/\/www.europesays.com\/no\/wp-content\/uploads\/2025\/09\/83400568.webp\" width=\"980\" height=\"441\" title=\"Leserstorm: \u2013 Etter hvert vanskelig \u00e5 skille det ekte fra det uekte\" alt=\"\" class=\"lazyload\" style=\"--aspect-ratio-image: 2.22; \"\/><\/p>\n<p>        Leserstorm: \u2013 Etter hvert vanskelig \u00e5 skille det ekte fra det uekte<\/p>\n<p>    <\/a><\/p>\n<p class=\"font-weight-normal m-font-weight-normal\" data-lab-font_weight=\"font-weight-normal\">Det startet for mer enn 60 \u00e5r siden.\u00a0<\/p>\n<p class=\"font-weight-normal m-font-weight-normal\" data-lab-font_weight=\"font-weight-normal\">Her hjemme er ikke det like vanlig lenger.<\/p>\n<p class=\"font-weight-bold m-font-weight-bold\" data-lab-font_weight=\"font-weight-bold\">Takk og pris, f\u00e5r man vel kanskje si.\u00a0<\/p>\n<p class=\"font-weight-bold m-font-weight-bold\" data-lab-font_weight=\"font-weight-bold\">For mote-mobbing skal vi slutte med.\u00a0<\/p>\n<p class=\"font-weight-bold m-font-weight-bold\" data-lab-font_weight=\"font-weight-bold\">Og det g\u00e5r alltid verst utover kvinner.<\/p>\n<p class=\"font-weight-bold m-font-weight-bold\" data-lab-font_weight=\"font-weight-bold\">Jeg er skyldig i det selv; \u00c5 v\u00e6re med p\u00e5 \u00e5 k\u00e5re \u00abverst kledde\u00bb etter store gallaer og prisutdelinger. Internasjonalt, riktignok. Og for noks\u00e5 mange \u00e5r siden.<\/p>\n<p class=\"font-weight-normal m-font-weight-normal\" data-lab-font_weight=\"font-weight-normal\">Men likevel.\u00a0<\/p>\n<p class=\"font-weight-bold m-font-weight-bold\" data-lab-font_weight=\"font-weight-bold\">Det er problematisk fordi det skaper et giftig milj\u00f8 rundt kvinners utseende.\u00a0<\/p>\n<p>    <a itemprop=\"url\" href=\"https:\/\/www.kk.no\/mote\/taper-millioner-etter-avsloringene-1\/83381780\" rel=\"nofollow noopener\" target=\"_blank\"><\/p>\n<p>      <img loading=\"lazy\" decoding=\"async\" src=\"https:\/\/www.europesays.com\/no\/wp-content\/uploads\/2025\/09\/83381837.webp\" width=\"980\" height=\"441\" title=\"Taper millioner etter avsl\u00f8ringene\" alt=\"\" class=\"lazyload\" style=\"--aspect-ratio-image: 2.22; \"\/><\/p>\n<p>        Taper millioner etter avsl\u00f8ringene<\/p>\n<p>    <\/a><\/p>\n<p class=\"font-weight-bold m-font-weight-bold\" data-lab-font_weight=\"font-weight-bold\">I disse dager er det det siste vi trenger.<\/p>\n<p class=\"font-weight-normal m-font-weight-normal\" data-lab-font_weight=\"font-weight-normal\">Flere har allerede tatt til motm\u00e6le. B\u00e5de her hjemme og ikke minst internasjonalt.<\/p>\n<p class=\"font-weight-normal m-font-weight-normal\" data-lab-font_weight=\"font-weight-normal\">\u00abLa oss f\u00e5 en slutt p\u00e5 &#8216;verst kledde&#8217;-lister en gang for alle\u00bb, skriver motenettstedet <a href=\"https:\/\/graziadaily.co.uk\/celebrity\/red-carpet\/end-worst-dressed-lists\/\" rel=\"nofollow noopener\" target=\"_blank\">Grazia<\/a> i kj\u00f8lvannet av nattens Emmys.\u00a0<\/p>\n<p>          <img loading=\"lazy\" decoding=\"async\" src=\"https:\/\/www.europesays.com\/no\/wp-content\/uploads\/2025\/09\/83594004.webp\" width=\"980\" height=\"1470\" title=\"MOTEM\u00d8TE: Kathryn Hahn er en av mange stjerner som tok turen innom den r\u00f8de l\u00f8peren f\u00f8r prisutdelingen. Foto: NTB.\" alt=\"\" class=\"\" style=\"--aspect-ratio-image: 0.67; \"\/><\/p>\n<p>\n          MOTEM\u00d8TE: Kathryn Hahn er en av mange stjerner som tok turen innom den r\u00f8de l\u00f8peren f\u00f8r prisutdelingen. Foto: NTB.\n      <\/p>\n<p class=\"font-weight-bold m-font-weight-bold\" data-lab-font_weight=\"font-weight-bold\">Ja, la oss. For er det ikke p\u00e5 h\u00f8y tid n\u00e5?\u00a0<\/p>\n<p class=\"font-weight-bold m-font-weight-bold\" data-lab-font_weight=\"font-weight-bold\">Det er mobbing, ikke underholdning.\u00a0<\/p>\n<p class=\"font-weight-bold m-font-weight-bold\" data-lab-font_weight=\"font-weight-bold\">Men det betyr ikke at vi skal slutte \u00e5 snakke om mote. For all del. For mote er mer enn bare kl\u00e6r. Det er bare det at selve utgangspunktet \u2013 moten selv \u2013gjerne blir oppfattet som noe overfladisk, p\u00e5klistret og uinteressant.<\/p>\n<p>    <a itemprop=\"url\" href=\"https:\/\/www.kk.no\/mote\/absurd-flashing-av-rikdom-og-makt\/83257272\" rel=\"nofollow noopener\" target=\"_blank\"><\/p>\n<p>      <img loading=\"lazy\" decoding=\"async\" src=\"https:\/\/www.europesays.com\/no\/wp-content\/uploads\/2025\/09\/83286101.webp\" width=\"980\" height=\"441\" title=\"\u2013 Absurd flashing av rikdom og makt\" alt=\"\" class=\"lazyload\" style=\"--aspect-ratio-image: 2.22; \"\/><\/p>\n<p>        \u2013 Absurd flashing av rikdom og makt<\/p>\n<p>    <\/a><\/p>\n<p class=\"font-weight-normal m-font-weight-normal\" data-lab-font_weight=\"font-weight-normal\">Da blir diskursen rundt mote og kl\u00e6r tilsvarende. Dessverre. Og det er synd.\u00a0<\/p>\n<p class=\"font-weight-bold m-font-weight-bold\" data-lab-font_weight=\"font-weight-bold\">Hvis vi ser nattens \u00abnakenkjoler\u00bb som noe mer enn bare kl\u00e6r; som en langfinger til den konservative moten for eksempel \u2013 som igjen er et resultat av vinden som bl\u00e5ser fra h\u00f8yre n\u00e5 \u2013 eller som et slags feministisk uttrykk i et fors\u00f8k p\u00e5 \u00e5 ta tilbake kontrollen over egen kropp i en tid der vi stadig m\u00e5 kjempe for kvinners rettigheter, s\u00e5 blir det jo med ett langt mer interessant.<\/p>\n<p>          <img loading=\"lazy\" decoding=\"async\" src=\"https:\/\/www.europesays.com\/no\/wp-content\/uploads\/2025\/09\/83593999.webp\" width=\"980\" height=\"1490\" title=\"I FINSTASEN: Cate Blanchett i dress \u2013 en av nattens store trender. Det er ikke tilfeldig. Foto: NTB.\" alt=\"\" class=\"\" style=\"--aspect-ratio-image: 0.66; \"\/><\/p>\n<p>\n          I FINSTASEN: Cate Blanchett i dress \u2013 en av nattens store trender. Det er ikke tilfeldig. Foto: NTB.\n      <\/p>\n<p class=\"font-weight-bold m-font-weight-bold\" data-lab-font_weight=\"font-weight-bold\">Det kan selvsagt v\u00e6re s\u00e5 enkelt som at den kontroversielle nakenkjolen trender n\u00e5. Men det tror jeg ikke. For moten eksisterer sjeldent i et vakuum. Den er uttrykk for tiden vi lever i. S\u00e5 derfor:\u00a0<\/p>\n<p>    <a itemprop=\"url\" href=\"https:\/\/www.kk.no\/mote\/den-ikoniske-kjolen-har-en-kontroversiell-fortid\/73633781\" rel=\"nofollow noopener\" target=\"_blank\"><\/p>\n<p>      <img loading=\"lazy\" decoding=\"async\" src=\"https:\/\/www.europesays.com\/no\/wp-content\/uploads\/2025\/09\/1757996490_454_83205492.webp\" width=\"980\" height=\"441\" title=\"Den ikoniske kjolen har en kontroversiell fortid\" alt=\"\" class=\"lazyload\" style=\"--aspect-ratio-image: 2.22; \"\/><\/p>\n<p>        Den ikoniske kjolen har en kontroversiell fortid<\/p>\n<p>    <\/a><\/p>\n<p class=\"font-weight-bold m-font-weight-bold\" data-lab-font_weight=\"font-weight-bold\">Det er p\u00e5 tide at vi begynner \u00e5 snakke smartere om mote. Det vil forh\u00e5pentligvis ogs\u00e5 l\u00f8fte faget ytterligere. Det er i alle fall lov \u00e5 h\u00e5pe.<\/p>\n<p>    <a itemprop=\"url\" href=\"https:\/\/www.kk.no\/mote\/reklamen-skaper-kritikk-ren-nazipropaganda\/83407983\" rel=\"nofollow noopener\" target=\"_blank\"><\/p>\n<p>      <img loading=\"lazy\" decoding=\"async\" src=\"https:\/\/www.europesays.com\/no\/wp-content\/uploads\/2025\/09\/83408078.webp\" width=\"980\" height=\"441\" title=\"Reklamen f\u00e5r folk til \u00e5 se r\u00f8dt\" alt=\"\" class=\"lazyload\" style=\"--aspect-ratio-image: 2.22; \"\/><\/p>\n<p>        Reklamen f\u00e5r folk til \u00e5 se r\u00f8dt<\/p>\n<p>    <\/a><\/p>\n<p>            <img loading=\"lazy\" decoding=\"async\" src=\"https:\/\/www.europesays.com\/no\/wp-content\/uploads\/2025\/09\/1757996492_330_81574720.webp\" width=\"206\" height=\"384\" title=\"Har du et tips til meg?\" alt=\"\" class=\"\" style=\"--aspect-ratio-image: 0.54; \"\/><\/p>\n<p>        Har du et tips til meg?<\/p>\n<p class=\"subtitle\">Hei, jeg heter Ida Elise Eide Einarsd\u00f3ttir og er mote- og skj\u00f8nnhetsansvarlig i KK. Har du et tips til meg eller noe du vil jeg skal skrive om? Send meg en mail ved \u00e5 trykke p\u00e5 knappen under:<\/p>\n","protected":false},"excerpt":{"rendered":"Emmy Awards 2025 P\u00e5 tide \u00e5 legge \u00abtradisjonen\u00bb d\u00f8d, mener KKs moteansvarlig. TONED\u00d8VT: Kjendisene m\u00e5 under lupen hver&hellip;\n","protected":false},"author":2,"featured_media":36486,"comment_status":"","ping_status":"","sticky":false,"template":"","format":"standard","meta":{"footnotes":""},"categories":[5],"tags":[5827,20,21,4769,24,25,15,19,4621,479,22,23,17,18,4024,5824,13,30,28,29,14,16,5825,26,27,72,5826],"class_list":{"0":"post-36485","1":"post","2":"type-post","3":"status-publish","4":"format-standard","5":"has-post-thumbnail","7":"category-overskrifter","8":"tag-best-kledd","9":"tag-breaking-news","10":"tag-breakingnews","11":"tag-emmy-awards","12":"tag-featured-news","13":"tag-featurednews","14":"tag-headlines","15":"tag-hovedoppslag","16":"tag-ida-elise-eide-einarsdottir","17":"tag-kjendis","18":"tag-latest-news","19":"tag-latestnews","20":"tag-main-news","21":"tag-mainnews","22":"tag-mote","23":"tag-motejournalist","24":"tag-news","25":"tag-no","26":"tag-norge","27":"tag-norway","28":"tag-nyheter","29":"tag-overskrifter","30":"tag-rod-loper","31":"tag-top-stories","32":"tag-topstories","33":"tag-underholdning","34":"tag-verst-kledd"},"share_on_mastodon":{"url":"","error":""},"_links":{"self":[{"href":"https:\/\/www.europesays.com\/no\/wp-json\/wp\/v2\/posts\/36485","targetHints":{"allow":["GET"]}}],"collection":[{"href":"https:\/\/www.europesays.com\/no\/wp-json\/wp\/v2\/posts"}],"about":[{"href":"https:\/\/www.europesays.com\/no\/wp-json\/wp\/v2\/types\/post"}],"author":[{"embeddable":true,"href":"https:\/\/www.europesays.com\/no\/wp-json\/wp\/v2\/users\/2"}],"replies":[{"embeddable":true,"href":"https:\/\/www.europesays.com\/no\/wp-json\/wp\/v2\/comments?post=36485"}],"version-history":[{"count":0,"href":"https:\/\/www.europesays.com\/no\/wp-json\/wp\/v2\/posts\/36485\/revisions"}],"wp:featuredmedia":[{"embeddable":true,"href":"https:\/\/www.europesays.com\/no\/wp-json\/wp\/v2\/media\/36486"}],"wp:attachment":[{"href":"https:\/\/www.europesays.com\/no\/wp-json\/wp\/v2\/media?parent=36485"}],"wp:term":[{"taxonomy":"category","embeddable":true,"href":"https:\/\/www.europesays.com\/no\/wp-json\/wp\/v2\/categories?post=36485"},{"taxonomy":"post_tag","embeddable":true,"href":"https:\/\/www.europesays.com\/no\/wp-json\/wp\/v2\/tags?post=36485"}],"curies":[{"name":"wp","href":"https:\/\/api.w.org\/{rel}","templated":true}]}}