{"id":36517,"date":"2025-09-16T05:17:22","date_gmt":"2025-09-16T05:17:22","guid":{"rendered":"https:\/\/www.europesays.com\/no\/36517\/"},"modified":"2025-09-16T05:17:22","modified_gmt":"2025-09-16T05:17:22","slug":"karsten-warholm-kontrollert-til-semifinale-i-friidretts-vm","status":"publish","type":"post","link":"https:\/\/www.europesays.com\/no\/36517\/","title":{"rendered":"Karsten Warholm kontrollert til semifinale i friidretts-VM"},"content":{"rendered":"<p>  Karsten Warholm (29) hadde ingen problemer med \u00e5 sikre seg plass i onsdagens semifinale p\u00e5 400 meter hekk under VM i friidrett i Japan.<\/p>\n<p>\n    Karsten Warholm f\u00f8r kvalifiseringen p\u00e5 400 meter hekk i VM i Tokyo mandag. Foto: Heiko Junge \/ NTB\n  <\/p>\n<p>29-\u00e5ringen l\u00f8p i det tredje fors\u00f8ksheatet mandag. De fire beste i hvert heat samt de fire beste tidene tok seg videre til semifinalene.<\/p>\n<p>Warholm tok det pent gjennom hele l\u00f8pet og ble nummer tre i heatet p\u00e5 48,56. Brasils Matheus Lima vant med 48,15.<\/p>\n<p>\u2013 Jeg l\u00e6rte av fjor\u00e5ret at jeg ikke skulle l\u00f8pe s\u00e5 fort i f\u00f8rste runde. Jeg tror det kan bli en fin tid i semifinalen. Jeg sparte litt for \u00e5 ha litt \u00e5 g\u00e5 med onsdag, sa Warholm til NRK.<\/p>\n<p>          <img loading=\"lazy\" decoding=\"async\" src=\"https:\/\/www.europesays.com\/no\/wp-content\/uploads\/2025\/09\/83595036.webp\" width=\"686\" height=\"433\" title=\"Karsten Warholm konstaterer at han er videre i til semifinalen i friidretts-VM. Foto: Heiko Junge \/ NTB\" alt=\"\" class=\"\" style=\"--aspect-ratio-image: 1.58; \"\/><\/p>\n<p>\n          Karsten Warholm konstaterer at han er videre i til semifinalen i friidretts-VM. Foto: Heiko Junge \/ NTB\n      <\/p>\n<p>Qatars Abderrahman Samba vant det f\u00f8rste heatet p\u00e5 48,03. I heat nummer to var Bessem Heimeioda fra Qatar best med 48,43. Ikke uventet gikk Brasils Alison dos Santos ogs\u00e5 videre som nummer to med 48,48.<\/p>\n<p>Favoritter\t<\/p>\n<p>Dos Santos er blant de st\u00f8rste gullfavorittene sammen med Warholm og amerikanske Rai Benjamin. Benjamin vant enkelt sitt fors\u00f8ksheat mandag p\u00e5 48,15. Det siste fors\u00f8ksheatet ble vunnet av Nigerias Ezekiel Nathaniel p\u00e5 48,37.<\/p>\n<p>Warholm satte \u00e5rsbeste i verden da han klokket inn til 46,28 i et stevne i Polen 16. august. Det er den nest beste tiden Warholm har p\u00e5 distansen.<\/p>\n<p>    <a itemprop=\"url\" href=\"https:\/\/sol.no\/nyheter\/finanstilsynet-ski-vm-i-trondheim-brot-loven\/83594177\" rel=\"nofollow noopener\" target=\"_blank\"><\/p>\n<p>      <img loading=\"lazy\" decoding=\"async\" src=\"https:\/\/www.europesays.com\/no\/wp-content\/uploads\/2025\/09\/83594274.webp\" width=\"980\" height=\"441\" title=\"Finanstilsynet: Ski-VM i Trondheim br\u00f8t loven\" alt=\"\" class=\"lazyload\" style=\"--aspect-ratio-image: 2.22; \"\/><\/p>\n<p>        Finanstilsynet: Ski-VM i Trondheim br\u00f8t loven<\/p>\n<p>sol.no<\/p>\n<p>    <\/a><\/p>\n<p>Semifnaletrekningen ble gunstig for Warholm. Han l\u00f8per i bane fire i det f\u00f8rste av tre semifinaleheat. Der slipper han \u00e5 m\u00f8te b\u00e5de Dos Santos og Benjamin og f\u00e5r ventelig hardest motstand av Samba fra Qatar.<\/p>\n<p>De to beste fra hvert heat samt de to beste tidene avanserer til fredagens finale.<\/p>\n<p>Kjente trakter\t<\/p>\n<p>Gullh\u00e5pet er langt fra ukjent med friidrettsstadionet i Tokyo fra f\u00f8r. 3. august i 2021 var det OL-finale p\u00e5 400 meter hekk, og den da 25 \u00e5r gamle sunnm\u00f8ringen suste inn seier p\u00e5 den sensasjonelle verdensrekorden 45,94.<\/p>\n<p>Det var f\u00f8rste gang det ble l\u00f8pt p\u00e5 under 46 blank p\u00e5 distansen. I etterkant gikk det ikoniske seiersbildet av ham i \u00abSkrik-positur\u00bb viralt.<\/p>\n<p>Warholm er ogs\u00e5 regjerende verdensmester p\u00e5 400 meter hekk i Budapest i 2023. Hekkel\u00f8peren ble ogs\u00e5 verdensmester i Doha i 2019 og i London i 2017.<\/p>\n<p>Under VM i Eugene i 2022 var Warholm tilbake etter en lang skadeperiode, og det endte med 7.-plass etter at han stivnet p\u00e5 oppl\u00f8pet.<\/p>\n","protected":false},"excerpt":{"rendered":"Karsten Warholm (29) hadde ingen problemer med \u00e5 sikre seg plass i onsdagens semifinale p\u00e5 400 meter hekk&hellip;\n","protected":false},"author":2,"featured_media":36518,"comment_status":"","ping_status":"","sticky":false,"template":"","format":"standard","meta":{"footnotes":""},"categories":[59],"tags":[5788,423,2196,30,28,29,14,83,82,2975],"class_list":{"0":"post-36517","1":"post","2":"type-post","3":"status-publish","4":"format-standard","5":"has-post-thumbnail","7":"category-sport","8":"tag-400-meter-hekk","9":"tag-friidrett","10":"tag-karsten-warholm","11":"tag-no","12":"tag-norge","13":"tag-norway","14":"tag-nyheter","15":"tag-sport","16":"tag-sports","17":"tag-tokyo"},"share_on_mastodon":{"url":"","error":""},"_links":{"self":[{"href":"https:\/\/www.europesays.com\/no\/wp-json\/wp\/v2\/posts\/36517","targetHints":{"allow":["GET"]}}],"collection":[{"href":"https:\/\/www.europesays.com\/no\/wp-json\/wp\/v2\/posts"}],"about":[{"href":"https:\/\/www.europesays.com\/no\/wp-json\/wp\/v2\/types\/post"}],"author":[{"embeddable":true,"href":"https:\/\/www.europesays.com\/no\/wp-json\/wp\/v2\/users\/2"}],"replies":[{"embeddable":true,"href":"https:\/\/www.europesays.com\/no\/wp-json\/wp\/v2\/comments?post=36517"}],"version-history":[{"count":0,"href":"https:\/\/www.europesays.com\/no\/wp-json\/wp\/v2\/posts\/36517\/revisions"}],"wp:featuredmedia":[{"embeddable":true,"href":"https:\/\/www.europesays.com\/no\/wp-json\/wp\/v2\/media\/36518"}],"wp:attachment":[{"href":"https:\/\/www.europesays.com\/no\/wp-json\/wp\/v2\/media?parent=36517"}],"wp:term":[{"taxonomy":"category","embeddable":true,"href":"https:\/\/www.europesays.com\/no\/wp-json\/wp\/v2\/categories?post=36517"},{"taxonomy":"post_tag","embeddable":true,"href":"https:\/\/www.europesays.com\/no\/wp-json\/wp\/v2\/tags?post=36517"}],"curies":[{"name":"wp","href":"https:\/\/api.w.org\/{rel}","templated":true}]}}