{"id":36519,"date":"2025-09-16T05:19:10","date_gmt":"2025-09-16T05:19:10","guid":{"rendered":"https:\/\/www.europesays.com\/no\/36519\/"},"modified":"2025-09-16T05:19:10","modified_gmt":"2025-09-16T05:19:10","slug":"glem-iphone-17-dette-er-de-neste-10-apple-produktene-som-ryktes-a-vaere-i-anmarsj","status":"publish","type":"post","link":"https:\/\/www.europesays.com\/no\/36519\/","title":{"rendered":"Glem iPhone 17 \u2013 dette er de neste 10 Apple-produktene som ryktes \u00e5 v\u00e6re i anmarsj"},"content":{"rendered":"<ul id=\"d0dc72a3-3bdc-40a8-8f8c-da3733f42fb4\">\n<li><strong>Bloombergs Mark Gurman har lagt frem Apples fremtidige veikart<\/strong><\/li>\n<li><strong>Vi har 10 produktlanseringer som er ventet i l\u00f8pet av de neste m\u00e5nedene<\/strong><\/li>\n<li><strong>Den neste enheten vi ser kan v\u00e6re den M5-drevne iPad Pro<\/strong><\/li>\n<\/ul>\n<p id=\"788cbdda-da26-4583-95c6-effa1576cb58\">Forrige uke handlet alt om <a data-analytics-id=\"inline-link\" href=\"https:\/\/global.techradar.com\/no-no\/phones\/iphone\/jeg-har-testet-iphone-17-og-det-kan-vaere-den-beste-basismodellen-av-iphone-pa-mange-ar\" target=\"_blank\" data-url=\"https:\/\/global.techradar.com\/no-no\/phones\/iphone\/jeg-har-testet-iphone-17-og-det-kan-vaere-den-beste-basismodellen-av-iphone-pa-mange-ar\" data-hl-processed=\"none\" data-before-rewrite-localise=\"https:\/\/global.techradar.com\/no-no\/phones\/iphone\/jeg-har-testet-iphone-17-og-det-kan-vaere-den-beste-basismodellen-av-iphone-pa-mange-ar\" rel=\"nofollow noopener\">iPhone 17<\/a> og de tre andre smarttelefonmodellene lansert av <a data-analytics-id=\"inline-link\" href=\"https:\/\/global.techradar.com\/no-no\/tag\/apple\" data-auto-tag-linker=\"true\" data-url=\"https:\/\/global.techradar.com\/no-no\/tag\/apple\" data-hl-processed=\"none\" data-before-rewrite-localise=\"https:\/\/global.techradar.com\/no-no\/tag\/apple\" rel=\"nofollow noopener\" target=\"_blank\">Apple<\/a>, men det er mange flere enheter p\u00e5 vei i de kommende m\u00e5nedene \u2013 noe som er avsl\u00f8rt av en av de mer p\u00e5litelige tipserne i bransjen.<\/p>\n<p>Bloombergs Mark Gurman kan vanligvis stoles p\u00e5 for n\u00f8yaktige Apple-rykter, og i sitt seneste <a data-analytics-id=\"inline-link\" href=\"https:\/\/www.bloomberg.com\/news\/newsletters\/2025-09-14\/apple-pitches-a-return-to-design-roots-six-years-after-jony-ive-exit-2026-plan\" target=\"_blank\" data-url=\"https:\/\/www.bloomberg.com\/news\/newsletters\/2025-09-14\/apple-pitches-a-return-to-design-roots-six-years-after-jony-ive-exit-2026-plan\" referrerpolicy=\"no-referrer-when-downgrade\" data-hl-processed=\"none\" rel=\"nofollow noopener\">Power On-nyhetsbrev<\/a> legger han frem veikartet etter iPhone 17, som tar oss gjennom resten av 2025 og inn i f\u00f8rste del av 2026.<\/p>\n<p><a id=\"elk-seasonal\" data-url=\"\" href=\"\" data-hl-processed=\"none\"\/><\/p>\n<p id=\"788cbdda-da26-4583-95c6-effa1576cb58-2\">F\u00f8rst ute er en <a data-analytics-id=\"inline-link\" href=\"https:\/\/www.techradar.com\/tablets\/ipad-pro\/the-m5-powered-oled-ipad-pro-is-tipped-to-launch-before-the-end-of-2025\" target=\"_blank\" rel=\"nofollow noopener\">ny iPad Pro<\/a>, med <a data-analytics-id=\"inline-link\" href=\"https:\/\/global.techradar.com\/no-no\/tag\/oled\" data-auto-tag-linker=\"true\" data-url=\"https:\/\/global.techradar.com\/no-no\/tag\/oled\" data-hl-processed=\"none\" data-before-rewrite-localise=\"https:\/\/global.techradar.com\/no-no\/tag\/oled\" rel=\"nofollow noopener\" target=\"_blank\">OLED<\/a>-skjerm og drevet av en M5-brikke: Gurman tror den kan lanseres s\u00e5 tidlig som i oktober. Etter det er tidsplanen mindre fast, men en mindre oppdatering til <a data-analytics-id=\"inline-link\" href=\"https:\/\/www.techradar.com\/computing\/virtual-reality-augmented-reality\/apple-vision-pro-review-the-spatial-computing-revolution-is-here-and-i-love-itApple%20Vision%20Pro\" target=\"_blank\" rel=\"nofollow noopener\">Apple Vision Pro<\/a> og en etterf\u00f8lger til <a data-analytics-id=\"inline-link\" href=\"https:\/\/www.techradar.com\/reviews\/apple-airtag-review\" target=\"_blank\" rel=\"nofollow noopener\">Apple AirTag<\/a> nevnes deretter.<\/p>\n<p>Du kan like<\/p>\n<p>Deretter kan vi se frem til en oppdatert Apple TV-boks, med forbedret ytelse og nettverksmuligheter, pluss Apple Intelligence. Lignende oppgraderinger ventes \u00e5 komme til <a data-analytics-id=\"inline-link\" href=\"https:\/\/www.techradar.com\/audio\/homepod-mini-2-all-the-latest-rumors-everything-weve-heard-so-far-and-5-things-we-want-to-see\" target=\"_blank\" rel=\"nofollow noopener\">en ny HomePod mini<\/a>, som kan dukke opp omtrent samtidig.<\/p>\n<p><a id=\"elk-3dea06be-4229-4677-8e2c-5410729ceb34\" data-url=\"\" href=\"\" data-hl-processed=\"none\"\/>Det fortsetter i 2026<\/p>\n<p class=\"vanilla-image-block\" style=\"padding-top:56.25%;\">\n<p><img decoding=\"async\" src=\"https:\/\/www.europesays.com\/no\/wp-content\/uploads\/2025\/09\/KmzuZ72magc4uQsZucnB2n.jpg\" alt=\"13&quot; M4 MacBook Air i bl&amp;aring;tt\"   loading=\"lazy\" data-new-v2-image=\"true\" data-original-mos=\"https:\/\/www.europesays.com\/no\/wp-content\/uploads\/2025\/09\/KmzuZ72magc4uQsZucnB2n.jpg\" data-pin-media=\"https:\/\/www.europesays.com\/no\/wp-content\/uploads\/2025\/09\/KmzuZ72magc4uQsZucnB2n.jpg\"\/>\n<\/p>\n<p>Vent deg ogs\u00e5 en ny oppdatering av MacBook Air (Image credit: Apple)<\/p>\n<p id=\"4b331afe-9e6e-4aa4-a349-ff607c3e6736\">Fortsetter vi til 2026, sp\u00e5r Gurman at en <a data-analytics-id=\"inline-link\" href=\"https:\/\/www.techradar.com\/computing\/bad-news-apple-fans-the-m5-macbook-pro-may-not-launch-until-2026\" target=\"_blank\" rel=\"nofollow noopener\">M5-drevet MacBook Pro<\/a> vil dukke opp \u00abtidlig neste \u00e5r\u00bb. MacBook Air-ene vil deretter f\u00e5 sin egen M5-oppgradering, etterfulgt av <a data-analytics-id=\"inline-link\" href=\"https:\/\/www.techradar.com\/computing\/macbooks\/apple-macbook-air-13-inch-m4\" target=\"_blank\" rel=\"nofollow noopener\">M4 MacBook Air<\/a> som ble lansert tidligere i \u00e5r.<\/p>\n<p>De tre siste produktene er en ny ekstern Mac-skjerm \u2013 Apples skjermserie fikk sist en oppdatering i 2022 \u2013 deretter en iPhone 17e som skal overta etter <a data-analytics-id=\"inline-link\" href=\"https:\/\/global.techradar.com\/no-no\/phones\/iphone\/test-iphone-16e\" target=\"_blank\" data-url=\"https:\/\/global.techradar.com\/no-no\/phones\/iphone\/test-iphone-16e\" data-hl-processed=\"none\" data-before-rewrite-localise=\"https:\/\/global.techradar.com\/no-no\/phones\/iphone\/test-iphone-16e\" rel=\"nofollow noopener\">iPhone 16e<\/a>, og smarthjem-huben som <a data-analytics-id=\"inline-link\" href=\"https:\/\/www.techradar.com\/home\/smart-home\/apples-ai-smart-home-hub-could-launch-this-year-here-are-4-things-to-expect\" target=\"_blank\" rel=\"nofollow noopener\">det tidligere har g\u00e5tt rykter om<\/a>.<\/p>\n<p>N\u00e5r vi har kommet oss gjennom alt dette, er det p\u00e5 tide \u00e5 begynne \u00e5 tenke p\u00e5 iPhone 18-serien. <a data-analytics-id=\"inline-link\" href=\"https:\/\/www.techradar.com\/phones\/iphone\/huge-iphone-17-air-news-teased-in-new-report-3-things-you-need-to-know\" target=\"_blank\" rel=\"nofollow noopener\">Det g\u00e5r rykter<\/a> om at iPhone 18-lanseringen faktisk kan bli delt mellom 2026 og 2027, der forskjellige modeller lanseres p\u00e5 forskjellige tidspunkter.<\/p>\n<p class=\"newsletter-form__strapline\">Registrer deg for siste nytt, anmeldelser, meninger, toppteknologiske tilbud og mer.<\/p>\n<p>Selvf\u00f8lgelig er ingenting av dette bekreftet f\u00f8r Apple gj\u00f8r det offisielt, men disse sp\u00e5dommene kommer fra en p\u00e5litelig kilde og <a data-analytics-id=\"inline-link\" href=\"https:\/\/www.techradar.com\/tablets\/ipad-pro\/the-biggest-change-in-the-next-ipad-pro-could-be-the-addition-of-an-extra-camera-heres-why\" target=\"_blank\" rel=\"nofollow noopener\">samsvarer med andre lekkasjer<\/a>. Hvis du \u00f8nsker \u00e5 oppgradere Apple-enhetene dine i l\u00f8pet av de neste 12 m\u00e5nedene, burde du kanskje begynne \u00e5 spare.<\/p>\n<p><a id=\"elk-videre-lesning\" data-url=\"\" href=\"\" data-hl-processed=\"none\"\/>Videre lesning<\/p>\n","protected":false},"excerpt":{"rendered":"Bloombergs Mark Gurman har lagt frem Apples fremtidige veikart Vi har 10 produktlanseringer som er ventet i l\u00f8pet&hellip;\n","protected":false},"author":2,"featured_media":36520,"comment_status":"","ping_status":"","sticky":false,"template":"","format":"standard","meta":{"footnotes":""},"categories":[57],"tags":[30,28,29,65,63,64,66,70,69,67,68],"class_list":{"0":"post-36519","1":"post","2":"type-post","3":"status-publish","4":"format-standard","5":"has-post-thumbnail","7":"category-vitenskap-og-teknologi","8":"tag-no","9":"tag-norge","10":"tag-norway","11":"tag-science","12":"tag-science-and-technology","13":"tag-scienceandtechnology","14":"tag-technology","15":"tag-teknologi","16":"tag-vitenskap","17":"tag-vitenskap-og-teknologi","18":"tag-vitenskapteknologi"},"share_on_mastodon":{"url":"","error":""},"_links":{"self":[{"href":"https:\/\/www.europesays.com\/no\/wp-json\/wp\/v2\/posts\/36519","targetHints":{"allow":["GET"]}}],"collection":[{"href":"https:\/\/www.europesays.com\/no\/wp-json\/wp\/v2\/posts"}],"about":[{"href":"https:\/\/www.europesays.com\/no\/wp-json\/wp\/v2\/types\/post"}],"author":[{"embeddable":true,"href":"https:\/\/www.europesays.com\/no\/wp-json\/wp\/v2\/users\/2"}],"replies":[{"embeddable":true,"href":"https:\/\/www.europesays.com\/no\/wp-json\/wp\/v2\/comments?post=36519"}],"version-history":[{"count":0,"href":"https:\/\/www.europesays.com\/no\/wp-json\/wp\/v2\/posts\/36519\/revisions"}],"wp:featuredmedia":[{"embeddable":true,"href":"https:\/\/www.europesays.com\/no\/wp-json\/wp\/v2\/media\/36520"}],"wp:attachment":[{"href":"https:\/\/www.europesays.com\/no\/wp-json\/wp\/v2\/media?parent=36519"}],"wp:term":[{"taxonomy":"category","embeddable":true,"href":"https:\/\/www.europesays.com\/no\/wp-json\/wp\/v2\/categories?post=36519"},{"taxonomy":"post_tag","embeddable":true,"href":"https:\/\/www.europesays.com\/no\/wp-json\/wp\/v2\/tags?post=36519"}],"curies":[{"name":"wp","href":"https:\/\/api.w.org\/{rel}","templated":true}]}}