{"id":36521,"date":"2025-09-16T05:21:45","date_gmt":"2025-09-16T05:21:45","guid":{"rendered":"https:\/\/www.europesays.com\/no\/36521\/"},"modified":"2025-09-16T05:21:45","modified_gmt":"2025-09-16T05:21:45","slug":"nye-bevis-for-lisa-cook","status":"publish","type":"post","link":"https:\/\/www.europesays.com\/no\/36521\/","title":{"rendered":"Nye bevis for Lisa Cook"},"content":{"rendered":"<p>Fed-guverv\u00f8r Lisa Cook er i hardt v\u00e6r etter \u00e5 ha falt i un\u00e5de med president Donald Trump, noe som f\u00f8rte til at han sparket henne i august.<\/p>\n<p>\u00c5rsaken var at Cook skal ha l\u00f8yet p\u00e5 to l\u00e5nes\u00f8knader i forbindelmed to boligkj\u00f8p i 2021. Dermed anklager Trump henne for bedrageri. Kj\u00f8pene ble gjort i 2021, f\u00f8r Cook ble godkjent av Senatet og startet som guvern\u00f8r i sentralbanken i 2022.<\/p>\n<p>Cook svarte med \u00e5 saks\u00f8ke Trump for \u00e5 suspendere sparkingen.<\/p>\n<p>If\u00f8lge dokumenter <a href=\"https:\/\/www.wsj.com\/economy\/central-banking\/documents-show-lisa-cook-described-property-as-second-home-95877208\" target=\"_blank\" style=\"\" rel=\"nofollow noopener\">Wall Street Journal <\/a>(WSJ) n\u00e5 har gjennomg\u00e5tt beskrives den ene boligen som en sekund\u00e6rbolig i minst to dokumenter.<\/p>\n<p>Det ene dokumentet som er datert 28. mai 2021, gir et overslag p\u00e5 hva det vil koste med et boligl\u00e5n p\u00e5 en eiendom i Atlanta. I feltet for bruksform\u00e5l er det oppgitt feriebolig.<\/p>\n<p><b>I et bakgrunnsjekk-skjema fra desember 2021, i forbindelse med nomineringen til Federal Reserve, er samme bolig oppgitt som sekund\u00e6rbolig.<\/b><\/p>\n<p>Trump-administrasjonen hevder imidlertid at Cook oppga feil informasjon da hun s\u00f8kte om l\u00e5n for boligene i Atlanta og Michigan. Standardiserte l\u00e5neskjemaer viser at hun lovet \u00e5 bo minst ett \u00e5r i begge boliger, med mindre banken gikk med p\u00e5 en annen l\u00f8sning.<\/p>\n<p>\u00c5 oppgi en bolig som prim\u00e6rbolig vil i tilfeller kunne gi en lavere l\u00e5nerente, skrive WSJ.<\/p>\n<p>If\u00f8lge avisen viser dokumentene at Cooks l\u00e5ngivere kan ha v\u00e6rt inneforst\u00e5tt med at boligen i Atlanta ikke var tenkt som prim\u00e6rbolig.<\/p>\n","protected":false},"excerpt":{"rendered":"Fed-guverv\u00f8r Lisa Cook er i hardt v\u00e6r etter \u00e5 ha falt i un\u00e5de med president Donald Trump, noe&hellip;\n","protected":false},"author":2,"featured_media":36522,"comment_status":"","ping_status":"","sticky":false,"template":"","format":"standard","meta":{"footnotes":""},"categories":[12],"tags":[20,21,24,25,15,22,23,4218,13,30,28,29,14,16,26,27,42,43,44,45],"class_list":{"0":"post-36521","1":"post","2":"type-post","3":"status-publish","4":"format-standard","5":"has-post-thumbnail","7":"category-verden","8":"tag-breaking-news","9":"tag-breakingnews","10":"tag-featured-news","11":"tag-featurednews","12":"tag-headlines","13":"tag-latest-news","14":"tag-latestnews","15":"tag-lisa-cook","16":"tag-news","17":"tag-no","18":"tag-norge","19":"tag-norway","20":"tag-nyheter","21":"tag-overskrifter","22":"tag-top-stories","23":"tag-topstories","24":"tag-verden","25":"tag-world","26":"tag-world-news","27":"tag-worldnews"},"share_on_mastodon":{"url":"","error":""},"_links":{"self":[{"href":"https:\/\/www.europesays.com\/no\/wp-json\/wp\/v2\/posts\/36521","targetHints":{"allow":["GET"]}}],"collection":[{"href":"https:\/\/www.europesays.com\/no\/wp-json\/wp\/v2\/posts"}],"about":[{"href":"https:\/\/www.europesays.com\/no\/wp-json\/wp\/v2\/types\/post"}],"author":[{"embeddable":true,"href":"https:\/\/www.europesays.com\/no\/wp-json\/wp\/v2\/users\/2"}],"replies":[{"embeddable":true,"href":"https:\/\/www.europesays.com\/no\/wp-json\/wp\/v2\/comments?post=36521"}],"version-history":[{"count":0,"href":"https:\/\/www.europesays.com\/no\/wp-json\/wp\/v2\/posts\/36521\/revisions"}],"wp:featuredmedia":[{"embeddable":true,"href":"https:\/\/www.europesays.com\/no\/wp-json\/wp\/v2\/media\/36522"}],"wp:attachment":[{"href":"https:\/\/www.europesays.com\/no\/wp-json\/wp\/v2\/media?parent=36521"}],"wp:term":[{"taxonomy":"category","embeddable":true,"href":"https:\/\/www.europesays.com\/no\/wp-json\/wp\/v2\/categories?post=36521"},{"taxonomy":"post_tag","embeddable":true,"href":"https:\/\/www.europesays.com\/no\/wp-json\/wp\/v2\/tags?post=36521"}],"curies":[{"name":"wp","href":"https:\/\/api.w.org\/{rel}","templated":true}]}}